{"id":26695,"date":"2021-01-07T15:56:04","date_gmt":"2021-01-07T15:56:04","guid":{"rendered":"http:\/\/granadacostanacional.es\/?p=26695"},"modified":"2021-01-07T15:56:04","modified_gmt":"2021-01-07T15:56:04","slug":"ciudadanos-asegura-que-los-presupuestos-andaluces-catapultaran-a-granada-a-la-era-post-covid","status":"publish","type":"post","link":"https:\/\/granadacostaglobal.es\/?p=26695","title":{"rendered":"Ciudadanos asegura que los Presupuestos andaluces \u201ccatapultar\u00e1n\u201d a Granada a la era post-Covid"},"content":{"rendered":"<ul>\n<li style=\"text-align: justify;\">\n<h2>El coordinador provincial de Ciudadanos en Granada y alcalde de la capital, Luis Salvador, y la diputada de la formaci\u00f3n naranja en el Parlamento andaluz, Mar S\u00e1nchez, califican las cuentas andaluzas como \u201clas m\u00e1s adecuadas\u201d para \u201cque vuelva a despegar la econom\u00eda de la provincia\u201d, con <strong>\u201cgrandes apuestas de \u2018sello naranja\u2019 como el Consorcio IFMIF-DONES o la ampliaci\u00f3n del Metro\u201d<\/strong><\/h2>\n<\/li>\n<\/ul>\n<p style=\"text-align: justify;\">\n<p style=\"text-align: justify;\"><strong>Granada, jueves 7 de enero de 2021. <\/strong>El coordinador provincial de Ciudadanos (Cs) en Granada y alcalde de la capital, Luis Salvador, y la diputada de la formaci\u00f3n naranja en el Parlamento andaluz, Mar S\u00e1nchez, han coincidido esta ma\u00f1ana en rueda de prensa en calificar los Presupuestos andaluces para 2021 como \u201clas cuentas m\u00e1s adecuadas para reactivar la econom\u00eda granadina y <strong>devolver a la provincia al despegue econ\u00f3mico\u201d <\/strong>que hab\u00eda iniciado con la llegada de Cs a la Junta antes de la pandemia.<\/p>\n<p style=\"text-align: justify;\">\u201cEs indudable que desde la llegada de Cs a la Junta de Andaluc\u00eda, <strong>Granada es por fin sin\u00f3nimo de \u2018potencial\u2019 y de \u2018futuro\u2019<\/strong>. Con estas cuentas para 2021 se vuelve a demostrar esa apuesta decidida por nuestra tierra\u201d, ha asegurado la parlamentaria andaluza Mar S\u00e1nchez, tras destacar el <strong>aumento en los Presupuestos andaluces en un 3,7%, hasta los 40.188 millones de euros<\/strong>, \u201cpara seguir haciendo frente a la pandemia y recuperar Andaluc\u00eda apoyando a nuestras empresas y aut\u00f3nomos\u201d. \u201cSe trata de un Presupuesto donde el 56% est\u00e1 destinado a Sanidad, Educaci\u00f3n y Pol\u00edticas Sociales, en los tres casos, con sus mayores respectivas inversiones de la historia, al mismo tiempo que se siguen bajando los impuestos\u201d, ha dicho.<\/p>\n<p style=\"text-align: justify;\"><a href=\"http:\/\/granadacostanacional.es\/wp-content\/uploads\/2021\/01\/RDP-Luis-Salvador-y-Mar-Sanchez.jpeg-3.jpeg\"><img decoding=\"async\" loading=\"lazy\" class=\"aligncenter size-large wp-image-26698\" src=\"http:\/\/granadacostanacional.es\/wp-content\/uploads\/2021\/01\/RDP-Luis-Salvador-y-Mar-Sanchez.jpeg-3-1024x768.jpeg\" alt=\"RDP Luis Salvador y Mar Sanchez.jpeg 3\" width=\"1024\" height=\"768\" \/><\/a> <a href=\"http:\/\/granadacostanacional.es\/wp-content\/uploads\/2021\/01\/RDP-Luis-Salvador-y-Mar-Sanchez-2.jpeg\"><img decoding=\"async\" loading=\"lazy\" class=\"aligncenter wp-image-26697 size-large\" src=\"http:\/\/granadacostanacional.es\/wp-content\/uploads\/2021\/01\/RDP-Luis-Salvador-y-Mar-Sanchez-2-1024x768.jpeg\" alt=\"RDP Luis Salvador y Mar Sanchez 2\" width=\"1024\" height=\"768\" \/><\/a><\/p>\n<p style=\"text-align: justify;\">\u201cGranada recibe m\u00e1s de <strong>200 millones de euros en proyectos concretos propuestos por Cs tanto desde la Junta de Andaluc\u00eda como desde el grupo parlamentario v\u00eda enmiendas<\/strong>\u201d, ha a\u00f1adido S\u00e1nchez en referencia al \u201cnuevo impulso\u201d en infraestructuras sanitarias para la provincia como los tres nuevos centros de salud en Albu\u00f1ol, Guadix y en el barrio granadino de la Juventud, o las actuaciones relativas a infraestructuras viarias como las mejoras de la carretera Darro-Iznalloz o Baza-Olula del R\u00edo. \u201cTambi\u00e9n se emprenden importantes obras educativas y deportivas como el instituto de Maracena, el centro Jean Piaget o los colegios de Alhend\u00edn y Vegas del Genil, y por supuesto el <strong>Estadio de la Juventud, un ejemplo palmario de c\u00f3mo con Cs en el Gobierno andaluz se han pasado de palabras a hechos,<\/strong> pues e l a\u00f1o que viene estar\u00e1 por fin completamente terminado al servicio de los granadinos\u201d, ha agregado, lamentando que tanto PSOE como Adelante hayan votado en contra de \u201cestas grandes inversiones\u201d para Granada.<\/p>\n<p style=\"text-align: justify;\">Por su parte, el coordinador provincial de Cs, Luis Salvador, ha concretado estas inversiones provinciales, que han sido posibles gracias a un \u201cdi\u00e1logo fluido y fruct\u00edfero\u201d entre la Junta de Andaluc\u00eda, el Ayuntamiento de Granada y el resto de municipios de la provincia, y ha destacado el <strong>Plan Tur\u00edstico de Grandes Ciudades, dotado con m\u00e1s de 10 millones de euros<\/strong>; el Plan Aire, que en su conjunto superan los 18 millones euros; el Plan Alhambra, con m\u00e1s de 23 millones de euros, o las actuaciones en el eje Arabial-Palencia (total de 6,7 millones de euros). \u201cTambi\u00e9n Granada saldr\u00e1 beneficiada de las inversiones de la nueva Agencia Digital, que nacer\u00e1 este a\u00f1o y la que se invertir\u00e1n m\u00e1s de 230 millones a nivel regional, repercutiendo en un proceso de digitalizaci\u00f3n para el turismo, especialmente en la puesta en marcha de los <strong>\u2018destinos tur\u00edsticos inteligentes\u2019 de Granada o Almu\u00f1\u00e9car<\/strong>\u201d, ha explicado, se\u00f1alando que a esta partida se sumar\u00edan a las ayudas a Guadalinfo, con actuaciones por valor de 15 millones de euros en toda la provincia \u201cpara frenar la despoblaci\u00f3n y romper la brecha digital\u201d.<\/p>\n<p style=\"text-align: justify;\">Salvador se ha referido asimismo a dos proyectos estrat\u00e9gicos para la provincia<strong> \u201cmuy ambiciosos\u201d y \u201cgeneradores de riqueza\u201d, como son el Consorcio IFMIF-DONES y la ampliaci\u00f3n del Metro<\/strong>. \u201cGracias a la apuesta de Cs por el acelerador de part\u00edculas desde el minuto uno, esta important\u00edsima infraestructura est\u00e1 tanto en las agendas institucionales donde gobierna Cs, como en las de la oposici\u00f3n donde no estamos en gobierno, pues <strong>el IFMIF-DONES es una de nuestras prioridades que esperamos se materialice en una realidad palpable en breve<\/strong>\u201d, ha dicho Salvador, tras a\u00f1adir las \u201cbondades\u201d tanto para la capital como para el \u00e1rea metropolitana que supondr\u00e1 tambi\u00e9n la ampliaci\u00f3n de la red de Metro. \u201cEsta infraestructura es absolutamente necesaria para la vertebraci\u00f3 n de Granada capital y las ciudades lim\u00edtrofes, en aras de mejorar la accesibilidad, el tr\u00e1fico, la calidad ambiental, y el consecuente impulso econ\u00f3mico que tanto necesitamos\u201d; ha a\u00f1adido. De este modo, el portavoz de la formaci\u00f3n naranja ha concluido que \u201c\u00e9stas y otras partidas permitir\u00e1n catapultar a Granada a la era post-Covid, dejando atr\u00e1s este tiempo tan complicado que nos ha tocado vivir\u201d. \u201cServir\u00e1n para crear empleo, cohesionar socialmente y estar preparados para garantizar una respuesta efectiva ante la Covid\u201d, ha finalizado.<\/p>\n<p style=\"text-align: justify;\"><a href=\"http:\/\/redoficial.citroen.es\/motril\"><img decoding=\"async\" loading=\"lazy\" class=\"aligncenter size-large wp-image-25899\" src=\"http:\/\/granadacostanacional.es\/wp-content\/uploads\/2020\/10\/anuncio-limer-1024x620.jpg\" alt=\"anuncio limer\" width=\"1024\" height=\"620\" \/><\/a><\/p>\n","protected":false},"excerpt":{"rendered":"<p>El coordinador provincial de Ciudadanos en Granada y alcalde de la capital, Luis Salvador, y la diputada de la formaci\u00f3n&hellip;<\/p>\n","protected":false},"author":2,"featured_media":26696,"comment_status":"open","ping_status":"open","sticky":false,"template":"","format":"standard","meta":{"om_disable_all_campaigns":false,"_mi_skip_tracking":false,"_monsterinsights_sitenote_active":false,"_monsterinsights_sitenote_note":"","_monsterinsights_sitenote_category":0,"footnotes":""},"categories":[22],"tags":[],"aioseo_notices":[],"_links":{"self":[{"href":"https:\/\/granadacostaglobal.es\/index.php?rest_route=\/wp\/v2\/posts\/26695"}],"collection":[{"href":"https:\/\/granadacostaglobal.es\/index.php?rest_route=\/wp\/v2\/posts"}],"about":[{"href":"https:\/\/granadacostaglobal.es\/index.php?rest_route=\/wp\/v2\/types\/post"}],"author":[{"embeddable":true,"href":"https:\/\/granadacostaglobal.es\/index.php?rest_route=\/wp\/v2\/users\/2"}],"replies":[{"embeddable":true,"href":"https:\/\/granadacostaglobal.es\/index.php?rest_route=%2Fwp%2Fv2%2Fcomments&post=26695"}],"version-history":[{"count":0,"href":"https:\/\/granadacostaglobal.es\/index.php?rest_route=\/wp\/v2\/posts\/26695\/revisions"}],"wp:featuredmedia":[{"embeddable":true,"href":"https:\/\/granadacostaglobal.es\/index.php?rest_route=\/"}],"wp:attachment":[{"href":"https:\/\/granadacostaglobal.es\/index.php?rest_route=%2Fwp%2Fv2%2Fmedia&parent=26695"}],"wp:term":[{"taxonomy":"category","embeddable":true,"href":"https:\/\/granadacostaglobal.es\/index.php?rest_route=%2Fwp%2Fv2%2Fcategories&post=26695"},{"taxonomy":"post_tag","embeddable":true,"href":"https:\/\/granadacostaglobal.es\/index.php?rest_route=%2Fwp%2Fv2%2Ftags&post=26695"}],"curies":[{"name":"wp","href":"https:\/\/api.w.org\/{rel}","templated":true}]}}