{"id":26682,"date":"2021-01-05T09:59:47","date_gmt":"2021-01-05T09:59:47","guid":{"rendered":"http:\/\/granadacostanacional.es\/?p=26682"},"modified":"2021-01-05T09:59:47","modified_gmt":"2021-01-05T09:59:47","slug":"libro-recomendado-vivir-con-esperanza-de-carlos-benitez-villodres","status":"publish","type":"post","link":"https:\/\/granadacostaglobal.es\/?p=26682","title":{"rendered":"Libro recomendado &#8220;Vivir con esperanza&#8221; de Carlos Ben\u00edtez Villodres"},"content":{"rendered":"<p>Podr\u00e1 leer el libro entero a trav\u00e9s de este enlace\u00a0<a href=\"http:\/\/granadacostanacional.es\/downloads\/Libro Vivir con esperanza.pdf\"><span style=\"color: #ff0000;\">&#8220;Vivir con esperanza&#8221;<\/span><\/a><\/p>\n<p>&nbsp;<\/p>\n<h2 style=\"text-align: center;\">Pr\u00f3logo<\/h2>\n<p>&nbsp;<\/p>\n<p style=\"text-align: justify;\">El presente libro es el canto a la esperanza, la invitaci\u00f3n a beber en las fuentes de la vida, la plegaria al Dios del amor que realiza el poeta Carlos Ben\u00edtez Villodres en la madurez de su extensa obra literaria y desde profundas experiencias personales. Su lectura nos lleva a adentrarnos en lo m\u00e1s hondo de nuestra existencia y nos invita a elevar el esp\u00edritu a las altas cotas de la uni\u00f3n con Dios en el atrayente, y casi desconocido, campo de la m\u00edstica.<\/p>\n<p style=\"text-align: justify;\">Presta tu o\u00eddo, \u00a1oh Dios, luz de mi alma!<br \/>\na esta oraci\u00f3n profunda que, en silencio,<br \/>\nelevo a las alturas de tu gloria,<br \/>\ncomo pulsos de luces que proyectan<br \/>\nsu ansia de salvaci\u00f3n sobre horizontes<br \/>\ny caminos repletos de preguntas.<\/p>\n<p style=\"text-align: justify;\">La vida humana es un complejo camino en el que es decisivo tener clara la meta, encontrar el rumbo. Cuando esto no se logra, la persona anda perdida, desorientada, sin sentido y sin un horizonte hacia el que avanzar con el coraz\u00f3n oprimido por la soledad y la mente llena de interrogantes.<br \/>\nPsicol\u00f3gicamente, la persona que no espera est\u00e1 abocada a la muerte. Las crisis de esperanza son graves y requieren afrontarlas, resolverlas con prontitud y de manera adecuada.<\/p>\n<p style=\"text-align: justify;\">Llevo en mi coraz\u00f3n el desamparo<br \/>\nque engendra cada instante que te pierdo<br \/>\nante lo inevitable de mis muertes<br \/>\ndiarias, como la voz de la tristeza,<br \/>\nespasmos elegiacos del llanto<br \/>\nque quiebra en siete trozos la esperanza<br \/>\nreflejada en su luz y su ventura.<\/p>\n<p style=\"text-align: justify;\">Hay momentos en los que sentimos vac\u00edo, desilusi\u00f3n, hasta frustraci\u00f3n por no encontrar la felicidad en aquello, cosas o personas, por lo que hemos luchado hasta la extenuaci\u00f3n, al comprobar que no llegan a saciar las ansias infinitas del coraz\u00f3n humano.<\/p>\n<p style=\"text-align: justify;\">Desde la soledad, que a mi alma desalienta,<br \/>\nbusco por los caminos de la nueva alborada<br \/>\nla verdad de tu gracia, por m\u00ed tan deseada,<br \/>\nantes que el \u00e1ngel negro nuevamente me mienta.<\/p>\n<p style=\"text-align: justify;\">En este viaje por el mar de la propia historia, con frecuencia oscuro, borrascoso, es imprescindible levantar la mirada para encontrar los astros que nos indiquen la ruta. Son las luces de esperanzas.<\/p>\n<p style=\"text-align: justify;\">Con el alma sangrante, oh Dios, te imploro<br \/>\nque camine contigo en armon\u00eda<br \/>\ny deje mi dolor sobre la fr\u00eda<br \/>\ntierra, donde angustiado sue\u00f1o y lloro.<\/p>\n<p style=\"text-align: justify;\">El tema elegido, como hilo conductor de este hermoso ramillete de poemas, mantiene perenne actualidad. Porque la esperanza protege del desaliento, dilata el coraz\u00f3n, preserva del ego\u00edsmo, permite llevar con paciencia los sufrimientos de la vida y conduce a la alegr\u00eda. Responde al anhelo de encontrar la felicidad personal y colectiva, nos muestra el camino en la b\u00fasqueda de un mundo donde impere la justicia y la verdad, la paz y la aut\u00e9ntica alegr\u00eda.<br \/>\nSiento, oh Dios, en mi vida tu exquisita presencia.<br \/>\nYa no hay en ella abismos ni niebla en desvar\u00edo.<br \/>\nSolamente la habita tu luz, oh brioso r\u00edo<br \/>\nde amor en plenitud que enriquece su esencia<\/p>\n<p style=\"text-align: justify;\">Cada una de las partes del libro son como pelda\u00f1os en la ascensi\u00f3n hacia la b\u00fasqueda de Dios, a la comuni\u00f3n de vida con \u00c9l: Llenarse de Dios, La \u00fanica luz que es vida y Vivir en Dios, culminado con un tr\u00edptico para un ep\u00edlogo que da nombre y sentido al libro, Vivir con Esperanza.<br \/>\nSi hemos afirmado que toda persona necesita estrellas, luces que les guie, estamos convencidos que la serena lectura de esta obra ayudar\u00e1 a ver con claridad lo que verdaderamente merece la pena en la vida.<\/p>\n<p style=\"text-align: justify;\">Contigo nada temo, aunque se halle bald\u00edo<br \/>\nel valle que transforma en calidez mi fr\u00edo.<br \/>\nAsido a tus bondades, la voz de mi conciencia<\/p>\n<p style=\"text-align: justify;\">se hace eco inmaculado de la paz de esa estrella<br \/>\nde vida fecundante que con su fe descuella<br \/>\nsobre lo temporal de un mundo bienamado,<\/p>\n<p style=\"text-align: justify;\">que en su seno percibe tu palabra de vida,<br \/>\ndonde la fe se nutre y es por ti sostenida<br \/>\npara gozo y fortuna del viajero extraviado.<\/p>\n<p style=\"text-align: right;\">\nFrancisco Gonz\u00e1lez G\u00f3mez<br \/>\nRector del Seminario Mayor<br \/>\nDiocesano de M\u00e1laga<\/p>\n<p style=\"text-align: right;\"><strong><a href=\"https:\/\/www.restauranteelpenon.es\/\"><img decoding=\"async\" loading=\"lazy\" class=\"aligncenter size-full wp-image-25846\" src=\"http:\/\/granadacostanacional.es\/wp-content\/uploads\/2020\/10\/Pe\u00f1\u00f3n-s.gif\" alt=\"Pe\u00f1\u00f3n s\" width=\"850\" height=\"562\" \/><\/a><\/strong><\/p>\n","protected":false},"excerpt":{"rendered":"<p>Podr\u00e1 leer el libro entero a trav\u00e9s de este enlace\u00a0&#8220;Vivir con esperanza&#8221; &nbsp; Pr\u00f3logo &nbsp; El presente libro es el&hellip;<\/p>\n","protected":false},"author":2,"featured_media":26683,"comment_status":"open","ping_status":"open","sticky":false,"template":"","format":"standard","meta":{"om_disable_all_campaigns":false,"_mi_skip_tracking":false,"_monsterinsights_sitenote_active":false,"_monsterinsights_sitenote_note":"","_monsterinsights_sitenote_category":0,"footnotes":""},"categories":[21,29,30],"tags":[],"aioseo_notices":[],"_links":{"self":[{"href":"https:\/\/granadacostaglobal.es\/index.php?rest_route=\/wp\/v2\/posts\/26682"}],"collection":[{"href":"https:\/\/granadacostaglobal.es\/index.php?rest_route=\/wp\/v2\/posts"}],"about":[{"href":"https:\/\/granadacostaglobal.es\/index.php?rest_route=\/wp\/v2\/types\/post"}],"author":[{"embeddable":true,"href":"https:\/\/granadacostaglobal.es\/index.php?rest_route=\/wp\/v2\/users\/2"}],"replies":[{"embeddable":true,"href":"https:\/\/granadacostaglobal.es\/index.php?rest_route=%2Fwp%2Fv2%2Fcomments&post=26682"}],"version-history":[{"count":0,"href":"https:\/\/granadacostaglobal.es\/index.php?rest_route=\/wp\/v2\/posts\/26682\/revisions"}],"wp:featuredmedia":[{"embeddable":true,"href":"https:\/\/granadacostaglobal.es\/index.php?rest_route=\/"}],"wp:attachment":[{"href":"https:\/\/granadacostaglobal.es\/index.php?rest_route=%2Fwp%2Fv2%2Fmedia&parent=26682"}],"wp:term":[{"taxonomy":"category","embeddable":true,"href":"https:\/\/granadacostaglobal.es\/index.php?rest_route=%2Fwp%2Fv2%2Fcategories&post=26682"},{"taxonomy":"post_tag","embeddable":true,"href":"https:\/\/granadacostaglobal.es\/index.php?rest_route=%2Fwp%2Fv2%2Ftags&post=26682"}],"curies":[{"name":"wp","href":"https:\/\/api.w.org\/{rel}","templated":true}]}}