{"id":26676,"date":"2021-01-05T09:39:02","date_gmt":"2021-01-05T09:39:02","guid":{"rendered":"http:\/\/granadacostanacional.es\/?p=26676"},"modified":"2021-01-05T09:39:02","modified_gmt":"2021-01-05T09:39:02","slug":"libro-recomendado-cristo-rey-de-reyes-de-jose-jaime-capel-molina","status":"publish","type":"post","link":"https:\/\/granadacostaglobal.es\/?p=26676","title":{"rendered":"Libro recomendado &#8220;Cristo, Rey de Reyes&#8221; de Jos\u00e9 Jaime Capel Molina"},"content":{"rendered":"<p>Podr\u00e1 leer el libro entero a trav\u00e9s de este enlace\u00a0<span style=\"color: #3366ff;\"><a style=\"color: #3366ff;\" href=\"http:\/\/granadacostanacional.es\/downloads\/Rey de Reyes.pdf\">&#8220;Cristo, Rey de Reyes&#8221;<\/a><\/span><\/p>\n<p>&nbsp;<\/p>\n<p style=\"text-align: center;\">CRISTO, REY DE REYES<\/p>\n<p style=\"text-align: center;\">\nQuien es Verdad y ense\u00f1a<br \/>\npiadoso amor, paz, esperanza y Vida,<br \/>\n\u00bfpor qu\u00e9 el hombre desde\u00f1a,<br \/>\ncon vana acci\u00f3n torcida,<br \/>\na su bienhechor? Raudo el alma olvida,<\/p>\n<p style=\"text-align: center;\">sin duelo, ni desvelo.<br \/>\nQu\u00e9 no dar\u00eda yo por conocerte<br \/>\ny entrar al sacro cielo.<br \/>\nMi anhelo merecerte,<br \/>\n\u00a1cu\u00e1nto tiempo a\u00fan Se\u00f1or!, \u00a1sin ti!, \u00a1sin verte!<\/p>\n<p style=\"text-align: center;\">Cuidas al fiel y al malo,<br \/>\nquisiera ser tu leal samaritano,<br \/>\ndame Agua Viva, ese halo,<br \/>\neterno soberano,<br \/>\nRey de Reyes, del amar sobrehumano.<\/p>\n<p style=\"text-align: center;\">\u00danica potestad,<br \/>\nsosiegas al mortal en la tristura,<br \/>\nsalvas nuestra orfandad<br \/>\ncon tal alta hechura,<br \/>\nque todo lo vistes de tu hermosura.<\/p>\n<p style=\"text-align: center;\">Corriste cruel sendero<br \/>\npor quien solo es de humo y polvo nacido,<br \/>\nsoy deudor por entero,<br \/>\nte llevo en m\u00ed dormido,<br \/>\ncompa\u00f1ero del alma consentido.<\/p>\n<p style=\"text-align: center;\">En lance fervoroso<br \/>\nquiero enjugar arrebol de tu herida,<br \/>\na tu amor deseoso<br \/>\nfortaleza rendida,<br \/>\npara entrar a la patria prometida.<\/p>\n<p style=\"text-align: center;\">Al par que serafines<br \/>\nte ensalzo, en rima de amor arrobado<br \/>\ny coro de violines,<br \/>\nde ardida fe abrasado,<br \/>\nquien en la Trinidad fue bautizado.<\/p>\n<p><a href=\"https:\/\/www.frutaselporton.es\/apps\/wa1\/Pizarra.html\"><img decoding=\"async\" loading=\"lazy\" class=\"aligncenter size-full wp-image-25341\" src=\"http:\/\/granadacostanacional.es\/wp-content\/uploads\/2020\/09\/El-port\u00f3n.gif\" alt=\"El port\u00f3n\" width=\"787\" height=\"394\" \/><\/a><\/p>\n","protected":false},"excerpt":{"rendered":"<p>Podr\u00e1 leer el libro entero a trav\u00e9s de este enlace\u00a0&#8220;Cristo, Rey de Reyes&#8221; &nbsp; CRISTO, REY DE REYES Quien es&hellip;<\/p>\n","protected":false},"author":2,"featured_media":26677,"comment_status":"open","ping_status":"open","sticky":false,"template":"","format":"standard","meta":{"om_disable_all_campaigns":false,"_mi_skip_tracking":false,"_monsterinsights_sitenote_active":false,"_monsterinsights_sitenote_note":"","_monsterinsights_sitenote_category":0,"footnotes":""},"categories":[21,29,30],"tags":[],"aioseo_notices":[],"_links":{"self":[{"href":"https:\/\/granadacostaglobal.es\/index.php?rest_route=\/wp\/v2\/posts\/26676"}],"collection":[{"href":"https:\/\/granadacostaglobal.es\/index.php?rest_route=\/wp\/v2\/posts"}],"about":[{"href":"https:\/\/granadacostaglobal.es\/index.php?rest_route=\/wp\/v2\/types\/post"}],"author":[{"embeddable":true,"href":"https:\/\/granadacostaglobal.es\/index.php?rest_route=\/wp\/v2\/users\/2"}],"replies":[{"embeddable":true,"href":"https:\/\/granadacostaglobal.es\/index.php?rest_route=%2Fwp%2Fv2%2Fcomments&post=26676"}],"version-history":[{"count":0,"href":"https:\/\/granadacostaglobal.es\/index.php?rest_route=\/wp\/v2\/posts\/26676\/revisions"}],"wp:featuredmedia":[{"embeddable":true,"href":"https:\/\/granadacostaglobal.es\/index.php?rest_route=\/"}],"wp:attachment":[{"href":"https:\/\/granadacostaglobal.es\/index.php?rest_route=%2Fwp%2Fv2%2Fmedia&parent=26676"}],"wp:term":[{"taxonomy":"category","embeddable":true,"href":"https:\/\/granadacostaglobal.es\/index.php?rest_route=%2Fwp%2Fv2%2Fcategories&post=26676"},{"taxonomy":"post_tag","embeddable":true,"href":"https:\/\/granadacostaglobal.es\/index.php?rest_route=%2Fwp%2Fv2%2Ftags&post=26676"}],"curies":[{"name":"wp","href":"https:\/\/api.w.org\/{rel}","templated":true}]}}