{"id":26643,"date":"2021-01-02T11:59:43","date_gmt":"2021-01-02T11:59:43","guid":{"rendered":"http:\/\/granadacostanacional.es\/?p=26643"},"modified":"2021-01-02T11:59:43","modified_gmt":"2021-01-02T11:59:43","slug":"presentacion-de-la-pintora-caridad-munoz-munoz","status":"publish","type":"post","link":"https:\/\/granadacostaglobal.es\/?p=26643","title":{"rendered":"Presentaci\u00f3n de la pintora Caridad Mu\u00f1oz Mu\u00f1oz"},"content":{"rendered":"<p style=\"text-align: justify;\">Caridad naci\u00f3 en Loja (Granada), vive en Granada, aunque pasa frecuentes temporadas en Palma de Mallorca. Ejerci\u00f3 como profesora de dise\u00f1o y moda, y de formaci\u00f3n profesional en Patronaje, Escalado y Confecci\u00f3n Industrial. Es creadora experimental, pintora e investigadora pl\u00e1stica. Empez\u00f3 a pintar en su infancia y lo retom\u00f3 plenamente tras una jubilaci\u00f3n temprana, tomando clases y asistiendo a talleres de pintura y creaci\u00f3n.<\/p>\n<p style=\"text-align: justify;\">Utiliza el color como esencia de vida, ha evolucionado y cambiado de temas y t\u00e9cnicas, influenciada por acontecimientos acaecidos a ella, o en el entorno. Explora en formas y nuevas t\u00e9cnicas, mezclando los distintos colores, con pinceles, esp\u00e1tulas, vertidos y \u00f3leo, acuarela, pastel, acr\u00edlico, tintas al alcohol y resina epoxi pigmentada.<\/p>\n<p style=\"text-align: justify;\">Las obras que ejecuta reflejan sentimientos, vivencias, sensaciones, a\u00f1oranzas, deseos, tristezas, todo fusionado y dependiendo del momento. La pasi\u00f3n por las formas, plasmando el amor en la creatividad, es su objetivo primordial.<\/p>\n<p style=\"text-align: justify;\">En sus \u00faltimas creaciones utiliza sobre todo tintas al alcohol y resina epoxi pigmentada. Ha investigado y estudiado hasta conseguir dominarlos y poder crear obras que impactan y sorprenden a quienes las admiran, por su diferencia de t\u00e9cnica y el aspecto original y llamativo, con fascinantes combinaciones de gran intensidad y equilibrio. Sus obras muestran profundidad y ligereza, son emociones en color. La realidad se disuelve, domina el misterio, el ensue\u00f1o, est\u00e1n llenas de temperamento e impulso, testificando la espontaneidad y energ\u00eda positiva. Con ellas expresa su ser m\u00e1s profundo e \u00edntimo, compartiendo sus ganas de vivir. Para ella, crear es una interna y constante necesidad.<\/p>\n<p style=\"text-align: justify;\">&#8220;EL COLOR COMO INSPIRACI\u00d3N&#8221; es el t\u00edtulo de la exposici\u00f3n individual que present\u00f3 en Palma de Mallorca en 2018. \u00a0Dado su \u00e9xito y el inter\u00e9s que despert\u00f3 en la Isla Balear volvi\u00f3 a ser expuesta en Granada en 2019. Son obras cuentan con colores brillantes y ricos, que se desarrollan de manera abstracta, procurando conducir a quien las contempla a un mundo irreal, imaginario.<\/p>\n<p style=\"text-align: justify;\">En su pr\u00f3xima exposici\u00f3n \u201cPINTAR, UN MOTIVO PARA VIVIR\u201d expondr\u00e1 diferentes obras, realizadas en tres t\u00e9cnicas distintas. El color es predominante, e invita a sentir alegr\u00eda, paz, serenidad y sosiego ante esta etapa de pandemia que estamos padeciendo.<\/p>\n<p style=\"text-align: justify;\">Ha expuesto individualmente en diversos eventos pict\u00f3ricos en Palma de Mallorca y Granada; tambi\u00e9n, en exposiciones colectivas en varios sitios de Espa\u00f1a, como Granada, Palma de Mallorca, Torremirona, Gand\u00eda, M\u00e1laga, Tedejo-Bierzo Alto, Barcelona, Ampuriabrava, Gerona, Madrid, Zaragoza, Figueres, C\u00f3rdoba y Monz\u00f3n. Fuera de Espa\u00f1a en Italia (Mil\u00e1n, Roma, Sicilia, Venecia), EE. UU. (Miami), Suecia (Estocolmo), Alemania (Berl\u00edn), Georgia (Tiblisi), Egipto (Alejandr\u00eda), M\u00e9jico (Jalisco) y Marruecos.<\/p>\n<p style=\"text-align: justify;\">Hay obras suyas en colecciones privadas de Palma de Mallorca, Galicia, Lleida, Granada, Madrid, Puerto Rico, Inglaterra y Alemania.<\/p>\n<p><a href=\"http:\/\/granadacostanacional.es\/wp-content\/uploads\/2021\/01\/2020-10-09-Cari-Mu\u00f1oz.jpeg\"><img decoding=\"async\" loading=\"lazy\" class=\"aligncenter size-large wp-image-26646\" src=\"http:\/\/granadacostanacional.es\/wp-content\/uploads\/2021\/01\/2020-10-09-Cari-Mu\u00f1oz-1024x461.jpeg\" alt=\"2020-10-09 Cari Mu\u00f1oz\" width=\"1024\" height=\"461\" \/><\/a><\/p>\n<p>&nbsp;<\/p>\n<p style=\"text-align: center;\"><strong>COMENTARIOS SOBRE SUS OBRAS<\/strong><\/p>\n<p>&nbsp;<\/p>\n<p style=\"text-align: justify;\">Las cristalinas aguas del r\u00edo Darro, se recrearon desde el amanecer de la aurora, contemplando a una linda chiquilla que jugaba como una florecilla m\u00e1s entre las que perfumaban el bosque de la Alhambra, en el recoleto \u201cCarmen del Granadillo&#8221;, donde los duendecillos de la floresta con la que se viste la Sultana Alhambra, le regalaron sus primeros pinceles, en una tarde en la que el Sol a rega\u00f1adientes se marchaba, porque quer\u00eda que dejara plasmado en una simple cuartilla este colorido atardecer, la hicieron pintora para la eternidad.<\/p>\n<p style=\"text-align: justify;\">Cari Mu\u00f1oz, artista sumamente acreditada, su nombre ya flota en el aire a nivel internacional, galardonado con los mejores laureles con los que se puede premiar su arte. Su estilo pict\u00f3rico causa admiraci\u00f3n en todas las galer\u00edas donde se est\u00e1 exhibiendo, domina a la perfecci\u00f3n, la mezcla de la resina y\/o las tintas al alcohol y t\u00e9cnica mixta con el color,\u00a0creando obras donde se manifiestan los sentimientos, tanto de euforia como de tristeza en determinados momentos de su caminar art\u00edstico, porque su vida y su obra forman un solo cuerpo.<\/p>\n<p style=\"text-align: justify;\">Expresa con una elegancia especial lo que siente al construir sus pinturas. Ella supo surgir del dolor de lo que perdi\u00f3 que era el centro de su vida y ha surgido como el Ave F\u00e9nix, alcanzando el triunfo.<\/p>\n<p style=\"text-align: justify;\">Contemplando sus obras, donde la resina en perfecta armon\u00eda con el color crea una innovaci\u00f3n en el arte pict\u00f3rico, y el espectador al contemplarlas se siente atra\u00eddo por la belleza en una cascada de policrom\u00eda excepcional, donde la abstracci\u00f3n impresiona, dejando vestigios de realismo que, hay que descubrirlos porque existen.<\/p>\n<p style=\"text-align: justify;\">Los m\u00e1s bellos colores impregnados de la magia y el embrujo de un atardecer en Granada, bajaron del Cielo como aves mensajeras para posarse en los lienzos u otros materiales, plataformas de belleza sin igual por los pinceles de un \u00e1ngel apol\u00edneo, que derrocha arte a raudales, seduciendo a todo aquel que los contempla. Sultana del Bosque de la Alhambra, que el lugar donde vivi\u00f3 le dej\u00f3 gran influencia de ese bosque y su entorno.<\/p>\n<p style=\"text-align: justify;\">La luz del triunfo est\u00e1 al alcance de la policrom\u00eda de sus grandes obras pict\u00f3ricas, el orbe entero tiene que conocer que la ciudad de Granada ha dado a luz una gran pintora. Cari Mu\u00f1oz.<\/p>\n<p style=\"text-align: right;\"><strong>Jos\u00e9 Medina Villalba.<\/strong><\/p>\n<p style=\"text-align: right;\"><strong>Profesor, pintor y escritor.<\/strong><\/p>\n<p>&nbsp;<\/p>\n<p>&nbsp;<\/p>\n<p>&nbsp;<\/p>\n<p style=\"text-align: justify;\">Qu\u00e9 tendr\u00e1 el color que con solo mirarlo es capaz de cambiar nuestro estado de \u00e1nimo. Pues si adem\u00e1s adquirimos el poder de manipularlo nos encontramos inmersos en un mundo de infinitas y m\u00e1gicas posibilidades.<\/p>\n<p style=\"text-align: justify;\">Cari, aqu\u00ed en estos hermosos cuadros demuestra su maestr\u00eda y amor por las formas y el color elev\u00e1ndolas a la categor\u00eda de arte. Y est\u00e1 claro que ha disfrutado en el proceso; tomando su libertad de expresi\u00f3n por bandera, y como una maga ha creado mundos y espacio irreales, d\u00e1ndoles la posibilidad de ser vistos por todo el que se acerque a ellos.<\/p>\n<p style=\"text-align: justify;\">Cuadros los de Cari Mu\u00f1oz, que te trasladan a otra dimensi\u00f3n, la del misterioso y sugerente mundo del inconsciente en incesante lucha con lo terrenal, habiendo ganado aqu\u00ed la imaginaci\u00f3n.<\/p>\n<p>&nbsp;<\/p>\n<p style=\"text-align: right;\"><strong>Luz L\u00f3pez.<\/strong><\/p>\n<p style=\"text-align: right;\"><strong>Pintora y Profesora de pintura.<\/strong><\/p>\n<p>&nbsp;<\/p>\n<p>&nbsp;<\/p>\n<p style=\"text-align: justify;\">Cari Mu\u00f1oz utiliza una t\u00e9cnica innovadora, impregnada de vivos colores, como la vida misma, que sorprenden por su fuerza y por su armon\u00eda.<\/p>\n<p style=\"text-align: justify;\">Desde que comenc\u00e9 a contemplar sus creaciones, me impact\u00f3 el estilo tan personal de esta pintora. Hay tanto que descubrir en sus cuadros, tantos anhelos con ansias de trascendencia<\/p>\n<p style=\"text-align: justify;\">A veces, su inspiraci\u00f3n traspasa la frontera del mundo real y se sumerge en el subconsciente, en lo imaginado u olvidado, plasmando -yo dir\u00eda, implementando- recuerdos, sentimientos y vivencias que afloran impetuosamente como el magma de un volc\u00e1n del cual emergieran esp\u00edritus insondables.<\/p>\n<p style=\"text-align: justify;\">Ese reencuentro con ella misma, con su presente y su pasado, lo consigue a trav\u00e9s del color, su mejor fuente de inspiraci\u00f3n, logrando con ello una verdadera catarsis emocional, corporal y espiritual.<\/p>\n<p>&nbsp;<\/p>\n<p style=\"text-align: right;\"><strong>\u00c1ngel Morales.<\/strong><br \/>\n<strong> Psic\u00f3logo y Pedagogo.<\/strong><\/p>\n<p>&nbsp;<\/p>\n<p>&nbsp;<\/p>\n<p style=\"text-align: justify;\">Cari, en este caso tambi\u00e9n me atrevo a distinguir el fondo (tema) y la forma (lo pl\u00e1stico) El tema es triste y as\u00ed parece que lo plasmas en la distancia\/separaci\u00f3n\/aislamiento entre las figuras de los &#8220;migrantes&#8221;. \u00a0Pero el tratamiento pl\u00e1stico est\u00e1, tan propio de ti, lleno de colorido y vistosidad. Me gusta mucho el conjunto. (Sobre la obra, MIGRANTES)<\/p>\n<p style=\"text-align: justify;\">Precioso, Cari, \u00a1por el colorido y por el contexto en que enmarcas la obra! \u201c\u00cdCARO\u201d<\/p>\n<p style=\"text-align: justify;\">Felicitaciones, Cari. Tu pintura, tan personal y bella, \u00a1debe darse a conocer por todas partes! (Sobre la exposici\u00f3n ARTE PARA 4, en Sala Aires de C\u00f3rdoba, enero 2019.)<\/p>\n<p style=\"text-align: right;\"><strong>Jos\u00e9 Collados.<\/strong><\/p>\n<p style=\"text-align: right;\"><strong>Profesor y Grabador en madera.<\/strong><\/p>\n<p style=\"text-align: right;\"><a href=\"http:\/\/granadacostanacional.es\/wp-content\/uploads\/2021\/01\/5-20201229_Cari-en-su-estudio-en-pintura.jpg\"><img decoding=\"async\" loading=\"lazy\" class=\"aligncenter size-large wp-image-26647\" src=\"http:\/\/granadacostanacional.es\/wp-content\/uploads\/2021\/01\/5-20201229_Cari-en-su-estudio-en-pintura-1024x498.jpg\" alt=\"5-20201229_Cari en su estudio en pintura\" width=\"1024\" height=\"498\" \/><\/a><\/p>\n<p style=\"text-align: center;\"><strong>EXPOSICIONES EN QUE HA PARTICIPADO CARIDAD MU\u00d1OZ MU\u00d1OZ<\/strong><\/p>\n<p style=\"text-align: justify;\">2021<\/p>\n<ul style=\"text-align: justify;\">\n<li>18 al 25 de febrero: Exposici\u00f3n mundial del \u201cELIXIR\u201d (ArteAdisca)\n<ul>\n<li>Organiza Asociaci\u00f3n de velas de la Paz se mostrar\u00e1 en una gran pantalla en el escenario del Centro Cultural de Kafar &#8211; DAMASCO \u2013 SIRIA<\/li>\n<\/ul>\n<\/li>\n<li>14 al 17 febrero: Exposici\u00f3n Internacional de Bellas Artes Lotus Libya 2021 (ArteAdisca)\n<ul>\n<li>Al-Zawiya. AInternational \u201cExhibition of Fine Arts Exhibition\u201d LOTUS- LIBYA<\/li>\n<\/ul>\n<\/li>\n<\/ul>\n<p style=\"text-align: justify;\">2020<\/p>\n<ul style=\"text-align: justify;\">\n<li>14 diciembre al 30 enero: \u201cEXPOSICI\u00d3N DE NAVIDAD\u201d\n<ul>\n<li>Galer\u00eda ArteAdisca, M\u00c1LAGA &#8211; ESPA\u00d1A<\/li>\n<\/ul>\n<\/li>\n<li>21 noviembre al 15 enero: Exposici\u00f3n Internacional \u201cENCUENTRO DE DOS MUNDOS\u201d\n<ul>\n<li>Museo Del Tequila de JALISCO &#8211; MEXICO<\/li>\n<\/ul>\n<\/li>\n<li>23 octubre al 30 noviembre: \u201cX EXPOSICI\u00d3N PICASSIANA\u201d\n<ul>\n<li>Galer\u00eda ArteAdisca, M\u00c1LAGA &#8211; ESPA\u00d1A<\/li>\n<\/ul>\n<\/li>\n<li>20 octubre: \u201cBRICCOLA DAL MARE AL CIELO\u201d\n<ul>\n<li>(ITACA) Scuola Grande San Teodoro, VENECIA &#8211; ITALIA<\/li>\n<\/ul>\n<\/li>\n<li>4 al 11 octubre: colectiva \u201cXVII FERIA DE ARTE INTERACIONAL-ARTERIACIUDAD\u201d\n<ul>\n<li>(ITACA) MONZ\u00d3N &#8211; HUESCA<\/li>\n<\/ul>\n<\/li>\n<li>6 agosto: \u201cROMA 2020\u201d (ITACA)\n<ul>\n<li>Galer\u00eda II Laboratorio, TRASTEVERE &#8211; ROMA<\/li>\n<\/ul>\n<\/li>\n<li>23 a 30 julio: \u201cBE WATER AND COLOR\u201d STOCKHOLM\u00b420\n<ul>\n<li>(ITACA) Galleria Bellman, ESTOCOLMO- SUECIA<\/li>\n<\/ul>\n<\/li>\n<li>3 julio al 5 agosto: \u201cMIRADA IBEROAMERICA\u201d\n<ul>\n<li>(ITACA) Teleorman County Museum, ALEXANDRIA \u2013 EGIPTO<\/li>\n<\/ul>\n<\/li>\n<li>13 marzo: colectiva \u201carte HAPPY\u201d\n<ul>\n<li>Sala Aires, C\u00d3RDOBA -ESPA\u00d1A<\/li>\n<\/ul>\n<\/li>\n<li>5 marzo: colectiva MUJER INTERNACIONAL \u201cPEN\u00c9LOPE NO ESPERA M\u00c1S\u201d\n<ul>\n<li>(ITACA) Galer\u00eda Espai Nauart BARCELONA &#8211; ESPA\u00d1A<\/li>\n<\/ul>\n<\/li>\n<li>1 febrero, \u201cIBERIAS\u201d\n<ul>\n<li>(ITACA) galer\u00eda de Maiko Nanobashvili de TIBLISI, GEORGIA<\/li>\n<\/ul>\n<\/li>\n<li>23 enero al 1 marzo: colectiva, \u201cFLORA Y FAUNA DE LA ALHAMBRA\u201d\n<ul>\n<li>Taller de Artes Pl\u00e1sticas Picasso, Caja Granada, GRANADA &#8211; ESPA\u00d1A<\/li>\n<\/ul>\n<\/li>\n<li>Enero: colectiva \u201c1\u00ba SALON ITACA\u201d\n<ul>\n<li>Galer\u00eda IMAGINARTE, BARCELONA \u2013 ESPA\u00d1A<\/li>\n<\/ul>\n<\/li>\n<\/ul>\n<p style=\"text-align: justify;\">2019<\/p>\n<ul style=\"text-align: justify;\">\n<li>21 de diciembre al 30 enero: &#8220;DIALOGHI FRA POPOLI E CULTURE\u201d MOSTRA Goyar International\n<ul>\n<li>Castello Chiaramontano Di Racalmuto Agrigent SICILIA \u2013 ITALIA<\/li>\n<\/ul>\n<\/li>\n<li>18 al 22 diciembre: &#8220;UN NADAL PER A TOTHOM&#8221; Proyecto DesaTart,\n<ul>\n<li>Feria de Arte FIGUERES (GIRONA) ESPA\u00d1A<\/li>\n<\/ul>\n<\/li>\n<li>15 diciembre al 31 enero: &#8220;SUE\u00d1OS DE NAVIDAD II\u201d\n<ul>\n<li>C\u00edrculo Art\u00edstico Reino de Valencia, GAND\u00cdA, VALENCIA &#8211; ESPA\u00d1A<\/li>\n<\/ul>\n<\/li>\n<li>12 diciembre al 2 enero: &#8220;EXPOSICI\u00d3N DE NAVIDAD 2019&#8221;\n<ul>\n<li>Prado Goyart Galery MADRID &#8211; ESPA\u00d1A<\/li>\n<\/ul>\n<\/li>\n<li>Diciembre: Hernan Gamboa Gallery, &#8220;ARTE BASEL&#8221;\n<ul>\n<li>Goyart Gallery.SolutionArt, MIAMI, FLORIDA &#8211; EEUU<\/li>\n<\/ul>\n<\/li>\n<li>1 diciembre al 15 enero: &#8220;REGALA ARTE DEL BUENO&#8221;\n<ul>\n<li>DesAtar Espai Transt de FIGUERES, GIRONA ESPA\u00d1A<\/li>\n<\/ul>\n<\/li>\n<li>Noviembre: &#8220;POR LA FRATERNIDAD&#8221;\n<ul>\n<li>(Goyart Gallery) Galer\u00eda CC MONTJUIC, BARCELONA &#8211; ESPA\u00d1A<\/li>\n<\/ul>\n<\/li>\n<li>Noviembre: &#8220;BERL\u00cdN 2019-30 YEARS&#8221;\n<ul>\n<li>HER Studio BuIlding (Goyart Gallery Internacional), BERL\u00cdN &#8211; ALEMANIA<\/li>\n<\/ul>\n<\/li>\n<li>Noviembre: Colectiva &#8220;1\u00ba Sal\u00f3n de Oto\u00f1o ITACA&#8221; (Internacional Tour de Arte y Cultura Asociaci\u00f3n)\n<ul>\n<li>Prado Goyart Gallery, MADRID &#8211; EPA\u00d1A<\/li>\n<\/ul>\n<\/li>\n<li>25 octubre al 30 noviembre: &#8220;IX EXPOSICI\u00d3N INTERNACIONAL PICASSIANA\u201d\n<ul>\n<li>Galer\u00eda ArteAdiscar, M\u00c1LAGA &#8211; ESPA\u00d1A<\/li>\n<\/ul>\n<\/li>\n<li>Octubre, \u201cINTERNACIONAL EXPOSICI\u00d3N\u201d\n<ul>\n<li>DesaTart, V\u00eda della Pigna 13, ROMA &#8211; ITALIA<\/li>\n<\/ul>\n<\/li>\n<li>Octubre y noviembre: Colectiva\n<ul>\n<li>\u201cGALER\u00cdA <a href=\"https:\/\/www.facebook.com\/crearium\/?__tn__=K-R&amp;eid=ARCeOcRmsUhcnPldUhI8pKeW9b421_An3KdrZjcBiDII0Umo6VoO6ZJlNff0PhXDPQFZdnAW2AiompVm&amp;fref=mentions&amp;__xts__%5B0%5D=68.ARCDi09eZ8XuJVF6sTHI6VZgDCnnG7GlO9hCX1fF73fraoqZWthJZ7hu0h8SyQ6c15JHNPNvq_grCe706z2XHNgyBvtvtfPlR_t8LtyDBmD1IIw8dl6hXZEjlQn2kfxDu0ZrGwroHTcTBJFR1MoBGEQoxJ2jzmZeEZQei73Ul63aknz6wn0_by4W4m0jbfnIra6JW3yyUMNmRCQ04Q\">CREARIUM<\/a>\u201d MONZ\u00d3N, HUESCA &#8211; ESPA\u00d1A<\/li>\n<\/ul>\n<\/li>\n<li>19 y 20 octubre: Colectiva &#8220;ANTIGUOS ALUMNOS COLEGIO AVE MAR\u00cdA&#8221;\n<ul>\n<li>Internado Del Ave Mar\u00eda, GRANADA &#8211; ESPA\u00d1A<\/li>\n<\/ul>\n<\/li>\n<li>6 al 13 octubre: Colectiva y panel de 150x100cm. &#8220;ESPACIO ARTE FERIA PILAR ZARAGOZA&#8221;\n<ul>\n<li>Prado Goyart Gallery, ZARAGOZA &#8211; ESPA\u00d1A<\/li>\n<\/ul>\n<\/li>\n<li>25-Septiembre: Colectiva internacional &#8220;<a href=\"https:\/\/www.facebook.com\/Miamihispanicculturalartscenter\/\">MIAMI HISPANIC CULTURAL ARTS CENTER<\/a>&#8221;\n<ul>\n<li>(Goyart Gallery) MIAMI &#8211; EEUU<\/li>\n<\/ul>\n<\/li>\n<li>13 septiembre al 15 octubre: Colectiva &#8220;ART INTERNATIONAL&#8221;\n<ul>\n<li>Galer\u00eda de arte Castell Blanc, EMPURIABRAVA, GIRONA &#8211; ESPA\u00d1A<\/li>\n<\/ul>\n<\/li>\n<li>4 al 23 septiembre: colectiva en\n<ul>\n<li>&#8220;Prado Goyart Gallery&#8221; MADRID &#8211; ESPA\u00d1A<\/li>\n<\/ul>\n<\/li>\n<li>16 agosto al 3 septiembre: \u201cEXPOSICI\u00d3N A TRES\u201d\n<ul>\n<li>Prado Goyart Gallery MADRID &#8211; ESPA\u00d1A<\/li>\n<\/ul>\n<\/li>\n<li>21 julio al 30 septiembre: Colectiva &#8220;CREADORES DEL MUNDO&#8221;\n<ul>\n<li>C\u00edrculo Art\u00edstico Reino De Valencia, GAND\u00cdA, VALENCIA &#8211; ESPA\u00d1A<\/li>\n<\/ul>\n<\/li>\n<li>12 julio al 4 agosto: Colectiva &#8220;ART FAIR COSTA BRAVA&#8221;\n<ul>\n<li>Galer\u00eda Castell Blanc, DesAtar, EMPURIABRAVA, GIRONA &#8211; ESPA\u00d1A<\/li>\n<\/ul>\n<\/li>\n<li>24 al 26 junio: Colectiva &#8220;3\u00ba ART CREATORS&#8221;,\n<ul>\n<li>Galer\u00eda de Arte del Palazzo dei Giureconsulti de MIL\u00c1N &#8211; ITALIA<\/li>\n<\/ul>\n<\/li>\n<li>21 junio al 20 Julio: Colectiva &#8220;EXPLOSI\u00d3N DE VIDA&#8221;\n<ul>\n<li>Galer\u00eda ArtMallorca, PALMA DE MALLORCA, BALEARES &#8211; ESPA\u00d1A<\/li>\n<\/ul>\n<\/li>\n<li>20 junio al 10 julio: Colectiva, &#8220;ELLAS DEJAN HUELLA EN EL ARTE&#8221;\n<ul>\n<li>Galer\u00eda Castell Blanc, Desatar, EMPURIBRAVA, GIRONA &#8211; ESPA\u00d1A<\/li>\n<\/ul>\n<\/li>\n<li>24 mayo al 25 junio: colectiva &#8220;LOS P\u00c1JAROS DE LA ALHAMBRA&#8221;\n<ul>\n<li>Galer\u00eda Menfis, GRANADA &#8211; ESPA\u00d1A<\/li>\n<\/ul>\n<\/li>\n<li>17 mayo al 15 junio: colectiva &#8220;SAL\u00d3N ARTE CONTEMPOR\u00c1NEO&#8221;\n<ul>\n<li>Galer\u00eda Castell Blanc, DesAtar, EMPURIBRAVA, GIRONA &#8211; ESPA\u00d1A<\/li>\n<\/ul>\n<\/li>\n<li>16 mayo al 25 agosto: Individual &#8220;EL COLOR COMO INSPIRACI\u00d3N&#8221;\n<ul>\n<li>Hotel El Ladr\u00f3n De Agua, GRANADA &#8211; ESPA\u00d1A<\/li>\n<\/ul>\n<\/li>\n<li>27 abril al 30 mayo: colectiva &#8220;LA FIESTA DEL COLOR&#8221;\n<ul>\n<li>Galer\u00eda ArteAdiscar, M\u00c1LAGA &#8211; ESPA\u00d1A<\/li>\n<\/ul>\n<\/li>\n<li>13 abril al 13 mayo: Colectiva &#8220;EUROPEA DE ARTE&#8221;\n<ul>\n<li>Galer\u00eda Castell Blanc, DesAtar, EMPURIBRAVA, GIRONA &#8211; ESPA\u00d1A<\/li>\n<\/ul>\n<\/li>\n<\/ul>\n<ul style=\"text-align: justify;\">\n<li>12 abril: Colectiva &#8220;4\u00b0 EVENTO MULTICULTURAL&#8221;\n<ul>\n<li>Trui Teatre, PALMA DE MALLORCA, BALEARES &#8211; ESPA\u00d1A<\/li>\n<\/ul>\n<\/li>\n<li>7 al 15 marzo: Colectiva &#8220;MUJER, ARTE Y CULTURA&#8221;\n<ul>\n<li>Centro Cultural Flassaders de PALMA DE MALLORCA, BALEARES &#8211; ESPA\u00d1A<\/li>\n<\/ul>\n<\/li>\n<li>3 marzo al 25 mayo: Colectiva &#8220;MUJERES EN EL ARTE&#8221;\n<ul>\n<li>Galer\u00eda ArteAdiscar, M\u00c1LAGA- ESPA\u00d1A<\/li>\n<\/ul>\n<\/li>\n<li>15 al 17 febrero: Colectiva Internacional &#8220;II ART CREATORS BARCELONA&#8221;\n<ul>\n<li>Recinto Modernista Sant Pau, BARCELONA- ESPA\u00d1A<\/li>\n<\/ul>\n<\/li>\n<li>24 enero al 3 abril: Colectiva &#8220;DIEZ A\u00d1OS DE EMOCIONES&#8221;\n<ul>\n<li>Taller de Artes Pl\u00e1sticas Picasso, Caja Granada, GRANADA &#8211; ESPA\u00d1A<\/li>\n<\/ul>\n<\/li>\n<li>11 al 29 enero: Colectiva &#8220;ARTE PARA CUATRO ed.54&#8221;\n<ul>\n<li>Sala Aires de C\u00d3RDOBA &#8211; ESPA\u00d1A<\/li>\n<\/ul>\n<\/li>\n<\/ul>\n<p style=\"text-align: justify;\">2018<\/p>\n<ul style=\"text-align: justify;\">\n<li>12 al 16 diciembre: Individual &#8220;RESINA Y TINTAS AL ALCOHOL&#8221;\n<ul>\n<li>Hotel Helios, ALMU\u00d1\u00c9CAR (GRANADA)- ESPA\u00d1A<\/li>\n<\/ul>\n<\/li>\n<li>15 al 17 diciembre: Colectiva 2\u00aa EDICI\u00d3N FERIA INTERNACIONAL DE ARTE CONTEMPOR\u00c1NEO\n<ul>\n<li>ArteAdiscar &#8220;AGADIR ART FAIR&#8221; AGADIR &#8211; MARRUECOS<\/li>\n<\/ul>\n<\/li>\n<li>24 noviembre: Colectiva \u201cVIOLENCIA DE G\u00c9NERO, VIOGEN&#8221;\n<ul>\n<li>Organiza Isabel Oviedo, PALMA DE MALLORCA, BALEARES- ESPA\u00d1A<\/li>\n<\/ul>\n<\/li>\n<li>16 al 30 noviembre: Colectiva &#8220;D\u00cdA DEL ARTE SOLIDARIO 2018\u201d\n<ul>\n<li>Fundaci\u00f3n L\u00f3pez Yuseya, PALMA DE MALLORCA, BALEARES &#8211; ESPA\u00d1A<\/li>\n<\/ul>\n<\/li>\n<li>1 noviembre: Colectiva &#8220;2\u00ba EVENTO MULTICULTURAL MOONLIGUT&#8221;\n<ul>\n<li>BIEL DURAN Auditorio de Paguera, PALMA DE MALLORCA, BALEARES- ESPA\u00d1A<\/li>\n<\/ul>\n<\/li>\n<li>26 octubre a 30 noviembre: Colectiva: \u201cVIII EXPOSICI\u00d3N INTERNACIONAL PICASSIANA\u201d\n<ul>\n<li>GALERIA ArteAdiscar, M\u00c1LAGA- ESPA\u00d1A<\/li>\n<\/ul>\n<\/li>\n<li>28 octubre: Colectiva: &#8220;I TARDEO TEDEJO ARTE&#8221;\n<ul>\n<li>Galer\u00eda Art-Mallorca TEDEJO-BIERZO ALTO, LE\u00d3N &#8211; ESPA\u00d1A<\/li>\n<\/ul>\n<\/li>\n<li>21 octubre al 30 noviembre: Colectiva &#8220;REGALA ART A TORREMIIRONA&#8221;\n<ul>\n<li>Torremirona Golf &amp; Spa Resort, NAVATA, GERONA &#8211; ESPA\u00d1A<\/li>\n<\/ul>\n<\/li>\n<li>22 y 23 octubre: Colectiva &#8220;ANTIGUOS ALUMNOS COLEGIO AVE MAR\u00cdA&#8221;\n<ul>\n<li>Internado Del Ave Mar\u00eda, GRANADA &#8211; ESPA\u00d1A<\/li>\n<\/ul>\n<\/li>\n<li>22 septiembre: Colectiva presencial, &#8220;NIT DE L`ART 2018&#8221;\n<ul>\n<li>Paseo del Borne, PALMA DE MALLORCA, BALEARES &#8211; ESPA\u00d1A<\/li>\n<\/ul>\n<\/li>\n<li>1 septiembre al 24 octubre: \u201cEXPOSICI\u00d3N COLECTIVA INTERNACIONAL\u201d\n<ul>\n<li>Galer\u00eda ArteAdiscar, M\u00c1LAGA &#8211; ESPA\u00d1A<\/li>\n<\/ul>\n<\/li>\n<li>4 agosto al 20 septiembre: Colectiva. &#8220;LUZ Y NATURALEZA&#8221;\n<ul>\n<li>C\u00edrculo Art\u00edstico Reino De Valencia, GAND\u00cdA, VALENCIA &#8211; ESPA\u00d1A<\/li>\n<\/ul>\n<\/li>\n<li>27 Julio al 30 septiembre: \u201cSEGUNDA EXPOSICI\u00d3N INTERNACIONAL PL\u00c1STICA\u201d\n<ul>\n<li>Galer\u00eda ArteAdiscar, M\u00c1LAGA- ESPA\u00d1A<\/li>\n<\/ul>\n<\/li>\n<li>28 julio a 14 agosto: Colectiva &#8220;SUMMER DAYS&#8221;\n<ul>\n<li>Galer\u00eda ArtMallorca, PALMA DE MALLORCA, BALEARES &#8211; ESPA\u00d1A<\/li>\n<\/ul>\n<\/li>\n<li>7 al 29 Julio: Colectiva &#8220;TRANSITO REAL-ABSTRACCI\u00d3N&#8221;\n<ul>\n<li>C\u00edrculo Art\u00edstico Reino De Valencia, GAND\u00cdA, VALENCIA &#8211; ESPA\u00d1A<\/li>\n<\/ul>\n<\/li>\n<li>9 junio al 25 septiembre: \u201cSALON ART COLORS 2018\u201d\n<ul>\n<li>TorreMirona Golf &amp; Spa Resort, NAVATA, GERONA &#8211; ESPA\u00d1A<\/li>\n<\/ul>\n<\/li>\n<li>30 junio al 25 julio: \u201cUN MISMO LENGUAJE, UN MISMO FIN\u201d\n<ul>\n<li>Galery-Arteadiscar M\u00c1LAGA &#8211; ESPA\u00d1A<\/li>\n<\/ul>\n<\/li>\n<li>9 al 29 abril: Individual &#8220;EL COLOR COMO INSPIRACI\u00d3N&#8221;\n<ul>\n<li>Galer\u00eda ArtMallorca, PALMA DE MALLORCA, BALEARES &#8211; ESPA\u00d1A<\/li>\n<\/ul>\n<\/li>\n<li>8 marzo al 6 mayo: Colectiva &#8220;LA MUJER EN EL ARTE&#8221;\n<ul>\n<li>Galer\u00eda Z\u00f3calo Arte, OG\u00cdJARES, GRANADA &#8211; ESPA\u00d1A<\/li>\n<\/ul>\n<\/li>\n<li>12 enero al 10 febrero: Colectiva &#8220;LAS VOCES DEL SILENCIO&#8221;\n<ul>\n<li>Taller de Artes Pl\u00e1sticas Picasso, Caja Granada, GRANADA &#8211; ESPA\u00d1A<\/li>\n<\/ul>\n<\/li>\n<\/ul>\n<p style=\"text-align: justify;\">2017<\/p>\n<ul style=\"text-align: justify;\">\n<li>8 marzo al 6 mayo: Colectiva &#8220;LA MUJER EN EL ARTE&#8221;\n<ul>\n<li>Galer\u00eda Z\u00f3calo Arte, OG\u00cdJARES, GRANADA &#8211; ESPA\u00d1A<\/li>\n<\/ul>\n<\/li>\n<li>5 al 28 enero: Colectiva &#8220;MIRAR, SENTIR, PINTAR&#8221;\n<ul>\n<li>Taller de Artes Pl\u00e1sticas Picasso, Caja Granada, GRANADA &#8211; ESPA\u00d1A<\/li>\n<\/ul>\n<\/li>\n<\/ul>\n<p style=\"text-align: justify;\">2014<\/p>\n<ul style=\"text-align: justify;\">\n<li>10 al 20 diciembre: Colectiva &#8220;RESTAURANTE ALMADRABA\u201d\n<ul>\n<li>Taller de Artes Pl\u00e1sticas Picasso, Caja Granada, GRANADA &#8211; ESPA\u00d1A<\/li>\n<\/ul>\n<\/li>\n<li>4 al 24 mayo: Colectiva &#8220;PINTAR MIRAR, VER&#8221;\n<ul>\n<li>Hotel Horno del Carmen, Taller de Artes Pl\u00e1sticas Picasso, Caja Granada, GRANADA &#8211; ESPA\u00d1A<\/li>\n<\/ul>\n<\/li>\n<\/ul>\n<p style=\"text-align: justify;\">2013-2007<\/p>\n<ul style=\"text-align: justify;\">\n<li>En junio: Cada a\u00f1o, Colectivas &#8220;EXPOSICI\u00d3N COLECTIVA&#8221;\n<ul>\n<li>Centro Servicios Sociales Figares, GRANADA &#8211; ESPA\u00d1A<\/li>\n<\/ul>\n<\/li>\n<\/ul>\n<p style=\"text-align: justify;\">2006<\/p>\n<ul style=\"text-align: justify;\">\n<li>2 al 10 de junio: Colectiva &#8220;ESTUDIO DE PICASSO A\u00d1OS 1881-1906&#8221;\n<ul>\n<li>Patio del Ayuntamiento de Granada, GRANADA &#8211; ESPA\u00d1A<\/li>\n<\/ul>\n<\/li>\n<li>Junio: &#8220;EXPOSICI\u00d3N COLECTIVA&#8221;\n<ul>\n<li>Escuela adultos San Mat\u00edas, GRANADA &#8211; ESPA\u00d1A<\/li>\n<\/ul>\n<\/li>\n<\/ul>\n<p style=\"text-align: justify;\">2005-2003<\/p>\n<ul>\n<li>En junio: cada a\u00f1o &#8220;EXPOSICI\u00d3N COLECTIVA&#8221;\n<ul>\n<li style=\"text-align: justify;\">Escuela adultos San Mat\u00edas, GRANADA &#8211; ESPA\u00d1A<\/li>\n<\/ul>\n<\/li>\n<\/ul>\n<p>&nbsp;<\/p>\n<p style=\"text-align: center;\"><strong>MUESTRA DE SUS OBRAS<\/strong><\/p>\n<p>&nbsp;<\/p>\n<p><a href=\"http:\/\/granadacostanacional.es\/wp-content\/uploads\/2021\/01\/T20201019-SERIE-PANDEMIA-N\u00ba20-Tintas-al-alcohol-en-papel-Yupo-66x50cm..jpg\"><img decoding=\"async\" loading=\"lazy\" class=\"aligncenter size-large wp-image-26648\" src=\"http:\/\/granadacostanacional.es\/wp-content\/uploads\/2021\/01\/T20201019-SERIE-PANDEMIA-N\u00ba20-Tintas-al-alcohol-en-papel-Yupo-66x50cm.-769x1024.jpg\" alt=\"T20201019-SERIE PANDEMIA N\u00ba20-Tintas al alcohol en papel Yupo- 66x50cm.\" width=\"769\" height=\"1024\" \/><\/a><\/p>\n<p style=\"text-align: center;\">T20201019-SERIE PANDEMIA N\u00ba20-Tintas al alcohol en papel Yupo- 66x50cm.<\/p>\n<p><a href=\"http:\/\/granadacostanacional.es\/wp-content\/uploads\/2021\/01\/A2019IGUALDAD-Puente-de-encuentros.jpg\"><img decoding=\"async\" loading=\"lazy\" class=\"aligncenter size-large wp-image-26649\" src=\"http:\/\/granadacostanacional.es\/wp-content\/uploads\/2021\/01\/A2019IGUALDAD-Puente-de-encuentros-831x1024.jpg\" alt=\"A2019IGUALDAD-Puente de encuentros\" width=\"831\" height=\"1024\" \/><\/a><\/p>\n<p style=\"text-align: center;\">A2019 IGUALDAD-Puente de encuentros<\/p>\n<p>&nbsp;<\/p>\n<p><a href=\"http:\/\/granadacostanacional.es\/wp-content\/uploads\/2021\/01\/A20171109-5-Sa-Riera.-acr\u00edlico-sobre-lienzo.-100x81-cm..jpg\"><img decoding=\"async\" loading=\"lazy\" class=\"aligncenter size-large wp-image-26650\" src=\"http:\/\/granadacostanacional.es\/wp-content\/uploads\/2021\/01\/A20171109-5-Sa-Riera.-acr\u00edlico-sobre-lienzo.-100x81-cm.-810x1024.jpg\" alt=\"A20171109-5-Sa Riera. acr\u00edlico sobre lienzo. 100x81 cm.\" width=\"810\" height=\"1024\" \/><\/a><\/p>\n<p style=\"text-align: center;\">A20171109-5-Sa Riera. acr\u00edlico sobre lienzo. 100&#215;81 cm.<\/p>\n<p><a href=\"http:\/\/granadacostanacional.es\/wp-content\/uploads\/2021\/01\/O20180911_LUMINARIA-\u00d3leo-en-lienzo-40x40cm..jpg\"><img decoding=\"async\" loading=\"lazy\" class=\"aligncenter size-large wp-image-26651\" src=\"http:\/\/granadacostanacional.es\/wp-content\/uploads\/2021\/01\/O20180911_LUMINARIA-\u00d3leo-en-lienzo-40x40cm.-1005x1024.jpg\" alt=\"O20180911_LUMINARIA-\u00d3leo en lienzo 40x40cm.\" width=\"1005\" height=\"1024\" \/><\/a><\/p>\n<p style=\"text-align: center;\">O20180911_LUMINARIA-\u00d3leo en lienzo 40x40cm.<\/p>\n<p><a href=\"http:\/\/granadacostanacional.es\/wp-content\/uploads\/2021\/01\/R2018-Expocisi\u00f3n-en-Marruecos-Bosque-en-oto\u00f1o-65x54cm-Resina-sobre-lienzo-2018.jpg\"><img decoding=\"async\" loading=\"lazy\" class=\"aligncenter size-large wp-image-26652\" src=\"http:\/\/granadacostanacional.es\/wp-content\/uploads\/2021\/01\/R2018-Expocisi\u00f3n-en-Marruecos-Bosque-en-oto\u00f1o-65x54cm-Resina-sobre-lienzo-2018-868x1024.jpg\" alt=\"R2018-Expocisi\u00f3n en Marruecos-Bosque en oto\u00f1o-65x54cm-Resina sobre lienzo (2018)\" width=\"868\" height=\"1024\" \/><\/a><\/p>\n<p style=\"text-align: center;\">R2018-Expocisi\u00f3n en Marruecos-Bosque en oto\u00f1o-65x54cm-Resina sobre lienzo (2018)<\/p>\n<p><a href=\"http:\/\/granadacostanacional.es\/wp-content\/uploads\/2021\/01\/R20181019-IRIDISCENTE-Resina-pigmentada-en-lienzo-65x92cm..jpg\"><img decoding=\"async\" loading=\"lazy\" class=\"aligncenter size-large wp-image-26653\" src=\"http:\/\/granadacostanacional.es\/wp-content\/uploads\/2021\/01\/R20181019-IRIDISCENTE-Resina-pigmentada-en-lienzo-65x92cm.-1024x682.jpg\" alt=\"R20181019- IRIDISCENTE-Resina pigmentada en lienzo-65x92cm.\" width=\"1024\" height=\"682\" \/><\/a><\/p>\n<p style=\"text-align: center;\">R20181019- IRIDISCENTE-Resina pigmentada en lienzo-65x92cm.<\/p>\n<p><a href=\"http:\/\/granadacostanacional.es\/wp-content\/uploads\/2021\/01\/R20190409.R\u00cdOS-DE-VIDA-RESINA-EN-LIENZO-50X40-cm.-2019.jpg\"><img decoding=\"async\" loading=\"lazy\" class=\"aligncenter size-large wp-image-26654\" src=\"http:\/\/granadacostanacional.es\/wp-content\/uploads\/2021\/01\/R20190409.R\u00cdOS-DE-VIDA-RESINA-EN-LIENZO-50X40-cm.-2019-828x1024.jpg\" alt=\"R20190409.R\u00cdOS DE VIDA RESINA, EN LIENZO 50X40 cm. 2019\" width=\"828\" height=\"1024\" \/><\/a><\/p>\n<p style=\"text-align: center;\">R20190409.R\u00cdOS DE VIDA RESINA, EN LIENZO 50X40 cm. 2019<\/p>\n<p><a href=\"http:\/\/granadacostanacional.es\/wp-content\/uploads\/2021\/01\/R20190915_AVE-FENIZ-RESINA-EN-LIENZO-81X100cm.-2019.jpg\"><img decoding=\"async\" loading=\"lazy\" class=\"aligncenter size-large wp-image-26655\" src=\"http:\/\/granadacostanacional.es\/wp-content\/uploads\/2021\/01\/R20190915_AVE-FENIZ-RESINA-EN-LIENZO-81X100cm.-2019-1024x832.jpg\" alt=\"R20190915_AVE FENIZ RESINA EN LIENZO 81X100cm. 2019\" width=\"1024\" height=\"832\" \/><\/a><\/p>\n<p style=\"text-align: center;\">R20190915_AVE FENIZ RESINA EN LIENZO 81X100cm. 2019<\/p>\n<p><a href=\"http:\/\/granadacostanacional.es\/wp-content\/uploads\/2021\/01\/R\u00cfcaro-Resina-sobre-lienzo.-40x40-cm.-2017.-Colecci\u00f3n-particular.jpg\"><img decoding=\"async\" loading=\"lazy\" class=\"aligncenter size-large wp-image-26656\" src=\"http:\/\/granadacostanacional.es\/wp-content\/uploads\/2021\/01\/R\u00cfcaro-Resina-sobre-lienzo.-40x40-cm.-2017.-Colecci\u00f3n-particular-1022x1024.jpg\" alt=\"R\u00cfcaro-Resina sobre lienzo. 40x40 cm. 2017. (Colecci\u00f3n particular)\" width=\"1022\" height=\"1024\" \/><\/a><\/p>\n<p style=\"text-align: center;\">R\u00cfcaro-Resina sobre lienzo. 40&#215;40 cm. 2017. (Colecci\u00f3n particular)<\/p>\n<p><a href=\"http:\/\/granadacostanacional.es\/wp-content\/uploads\/2021\/01\/T2019-PRIMAVERA-Tintas-al-alcohol-en-papel-Yupo.jpg\"><img decoding=\"async\" loading=\"lazy\" class=\"aligncenter size-large wp-image-26657\" src=\"http:\/\/granadacostanacional.es\/wp-content\/uploads\/2021\/01\/T2019-PRIMAVERA-Tintas-al-alcohol-en-papel-Yupo-791x1024.jpg\" alt=\"T2019-PRIMAVERA-Tintas al alcohol en papel Yupo\" width=\"791\" height=\"1024\" \/><\/a><\/p>\n<p style=\"text-align: center;\">T2019-PRIMAVERA-Tintas al alcohol en papel Yupo<\/p>\n<p><a href=\"http:\/\/granadacostanacional.es\/wp-content\/uploads\/2021\/01\/T20190506-YITUAL-tintas-al-alcohol-en-papel-Yupo..jpg\"><img decoding=\"async\" loading=\"lazy\" class=\"aligncenter size-large wp-image-26658\" src=\"http:\/\/granadacostanacional.es\/wp-content\/uploads\/2021\/01\/T20190506-YITUAL-tintas-al-alcohol-en-papel-Yupo.-1024x811.jpg\" alt=\"T20190506-YITUAL tintas al alcohol en papel Yupo.\" width=\"1024\" height=\"811\" \/><\/a><\/p>\n<p style=\"text-align: center;\">T20190506-YITUAL tintas al alcohol en papel Yupo.<\/p>\n<p style=\"text-align: right;\"><strong>Redacci\u00f3n Granada Costa<\/strong><\/p>\n","protected":false},"excerpt":{"rendered":"<p>Caridad naci\u00f3 en Loja (Granada), vive en Granada, aunque pasa frecuentes temporadas en Palma de Mallorca. Ejerci\u00f3 como profesora de&hellip;<\/p>\n","protected":false},"author":3,"featured_media":26645,"comment_status":"open","ping_status":"open","sticky":false,"template":"","format":"standard","meta":{"om_disable_all_campaigns":false,"_mi_skip_tracking":false,"_monsterinsights_sitenote_active":false,"_monsterinsights_sitenote_note":"","_monsterinsights_sitenote_category":0,"footnotes":""},"categories":[21],"tags":[],"aioseo_notices":[],"_links":{"self":[{"href":"https:\/\/granadacostaglobal.es\/index.php?rest_route=\/wp\/v2\/posts\/26643"}],"collection":[{"href":"https:\/\/granadacostaglobal.es\/index.php?rest_route=\/wp\/v2\/posts"}],"about":[{"href":"https:\/\/granadacostaglobal.es\/index.php?rest_route=\/wp\/v2\/types\/post"}],"author":[{"embeddable":true,"href":"https:\/\/granadacostaglobal.es\/index.php?rest_route=\/wp\/v2\/users\/3"}],"replies":[{"embeddable":true,"href":"https:\/\/granadacostaglobal.es\/index.php?rest_route=%2Fwp%2Fv2%2Fcomments&post=26643"}],"version-history":[{"count":0,"href":"https:\/\/granadacostaglobal.es\/index.php?rest_route=\/wp\/v2\/posts\/26643\/revisions"}],"wp:featuredmedia":[{"embeddable":true,"href":"https:\/\/granadacostaglobal.es\/index.php?rest_route=\/"}],"wp:attachment":[{"href":"https:\/\/granadacostaglobal.es\/index.php?rest_route=%2Fwp%2Fv2%2Fmedia&parent=26643"}],"wp:term":[{"taxonomy":"category","embeddable":true,"href":"https:\/\/granadacostaglobal.es\/index.php?rest_route=%2Fwp%2Fv2%2Fcategories&post=26643"},{"taxonomy":"post_tag","embeddable":true,"href":"https:\/\/granadacostaglobal.es\/index.php?rest_route=%2Fwp%2Fv2%2Ftags&post=26643"}],"curies":[{"name":"wp","href":"https:\/\/api.w.org\/{rel}","templated":true}]}}