{"id":2664,"date":"2015-10-26T21:07:21","date_gmt":"2015-10-26T21:07:21","guid":{"rendered":"http:\/\/granadacosta.es\/?p=2664"},"modified":"2015-10-26T21:07:21","modified_gmt":"2015-10-26T21:07:21","slug":"la-dra-tony-castillo-participa-con-la-ponencia-deteccion-del-acoso-escolar-en-el-aula-hospitalaria-en-el-congreso-conductas-agresivas-y-apego","status":"publish","type":"post","link":"https:\/\/granadacostaglobal.es\/?p=2664","title":{"rendered":"La Dra. To\u00f1y Castillo participa con la Ponencia: Detecci\u00f3n del acoso escolar en el Aula Hospitalaria. En el Congreso CONDUCTAS AGRESIVAS Y APEGO."},"content":{"rendered":"<p><a href=\"http:\/\/granadacosta.es\/wp-content\/uploads\/2015\/10\/IMG_2668.jpg\"><img decoding=\"async\" loading=\"lazy\" class=\"alignnone wp-image-2667\" src=\"http:\/\/granadacosta.es\/wp-content\/uploads\/2015\/10\/IMG_2668-300x169.jpg\" alt=\"IMG_2668\" width=\"545\" height=\"307\" \/><\/a><\/p>\n<p>Un gran \u00e9xito de participantes y figuras de primer nivel.<\/p>\n<p>La ciudad de Lleida ha acogido el Congreso Internacional Conductas agresivas y apego. Un gran evento en el que se han dado cita grandes nombres de la Psiquiatr\u00eda Internacional, psicolog\u00eda, medicina y educaci\u00f3n. Presidido por la Dra. Carmen Tello. El pasado fin de semana se debati\u00f3 conductas agresivas y apego en edificio emblem\u00e1tico de la universidad de Lleida sobre:<\/p>\n<p>La Importancia de hacer un seguimiento met\u00f3dico desde la detecci\u00f3n de factores de riesgo en la infancia, con el fin de evitar trastornos psicop\u00e1ticos graves en la vida adulta. Tomando como factor a tener en cuenta la importancia de la coordinaci\u00f3n entre los servicios de salud mental infantil y adolescente y los de salud mental de adultos.<\/p>\n<p>En el encuentro de expertos se comparti\u00f3 e intercambi\u00f3 los avances, investigaciones y programas preventivos y de atenci\u00f3n en el estudio de las relaciones vinculares y conductas agresivas.<\/p>\n<p>Fomentando el trabajo en red y el mutuo enriquecimiento entre todos los participantes en el buen hacer del cuidado de las personas, de las diferentes agencias imp<img decoding=\"async\" loading=\"lazy\" class=\" wp-image-2669 alignright\" src=\"http:\/\/granadacosta.es\/wp-content\/uploads\/2015\/10\/IMG_2657-300x235.jpg\" alt=\"IMG_2657\" width=\"384\" height=\"301\" \/>licadas (salud mental, pediatr\u00eda, medicina, servicios, sociales, educaci\u00f3n, justicia y otro)<\/p>\n<p>&nbsp;<\/p>\n<p>Entre los ponentes destacamos los siguientes doctores:<\/p>\n<p>Dr. Francisco Javier Aznar. Psic\u00f3logo cl\u00ednico y terapeuta familiar. Colaborador de la Unidad de Investigaci\u00f3n en Intervenci\u00f3n y Cuidado Familiar de la Universidad de A Coru\u00f1a<\/p>\n<p>Dra. Iolanda Batalla. MD, PhD, Psiquiatra. Profesora asociada UdL. Investigadora IRB Lleida. Coordinadora Hospital de D\u00eda de Psiquiatr\u00eda de Adultos GSS .Hospital de Santa Mar\u00eda de Lleida.<\/p>\n<p>Dra. Antonia Castillo. Doctora en psicopedagog\u00eda por la Universidad de Lleida, Departamento de Psicolog\u00eda y Pedagog\u00eda. Profesora responsable del aula hospitalaria Antoni Cambrodi Hospital Universitario Arnau de Vilanova de Lleida. (HUAV)<\/p>\n<p>Dra. Montserrat Esquerda. PhD, M\u00e9dico pediatra, Centro de Salud Mental Infantil y Juvenil Sant Joan de D\u00e9u, Lleida,. Profesora Bio\u00e9tica, Facultad Medicina, Universidad de Lleida. IRB Lleida. Directora del Instituto Borja de Bio\u00e9tica San Boi (Barcelona)<\/p>\n<p>Dr. Diego Figuera. Psiquiatra. Psicoterapeuta. Director del Hospital de D\u00eda Ponzano y de la Unidad Docente de Psicoterapia del Instituto de Psiquiatr\u00eda y Salud Mental del Hospital Cl\u00ednico San Carlos de Madrid.<\/p>\n<p>Dra. Margarita Ib\u00e1\u00f1ez. Psic\u00f3loga adjunta Coordinadora Unidad 0-5 a\u00f1os Servicio de Psiquiatr\u00eda y Psicolog\u00eda Hospital Universitario San Juan de Dios de Barcelona.<\/p>\n<p>Dr. Fernando Lacasa. Coordinador del Centro de Salud Mental Infantil y Juvenil de Cornell\u00e0. Profesor Asociado de la Universidad de Barcelona Hospital de San Juan de Dios<\/p>\n<p>Dr. Llu\u00eds Mauri. Psiquiatre i Psicoterapeuta, Director del Institut de Doc\u00e8ncia i Recerca de la Fundaci\u00f3 Sanit\u00e0ria Sant Pere Claver \u2013 Servei Catal\u00e0 de la Salut<\/p>\n<p>Dra. Eul\u00e0lia Palau. Doctora en Psicolog\u00eda, Licenciada en Psicopedagog\u00eda, M\u00e1ster en Psicolog\u00eda del Aprendizaje Humano y Psicolog\u00eda de la Comunicaci\u00f3n; Maestra especialista en Lengua Castellana y Educaci\u00f3n Infantil. Presidenta de ACIM (Asociaci\u00f3n Catalana Infancia Maltratada) des del 2008 y presidenta de FAPMI (Federaci\u00f3n de Asociaciones de Prevenci\u00f3n del Maltrato infantil) 2012-2013<\/p>\n<p>Dra.Vanessa Pera. M\u00e9dica Especialista en Psiquiatr\u00eda. Doctoranda de la UDL. Investigadora al IRB (Institut de Recerca Biom\u00e8dica) de Lleida. Psiquiatra, Centre de Salut Mental Infantil i Juvenil, Lleida<\/p>\n<p>Dra. Marta Sadurn\u00ed. Profesora Titular de Psicolog\u00eda Evolutiva y de la Educaci\u00f3n. Directora del Laboratorio de V\u00ednculo Afectivo y Desarrollo Humano. Universidad de Girona<\/p>\n<p>Dr. Jorge Ti\u00f3. psic\u00f3logo cl\u00ednico, psicoterapetura del Equipo de Atenci\u00f3n al Menor de la Fundaci\u00f3n Sanitaria Sant Pere Claver \u2013 Servei Catal\u00e0 de la Salut<\/p>\n<p>Dra. Teresa Vallmanya. Pediatra, jefa de secci\u00f3n de pediatr\u00eda integrada en la funci\u00f3n p\u00fablica de la Generalitat de Catalunya, incorporada al Servicio de Pediatr\u00eda del Hospital Universitario Arnau de Vilanova de Lleida<\/p>\n<figure id=\"attachment_2668\" aria-describedby=\"caption-attachment-2668\" style=\"width: 300px\" class=\"wp-caption alignleft\"><a href=\"http:\/\/granadacosta.es\/wp-content\/uploads\/2015\/10\/carmen.jpg\"><img decoding=\"async\" loading=\"lazy\" class=\"wp-image-2668 size-medium\" src=\"http:\/\/granadacosta.es\/wp-content\/uploads\/2015\/10\/carmen-300x300.jpg\" alt=\"carmen\" width=\"300\" height=\"300\" \/><\/a><figcaption id=\"caption-attachment-2668\" class=\"wp-caption-text\">Felicidades Dra Tello por el gran Congreso<\/figcaption><\/figure>\n<p>Dra Carmen Tello presidenta en Espa\u00f1a de IAN-IA. \u00a0Red de profesionales de la Pen\u00ednsula Ib\u00e9rica y Latino-am\u00e9rica que se interesan por la Teor\u00eda del Apego (Attachment), creada por John Bowlby. El estudio de las implicaciones del tipo de Apego en el bienestar de las personas, implica a diferentes profesionales e investigadores que van desde el \u00e1mbito de la: psiquiatr\u00eda, psicolog\u00eda, pediatr\u00eda, biolog\u00eda, gen\u00e9tica y de las ciencias sociales y la educaci\u00f3n.<\/p>\n<p>&nbsp;<\/p>\n<p>&nbsp;<\/p>\n<p>&nbsp;<\/p>\n<p>&nbsp;<\/p>\n<p>&nbsp;<\/p>\n<p>&nbsp;<\/p>\n<p>&nbsp;<\/p>\n<p>&nbsp;<\/p>\n","protected":false},"excerpt":{"rendered":"<p>Un gran \u00e9xito de participantes y figuras de primer nivel. La ciudad de Lleida ha acogido el Congreso Internacional Conductas&hellip;<\/p>\n","protected":false},"author":4,"featured_media":2665,"comment_status":"open","ping_status":"open","sticky":false,"template":"","format":"standard","meta":{"om_disable_all_campaigns":false,"_mi_skip_tracking":false,"_monsterinsights_sitenote_active":false,"_monsterinsights_sitenote_note":"","_monsterinsights_sitenote_category":0,"footnotes":""},"categories":[25,22,19],"tags":[],"aioseo_notices":[],"_links":{"self":[{"href":"https:\/\/granadacostaglobal.es\/index.php?rest_route=\/wp\/v2\/posts\/2664"}],"collection":[{"href":"https:\/\/granadacostaglobal.es\/index.php?rest_route=\/wp\/v2\/posts"}],"about":[{"href":"https:\/\/granadacostaglobal.es\/index.php?rest_route=\/wp\/v2\/types\/post"}],"author":[{"embeddable":true,"href":"https:\/\/granadacostaglobal.es\/index.php?rest_route=\/wp\/v2\/users\/4"}],"replies":[{"embeddable":true,"href":"https:\/\/granadacostaglobal.es\/index.php?rest_route=%2Fwp%2Fv2%2Fcomments&post=2664"}],"version-history":[{"count":0,"href":"https:\/\/granadacostaglobal.es\/index.php?rest_route=\/wp\/v2\/posts\/2664\/revisions"}],"wp:featuredmedia":[{"embeddable":true,"href":"https:\/\/granadacostaglobal.es\/index.php?rest_route=\/"}],"wp:attachment":[{"href":"https:\/\/granadacostaglobal.es\/index.php?rest_route=%2Fwp%2Fv2%2Fmedia&parent=2664"}],"wp:term":[{"taxonomy":"category","embeddable":true,"href":"https:\/\/granadacostaglobal.es\/index.php?rest_route=%2Fwp%2Fv2%2Fcategories&post=2664"},{"taxonomy":"post_tag","embeddable":true,"href":"https:\/\/granadacostaglobal.es\/index.php?rest_route=%2Fwp%2Fv2%2Ftags&post=2664"}],"curies":[{"name":"wp","href":"https:\/\/api.w.org\/{rel}","templated":true}]}}