{"id":26624,"date":"2021-01-02T10:41:11","date_gmt":"2021-01-02T10:41:11","guid":{"rendered":"http:\/\/granadacostanacional.es\/?p=26624"},"modified":"2021-01-02T10:41:11","modified_gmt":"2021-01-02T10:41:11","slug":"libro-recomendado-homenaje-a-gloria-de-malaga","status":"publish","type":"post","link":"https:\/\/granadacostaglobal.es\/?p=26624","title":{"rendered":"Libro recomendado &#8220;Homenaje a  Gloria de M\u00e1laga&#8221;"},"content":{"rendered":"<p>Podr\u00e1 leer el libro entero a trav\u00e9s de este enlace\u00a0<span style=\"color: #3366ff;\"><a style=\"color: #3366ff;\" href=\"http:\/\/granadacostanacional.es\/downloads\/Libro Gloria de M\u00e1laga web.pdf\">&#8220;Homenaje a\u00a0 Gloria de M\u00e1laga&#8221;<\/a><\/span><\/p>\n<p>&nbsp;<\/p>\n<h2 style=\"text-align: center;\"><strong>PR\u00d3LOGO<\/strong><\/h2>\n<h2 style=\"text-align: center;\"><strong>Decir Gloria de M\u00e1laga<\/strong><\/h2>\n<p>&nbsp;<\/p>\n<p>Decir Gloria de M\u00e1laga es decir muchas cosas\u2026 y todas bellas.<\/p>\n<p>Gloria es M\u00e1laga, es esencia de jazmines, es la voz rota del pueblo cuando canta o la voz apacible de una madre cuando acuna a su ni\u00f1o. Gloria es raza de este pueblo, de un pueblo forjado en las fraguas de las l\u00e1grimas y las risas, del arte y de las tradiciones. Gloria de M\u00e1laga es as\u00ed, es un ser irrepetible creado por Dios para traernos alegr\u00eda con sus cantes.<\/p>\n<p>S\u00ed, se\u00f1ores. Gloria de M\u00e1laga ocupa ya, por reconocidos m\u00e9ritos propios, un lugar destacado en las p\u00e1ginas del libro del cante andaluz, pero llegar al nivel que ella ha sido capaz de alcanzar no es cosa f\u00e1cil, s\u00f3lo los elegidos lo logran. Quiz\u00e1s ella en su modestia, ni se haya percatado de lo grande que es y del cari\u00f1o que todos le tenemos.<\/p>\n<p>Era tanto lo que quer\u00eda a su Tierra que, Gloria Gonz\u00e1lez Jim\u00e9nez, decidi\u00f3 llevar, un d\u00eda, por apellido a su M\u00e1laga\u2026 a su barrio perchelero por peineta y en su garganta el cante andaluz. Se pasea por los escenarios del mundo moviendo su bata de cola con encajes de rebalaje marinero y cuando canta desprenden de sus ojos la luz de nuestra querida farola. Y son sus manos palomas al viento, que se contonean como queriendo alcanzar el manto de estrellas al son de malague\u00f1as.<\/p>\n<p>Pasa un trono por la calle de Carreter\u00edas, la noche se hace silencio y de no se sabe d\u00f3nde, una saeta de amor se nos clava en los o\u00eddos y en el alma. Desde un balc\u00f3n Gloria de M\u00e1laga le reza a su Cristo y a su Santa Madre como siempre lo ha hecho, con el sentimiento de una saeta, de esas saetas que hacen crujir a los tronos y aplaudir hasta las bambalinas y que hacen que se nos descuelguen l\u00e1grimas de emoci\u00f3n. No, no me pidan que me imagine una Semana Santa Malague\u00f1a, sin el roc\u00edo de los cantes de Gloria.<\/p>\n<p>Gloria de M\u00e1laga es una artista completa, maestra en el cante, estirpe de gran cantaora sobre el tablao, erudita conocedora de los cantes vern\u00e1culos, e inquieta rebelde, que les da frescura a los cantes tradicionales.<\/p>\n<p>&nbsp;<\/p>\n<p>M\u00e1laga no estar\u00e1 completa sin una efigie de esta Gloria de M\u00e1laga que exorne una plaza, M\u00e1laga no estar\u00e1 completa sin una calle con su nombre escrito con letras de oro, M\u00e1laga, sin ella, no estar\u00e1 completa<\/p>\n<p>&nbsp;<\/p>\n<p style=\"text-align: right;\"><em><strong>Diego Ceano Gonz\u00e1lez<\/strong><\/em><\/p>\n<p style=\"text-align: right;\"><em><strong>Presidente de la Academia Malague\u00f1a de las Artes y las Letras<\/strong><\/em><\/p>\n<p style=\"text-align: right;\"><em><strong>Santa Mar\u00eda de la Victoria.<\/strong><\/em><\/p>\n<p>&nbsp;<\/p>\n<p><a href=\"http:\/\/granadacostanacional.es\/meson-baena\/\"><img decoding=\"async\" loading=\"lazy\" class=\"aligncenter size-full wp-image-25874\" src=\"http:\/\/granadacostanacional.es\/wp-content\/uploads\/2020\/10\/baena.gif\" alt=\"baena\" width=\"696\" height=\"567\" \/><\/a><\/p>\n","protected":false},"excerpt":{"rendered":"<p>Podr\u00e1 leer el libro entero a trav\u00e9s de este enlace\u00a0&#8220;Homenaje a\u00a0 Gloria de M\u00e1laga&#8221; &nbsp; PR\u00d3LOGO Decir Gloria de M\u00e1laga&hellip;<\/p>\n","protected":false},"author":2,"featured_media":26625,"comment_status":"open","ping_status":"open","sticky":false,"template":"","format":"standard","meta":{"om_disable_all_campaigns":false,"_mi_skip_tracking":false,"_monsterinsights_sitenote_active":false,"_monsterinsights_sitenote_note":"","_monsterinsights_sitenote_category":0,"footnotes":""},"categories":[21,29,30],"tags":[],"aioseo_notices":[],"_links":{"self":[{"href":"https:\/\/granadacostaglobal.es\/index.php?rest_route=\/wp\/v2\/posts\/26624"}],"collection":[{"href":"https:\/\/granadacostaglobal.es\/index.php?rest_route=\/wp\/v2\/posts"}],"about":[{"href":"https:\/\/granadacostaglobal.es\/index.php?rest_route=\/wp\/v2\/types\/post"}],"author":[{"embeddable":true,"href":"https:\/\/granadacostaglobal.es\/index.php?rest_route=\/wp\/v2\/users\/2"}],"replies":[{"embeddable":true,"href":"https:\/\/granadacostaglobal.es\/index.php?rest_route=%2Fwp%2Fv2%2Fcomments&post=26624"}],"version-history":[{"count":0,"href":"https:\/\/granadacostaglobal.es\/index.php?rest_route=\/wp\/v2\/posts\/26624\/revisions"}],"wp:featuredmedia":[{"embeddable":true,"href":"https:\/\/granadacostaglobal.es\/index.php?rest_route=\/"}],"wp:attachment":[{"href":"https:\/\/granadacostaglobal.es\/index.php?rest_route=%2Fwp%2Fv2%2Fmedia&parent=26624"}],"wp:term":[{"taxonomy":"category","embeddable":true,"href":"https:\/\/granadacostaglobal.es\/index.php?rest_route=%2Fwp%2Fv2%2Fcategories&post=26624"},{"taxonomy":"post_tag","embeddable":true,"href":"https:\/\/granadacostaglobal.es\/index.php?rest_route=%2Fwp%2Fv2%2Ftags&post=26624"}],"curies":[{"name":"wp","href":"https:\/\/api.w.org\/{rel}","templated":true}]}}