{"id":26601,"date":"2020-12-30T10:59:37","date_gmt":"2020-12-30T10:59:37","guid":{"rendered":"http:\/\/granadacostanacional.es\/?p=26601"},"modified":"2020-12-30T10:59:37","modified_gmt":"2020-12-30T10:59:37","slug":"libro-recomendado-santa-catalina-tomas-y-valldemossa-de-rogelio-bustos-almendros-y-aurora-fernandez-gomez","status":"publish","type":"post","link":"https:\/\/granadacostaglobal.es\/?p=26601","title":{"rendered":"Libro recomendado &#8220;Santa Catalina Tom\u00e1s  y Valldemossa&#8221; de Rogelio Bustos Almendros Y Aurora Fern\u00e1ndez G\u00f3mez"},"content":{"rendered":"<p>Podr\u00e1 leer el libro entero a trav\u00e9s de este enlace\u00a0<span style=\"color: #3366ff;\"><a style=\"color: #3366ff;\" href=\"http:\/\/granadacostanacional.es\/downloads\/Valdemossa y Santa Catalina web.pdf\">&#8220;Santa Catalina Tom\u00e1s\u00a0 y Valldemossa&#8221;<\/a><\/span><\/p>\n<p>&nbsp;<\/p>\n<h2 style=\"text-align: center;\">VALLDEMOSA<\/h2>\n<p style=\"text-align: justify;\">\nValldemosa es un pueblo situado al noroeste de la isla de Mallorca (Illes Balears).<br \/>\nEl nombre de Valldemosa es de origen \u00e1rabe vall (valle), Mosa (nombre o apellido \u00e1rabe) que traducido significa valle de Mosa.<br \/>\nEs un pueblo de monta\u00f1a donde llueve bastante e incluso nieva en los inviernos fr\u00edos. Debido a su situaci\u00f3n geogr\u00e1fica el clima es fresco y agradable en verano y est\u00e1 considerado como lugar de \u201csegunda residencia\u201d para muchos mallorquines, donde van a veranear huyendo de las altas y h\u00famedas temperaturas de la capital, pues s\u00f3lo la separan de Palma 20 km.<br \/>\nValldemosa est\u00e1 rodeada de bellas y verdes monta\u00f1as y abundante vegetaci\u00f3n como pinos, encinas, algarrobos, mirto, lentisco, palmeras, acebuches y sobre todo, bancales de olivos centenarios que hacen que el paisaje sea de lo m\u00e1s pintoresco, paradis\u00edaco y atractivo para el visitante. Abundan las fuentes cristalinas, donde el agua brota de entre las rocas que al caer evoca una eterna sinfon\u00eda sonora.<br \/>\nValldemosa goza de unos parajes de incomparable belleza. Todas las fachadas de sus casas son de piedra, respetando la tradici\u00f3n, as\u00ed como sus calles empinadas, empedradas y limpias con un car\u00e1cter especial de intimidad. En sus balcones lucen gran variedad de flores que le dan un toque de color y alegr\u00eda perfumando el ambiente.<br \/>\nVarios kil\u00f3metros antes de llegar a Valldemosa se divisan las torres de su famosa Cartuja y de la iglesia parroquial; es como el anuncio publicitario de que las gentes del lugar son de fuertes convicciones religiosas. Son una tentaci\u00f3n para los pinceles pues no hay pintor en Mallorca que no haya plasmado en sus lienzos la Cartuja y sus calles. Se dice tambi\u00e9n que \u201cno hay piedra que no haya sido pintada\u201d<br \/>\nValldemosa es una de los pueblos m\u00e1s tur\u00edsticos de Mallorca; tiene un hechizo especial que sin saber por qu\u00e9 atrae a todos los mallorquines y a los que visitan Mallorca. All\u00ed podemos encontrar turistas de todos los pa\u00edses de Europa, de Asia\u2026 pero destacan los franceses atra\u00eddos por la famosa escritora George Sand y Fr\u00e9d\u00e8ric Chopin para visitar la casa y celdas de la Cartuja donde vivieron durante unos meses. Otro lugar de obligada visita es la casa donde vivi\u00f3 Santa Catalina Thom\u00e1s, convertida hoy en capilla.\u201d La Beateta\u201d como se le conoce en Valldemosa y en Mallorca es una santa a la que se le tiene gran devoci\u00f3n. Vivi\u00f3 y muri\u00f3 en el siglo XVI. Es la patrona de Valldemosa.<br \/>\nValldemosa mantiene vivo el recuerdo del pasado por todos sus rincones con un sabor se\u00f1orial.<br \/>\nEn 1859 en su \u201cViaje a Valldemosa\u201d, Mje Dupont-Delporte nos la describe as\u00ed:<br \/>\n\u2026 Cuanto uno m\u00e1s se aproxima a este pueblo, tanto m\u00e1s la campi\u00f1a viene a ser accidentada, pintoresca, encantadora: se halla edificado sobre una colina, la m\u00e1s graciosa, la m\u00e1s florida que se puede ver, las rocas son de todos colores, y no hay punto de vista m\u00e1s alegre que el de estas monta\u00f1as, ofreciendo una mezcla de rocas y de lujosa vegetaci\u00f3n, y todo regado por las mejores aguas posibles. (\u2026) veremos en esta villa, una antigua Cartuja en una maravillosa posici\u00f3n; la vista es muy hermosa; descansando siempre sobre jardines bien plantados. (\u2026) los religiosos no pod\u00edan haber elegido un camino m\u00e1s agradable para ir al cielo (\u2026) qu\u00e9 sensaci\u00f3n tan encantadora se experimenta en medio del silencio severo de estos claustros, contrastando con una naturaleza tan risue\u00f1a. Es preciso ver la iglesia de este convento, que aunque despojada de sus riquezas se pueden admirar todav\u00eda bastantes hermosos detalles\u201d.<\/p>\n<p style=\"text-align: justify;\"><a href=\"http:\/\/www.itrabo.es\/\"><img decoding=\"async\" loading=\"lazy\" class=\"aligncenter size-full wp-image-25975\" src=\"http:\/\/granadacostanacional.es\/wp-content\/uploads\/2020\/11\/web-itrabo.gif\" alt=\"web itrabo\" width=\"689\" height=\"567\" \/><\/a><\/p>\n","protected":false},"excerpt":{"rendered":"<p>Podr\u00e1 leer el libro entero a trav\u00e9s de este enlace\u00a0&#8220;Santa Catalina Tom\u00e1s\u00a0 y Valldemossa&#8221; &nbsp; VALLDEMOSA Valldemosa es un pueblo&hellip;<\/p>\n","protected":false},"author":2,"featured_media":26603,"comment_status":"open","ping_status":"open","sticky":false,"template":"","format":"standard","meta":{"om_disable_all_campaigns":false,"_mi_skip_tracking":false,"_monsterinsights_sitenote_active":false,"_monsterinsights_sitenote_note":"","_monsterinsights_sitenote_category":0,"footnotes":""},"categories":[21,29,30],"tags":[],"aioseo_notices":[],"_links":{"self":[{"href":"https:\/\/granadacostaglobal.es\/index.php?rest_route=\/wp\/v2\/posts\/26601"}],"collection":[{"href":"https:\/\/granadacostaglobal.es\/index.php?rest_route=\/wp\/v2\/posts"}],"about":[{"href":"https:\/\/granadacostaglobal.es\/index.php?rest_route=\/wp\/v2\/types\/post"}],"author":[{"embeddable":true,"href":"https:\/\/granadacostaglobal.es\/index.php?rest_route=\/wp\/v2\/users\/2"}],"replies":[{"embeddable":true,"href":"https:\/\/granadacostaglobal.es\/index.php?rest_route=%2Fwp%2Fv2%2Fcomments&post=26601"}],"version-history":[{"count":0,"href":"https:\/\/granadacostaglobal.es\/index.php?rest_route=\/wp\/v2\/posts\/26601\/revisions"}],"wp:featuredmedia":[{"embeddable":true,"href":"https:\/\/granadacostaglobal.es\/index.php?rest_route=\/"}],"wp:attachment":[{"href":"https:\/\/granadacostaglobal.es\/index.php?rest_route=%2Fwp%2Fv2%2Fmedia&parent=26601"}],"wp:term":[{"taxonomy":"category","embeddable":true,"href":"https:\/\/granadacostaglobal.es\/index.php?rest_route=%2Fwp%2Fv2%2Fcategories&post=26601"},{"taxonomy":"post_tag","embeddable":true,"href":"https:\/\/granadacostaglobal.es\/index.php?rest_route=%2Fwp%2Fv2%2Ftags&post=26601"}],"curies":[{"name":"wp","href":"https:\/\/api.w.org\/{rel}","templated":true}]}}