{"id":26586,"date":"2020-12-29T09:53:37","date_gmt":"2020-12-29T09:53:37","guid":{"rendered":"http:\/\/granadacostanacional.es\/?p=26586"},"modified":"2020-12-29T09:53:37","modified_gmt":"2020-12-29T09:53:37","slug":"musicos-por-la-salud-propone-una-hora-diaria-de-musica-en-hospitales-y-residencias-de-mayores-para-acompanar-a-las-personas-aisladas","status":"publish","type":"post","link":"https:\/\/granadacostaglobal.es\/?p=26586","title":{"rendered":"M\u00fasicos por la Salud propone una hora diaria de m\u00fasica en hospitales y residencias de mayores para acompa\u00f1ar a las personas aisladas"},"content":{"rendered":"<ul>\n<li style=\"text-align: justify;\">\n<h2>Es una iniciativa solidaria pionera en el \u00e1mbito internacional<\/h2>\n<\/li>\n<li style=\"text-align: justify;\">\n<h2>La iniciativa acompa\u00f1a a las personas aisladas en hospitales y residencias<\/h2>\n<\/li>\n<li style=\"text-align: justify;\">\n<h2>Propone incluir una hora diaria de m\u00fasica mediante conciertos pregrabados (inicialmente 500 conciertos)<\/h2>\n<\/li>\n<li style=\"text-align: justify;\">\n<h2>Facilita el contacto y sirve de nexo entre los sectores cultural y sanitario<\/h2>\n<\/li>\n<\/ul>\n<p style=\"text-align: justify;\"><strong>\u00a0<\/strong><\/p>\n<p style=\"text-align: justify;\"><strong>Madrid, 28 de diciembre de 2020.<\/strong><\/p>\n<p style=\"text-align: justify;\">Coincidiendo con la Navidad, la Fundaci\u00f3n <a href=\"https:\/\/www.musicosporlasalud.org\">M\u00fasicos por la Salud<\/a> presenta <a href=\"https:\/\/www.lacancionmasimportante.org\">LaCanci\u00f3nM\u00e1sImportante.org<\/a>, una iniciativa solidaria pionera en el \u00e1mbito internacional cuyo objetivo es minorar los devastadores efectos de las restricciones de las visitas en hospitales y residencias para que las personas que est\u00e1n aisladas en hospitales y centros sociosanitarios se sientan acompa\u00f1adas incluyendo <strong>una hora diaria de m\u00fasica <\/strong>mediante conciertos pregrabados.<\/p>\n<p style=\"text-align: justify;\">La Fundaci\u00f3n tiene previsto poner disposici\u00f3n de los centros de toda Espa\u00f1a m\u00e1s de 500 conciertos en su fase inicial. La iniciativa no tiene fecha de finalizaci\u00f3n, a\u00f1adi\u00e9ndose conciertos de manera permanente. Los beneficiarios (pacientes, residentes y usuarios) pueden visualizar los conciertos en sus habitaciones o zonas comunes a trav\u00e9s del circuito cerrado de TV, tabletas y sus propios dispositivos.<\/p>\n<p style=\"text-align: justify;\">Facilitar el contacto, servir de nexo entre los sectores cultural y sanitario, demostrar la efectividad de la m\u00fasica en las situaciones de vulnerabilidad, aportar una visi\u00f3n positivista e inspiradora relacionada con la pandemia para demostrar que tambi\u00e9n ha servido para reunir al colectivo musical en esta buena causa y unir a las personas en momentos de aislamiento son algunas de las derivadas de esta iniciativa innovadora.<\/p>\n<p style=\"text-align: justify;\">Estos conciertos est\u00e1n cedidos por los principales colectivos musicales: Asociaci\u00f3n de Artistas Int\u00e9rpretes o Ejecutantes (AIE), Sociedad General de Autores (SGAE), Asociaci\u00f3n Espa\u00f1ola Orquestas Sinf\u00f3nicas (AEOS)<strong>, <\/strong>Confederaci\u00f3n Espa\u00f1ola de Sociedades Musicales (CESM), Asociaci\u00f3n Espa\u00f1ola de Centros Superiores de Ense\u00f1anzas Art\u00edsticas (ACESEA), Berklee College of Music, Fundaci\u00f3n Alb\u00e9niz (Escuela Superior de M\u00fasica Reina Sof\u00eda), Orquesta y fundaci\u00f3n Musical Sim\u00f3n Bol\u00edvar (El Sistema), Festival de Flamenco Cante de Las Minas, Melboss, entre otros.<\/p>\n<p style=\"text-align: justify;\">Tambi\u00e9n se ha contado con el apoyo de artistas como Vanesa Mart\u00edn, Pablo Albor\u00e1n, Amaral, Dani Mart\u00edn, Rozal\u00e9n, \u00c1lex Ubago, Leiva, Jorge Drexler, Coti, Kiko Veneno, Izan, David Otero, Conchita, Efecto Mariposa, Ismael Serrano o David Summers, entre otros.<\/p>\n<p style=\"text-align: justify;\">Guillermo Giner, fundador de M\u00fasicos por la Salud, afirma: \u201c<em>Esta iniciativa se puso en marcha al inicio de la pandemia y el objetivo es que se incluya una hora diaria de m\u00fasica dentro de la programaci\u00f3n anual de actividades y servicios de los hospitales y centros sociosanitarios<\/em>\u201d.<em>\u00a0 <\/em><\/p>\n<p style=\"text-align: justify;\"><a href=\"http:\/\/granadacostanacional.es\/wp-content\/uploads\/2020\/12\/202012241928445744.jpg\"><img decoding=\"async\" loading=\"lazy\" class=\"aligncenter size-large wp-image-26588\" src=\"http:\/\/granadacostanacional.es\/wp-content\/uploads\/2020\/12\/202012241928445744-1024x682.jpg\" alt=\"202012241928445744\" width=\"1024\" height=\"682\" \/><\/a> <a href=\"http:\/\/granadacostanacional.es\/wp-content\/uploads\/2020\/12\/202012241929159822.jpg\"><img decoding=\"async\" loading=\"lazy\" class=\"aligncenter size-large wp-image-26589\" src=\"http:\/\/granadacostanacional.es\/wp-content\/uploads\/2020\/12\/202012241929159822.jpg\" alt=\"202012241929159822\" width=\"850\" height=\"477\" \/><\/a><\/p>\n<p style=\"text-align: justify;\">\n<p style=\"text-align: justify;\"><strong>Sobre fundaci\u00f3n M\u00fasicos por la Salud.<\/strong><\/p>\n<p style=\"text-align: justify;\">M\u00fasicos por la Salud es una fundaci\u00f3n que, desde 2015, aporta momentos de respiro y alivio mediante la m\u00fasica para ayudar a personas en 43 hospitales y 116 centros sociosanitarios y de manera telem\u00e1tica a m\u00e1s de 1.200 centros.<\/p>\n<p style=\"text-align: justify;\">La fundaci\u00f3n realiza microconciertos en toda Espa\u00f1a y cuenta con sedes en Valencia, Madrid, Barcelona, Arag\u00f3n, Andaluc\u00eda, Castilla y Le\u00f3n, Castilla La Mancha, La Rioja, Baleares y Canarias.<\/p>\n<p style=\"text-align: justify;\">Durante la pandemia de la COVID-19, por petici\u00f3n expresa de hospitales y centros sociosanitarios, que no quer\u00edan ver interrumpidos los microconciertos, la fundaci\u00f3n adapt\u00f3 su actividad para realizarla de manera telem\u00e1tica con la iniciativa LaCanci\u00f3nM\u00e1sImportante.<\/p>\n<p style=\"text-align: justify;\">Diariamente, M\u00fasicos por la Salud realiza microconciertos en los que los m\u00fasicos siguen atendiendo, desde casa, las peticiones de pacientes, residentes, usuarios, familiares y personal que <a href=\"https:\/\/www.musicosporlasalud.org\/info\/AF_cartel_encarga_tu_cancion.pdf\">escogen sus canciones favoritas<\/a>. Actualmente el 95% de la actividad de la fundaci\u00f3n M\u00fasicos por la Salud es online y los m\u00fasicos desde casa siguen realizando los microconciertos de manera telem\u00e1tica.<\/p>\n<p style=\"text-align: justify;\">Adem\u00e1s, los microconciertos suponen una manera de poner en contacto a pacientes, residentes y usuarios con sus familiares, debido a que pueden conectarse y participar de manera telem\u00e1tica (desde casa).<\/p>\n<p style=\"text-align: justify;\">\u00a0<a href=\"http:\/\/granadacostanacional.es\/wp-content\/uploads\/2020\/12\/202012241929477918.jpg\"><img decoding=\"async\" loading=\"lazy\" class=\"aligncenter size-large wp-image-26590\" src=\"http:\/\/granadacostanacional.es\/wp-content\/uploads\/2020\/12\/202012241929477918.jpg\" alt=\"202012241929477918\" width=\"1000\" height=\"667\" \/><\/a> <a href=\"http:\/\/granadacostanacional.es\/wp-content\/uploads\/2020\/12\/202012241930046428.jpg\"><img decoding=\"async\" loading=\"lazy\" class=\"aligncenter size-large wp-image-26591\" src=\"http:\/\/granadacostanacional.es\/wp-content\/uploads\/2020\/12\/202012241930046428-1024x682.jpg\" alt=\"202012241930046428\" width=\"1024\" height=\"682\" \/><\/a><\/p>\n<p style=\"text-align: justify;\"><strong>Relaci\u00f3n entre la m\u00fasica y la Salud<\/strong><\/p>\n<p style=\"text-align: justify;\">Experiencia propia reflejada en el <a href=\"https:\/\/www.musicosporlasalud.org\/info\/estudio_impacto_mad_musicos_por_la_salud.pdf\">estudio de impacto<\/a> de nuestros microconciertos y coros, sobre la mejora de la calidad de vida de las personas a trav\u00e9s de nuestra actividad, realizado la Fundaci\u00f3n Musicoterapia y Salud (Master de Musicoterapia Avanzada, Facultad de Medicina, Universidad Aut\u00f3noma de Madrid).<\/p>\n<p style=\"text-align: justify;\">La Organizaci\u00f3n Mundial de la Salud (OMS) a trav\u00e9s de su estudio \u201c<a href=\"https:\/\/urldefense.proofpoint.com\/v2\/url?u=http-3A__www.euro.who.int_en_media-2Dcentre_events_events_2019_11_launch-2Dof-2Dfirst-2Dwho-2Dreport-2Don-2Dthe-2Devidence-2Dbase-2Dfor-2Darts-2Dand-2Dhealth-2Dinterventions&amp;d=DwMFaQ&amp;c=5VD0RTtNlTh3ycd41b3MUw&amp;r=5_fOzbJTvyCmZmI9fSEth4LB29kOvwr5pSlokpbw1DM&amp;m=XU3Akgld54uyhs44meijObhmUqOfsgHNO9I-CAPKcLI&amp;s=qJaSziZGDb8b3Y0teh7dY6iTJxHDzZddR99r99Gf9ZA&amp;e=\">Arts&amp;Health<\/a>\u201d que sintetiza la evidencia global sobre el papel de las artes en la mejora de la salud y el bienestar, recomienda a los Gobiernos y autoridades aplicar pol\u00edticas que empleen las artes en el entorno sociosanitario, especialmente la m\u00fasica.<\/p>\n<p style=\"text-align: justify;\">\n<p style=\"text-align: justify;\"><a href=\"https:\/\/www.frutaselporton.es\/apps\/wa1\/Pizarra.html\"><img decoding=\"async\" loading=\"lazy\" class=\"aligncenter size-full wp-image-25341\" src=\"http:\/\/granadacostanacional.es\/wp-content\/uploads\/2020\/09\/El-port\u00f3n.gif\" alt=\"El port\u00f3n\" width=\"787\" height=\"394\" \/><\/a><\/p>\n","protected":false},"excerpt":{"rendered":"<p>Es una iniciativa solidaria pionera en el \u00e1mbito internacional La iniciativa acompa\u00f1a a las personas aisladas en hospitales y residencias&hellip;<\/p>\n","protected":false},"author":2,"featured_media":26587,"comment_status":"open","ping_status":"open","sticky":false,"template":"","format":"standard","meta":{"om_disable_all_campaigns":false,"_mi_skip_tracking":false,"_monsterinsights_sitenote_active":false,"_monsterinsights_sitenote_note":"","_monsterinsights_sitenote_category":0,"footnotes":""},"categories":[21,22,19,30],"tags":[],"aioseo_notices":[],"_links":{"self":[{"href":"https:\/\/granadacostaglobal.es\/index.php?rest_route=\/wp\/v2\/posts\/26586"}],"collection":[{"href":"https:\/\/granadacostaglobal.es\/index.php?rest_route=\/wp\/v2\/posts"}],"about":[{"href":"https:\/\/granadacostaglobal.es\/index.php?rest_route=\/wp\/v2\/types\/post"}],"author":[{"embeddable":true,"href":"https:\/\/granadacostaglobal.es\/index.php?rest_route=\/wp\/v2\/users\/2"}],"replies":[{"embeddable":true,"href":"https:\/\/granadacostaglobal.es\/index.php?rest_route=%2Fwp%2Fv2%2Fcomments&post=26586"}],"version-history":[{"count":0,"href":"https:\/\/granadacostaglobal.es\/index.php?rest_route=\/wp\/v2\/posts\/26586\/revisions"}],"wp:featuredmedia":[{"embeddable":true,"href":"https:\/\/granadacostaglobal.es\/index.php?rest_route=\/"}],"wp:attachment":[{"href":"https:\/\/granadacostaglobal.es\/index.php?rest_route=%2Fwp%2Fv2%2Fmedia&parent=26586"}],"wp:term":[{"taxonomy":"category","embeddable":true,"href":"https:\/\/granadacostaglobal.es\/index.php?rest_route=%2Fwp%2Fv2%2Fcategories&post=26586"},{"taxonomy":"post_tag","embeddable":true,"href":"https:\/\/granadacostaglobal.es\/index.php?rest_route=%2Fwp%2Fv2%2Ftags&post=26586"}],"curies":[{"name":"wp","href":"https:\/\/api.w.org\/{rel}","templated":true}]}}