{"id":26566,"date":"2020-12-27T10:38:05","date_gmt":"2020-12-27T10:38:05","guid":{"rendered":"http:\/\/granadacostanacional.es\/?p=26566"},"modified":"2020-12-27T10:38:05","modified_gmt":"2020-12-27T10:38:05","slug":"conciencia-honor-y-lealtad-al-rey","status":"publish","type":"post","link":"https:\/\/granadacostaglobal.es\/?p=26566","title":{"rendered":"CONCIENCIA,  HONOR  Y  LEALTAD  AL  REY\u2026"},"content":{"rendered":"<p style=\"text-align: justify;\">En estos d\u00edas de estancia obligada en casa y restringida movilidad, da tiempo a\u00a0 dedicarle muchas horas a la lectura, pues como declara el dicho, <em>leer, tal vez, no te\u00a0 har\u00e1 m\u00e1s inteligente pero te har\u00e1 menos ignorante.<\/em> Releyendo la Historia de Espa\u00f1a abr\u00ed el libro y el azar me llev\u00f3 por el cap\u00edtulo donde se narra\u00a0 la invasi\u00f3n de Espa\u00f1a por los \u00e1rabes. El historiador dec\u00eda esto: \u201clos moros hab\u00edan intentado ya varias veces apoderarse de Espa\u00f1a, pero siempre hab\u00edan sido rechazados. M\u00e1s juntos \u00e1rabes y moros, y seducidos por la esperanza de poseer esta tierra hermosa, f\u00e9rtil y bella, templada y dulce, abundante en aromas y flores, frutos y metales y aprovech\u00e1ndose de la ayuda\u00a0 de ALGUNOS MALOS ESPA\u00d1OLES (traidores) penetraron en Espa\u00f1a en el siglo VIII\u201d.<\/p>\n<p style=\"text-align: justify;\">Como se puede ver, en pocas l\u00edneas se dice mucho, Espa\u00f1a era una tierra que todos quer\u00edan poseer, y fue invadida por\u00a0 la ayuda de traidores a la Patria. Volviendo unos siglos atr\u00e1s, los romanos tambi\u00e9n invadieron Espa\u00f1a por la ayuda de TRAIDORES. Conocida es la historia de Viriato y la contestaci\u00f3n romana cuando estos <strong>malos espa\u00f1oles<\/strong> fueron a cobrar el precio de su traici\u00f3n: \u201cRoma no paga a los traidores\u201d.<\/p>\n<p style=\"text-align: justify;\">\u00bfTenemos hoy en el siglo XXI traidores a la Patria en Espa\u00f1a?\u00a0 Traidores siempre los hubo, los hay y los habr\u00e1. Claro que en cada \u00e9poca se visten con distintos ropajes, incluso el de la legalidad, por falsa filantrop\u00eda, por la libertad y otras absurdas y falsas expresiones para justificar las acciones de los malos espa\u00f1oles. Hoy las invasiones no se hacen con la violencia de las armas sino por la inmigraci\u00f3n en pateras que ocupan viviendas, propiedades, calles y plazas campando a sus anchas y haciendo imposible la vida a los espa\u00f1oles ante la indiferencia e inacci\u00f3n del gobierno. Lo profetiz\u00f3 hace a\u00f1os el que fuera presidente\u00a0 de Libia, Coronel Gadafi: \u201cLa invasi\u00f3n de Europa vendr\u00e1 a trav\u00e9s del vientre de nuestras mujeres\u201d. Hace a\u00f1os que ya estamos en esto.<\/p>\n<p style=\"text-align: justify;\">\u00a0\u00a0\u00a0\u00a0\u00a0\u00a0\u00a0\u00a0 Una muestra m\u00e1s de que tenemos malos espa\u00f1oles, son los constantes ataques\u00a0 a la CORONA por \u00a0partidos \u00a0en el gobierno cuyo presidente, vicepresidentes y ministros han jurado o prometido por su \u201cconciencia y honor cumplir fielmente las obligaciones de su cargo \u00a0con lealtad al Rey y guardar y hacer guardar la Constituci\u00f3n\u00a0 como norma fundamental del Estado\u201d. El Rey que es el \u00fanico con preparaci\u00f3n para esa misi\u00f3n de Jefe del Estado y que siempre sabe representarnos con dignidad.<\/p>\n<p style=\"text-align: justify;\">\u00a0\u00a0\u00a0\u00a0\u00a0\u00a0\u00a0\u00a0 Los ataques a la Monarqu\u00eda y la preparaci\u00f3n hacia una rep\u00fablica \u00bfno es una traici\u00f3n a la Constituci\u00f3n, al Estado, a Espa\u00f1a?\u00a0\u00a0 La Constituci\u00f3n en su T\u00edtulo\u00a0 Preliminar, Art\u00edculo 1\u00ba-3 dice: La forma pol\u00edtica del Estado espa\u00f1ol, es la Monarqu\u00eda parlamentaria. Claro que en la actualidad las promesas y la palabra dada est\u00e1n muy devaluadas en aquellos que carecen de honor, pero\u00a0 la\u00a0 deslealtad en un alto cargo es de lo m\u00e1s abyecto y peligroso. Antes hechos tan graves los partidos de la oposici\u00f3n apenas reaccionan. \u00a1qu\u00e9 m\u00e1s da!<\/p>\n<p style=\"text-align: justify;\">Cuando se oyen los comentarios de los medios de comunicaci\u00f3n de otros pa\u00edses sobre c\u00f3mo los espa\u00f1oles han tratado la pandemia del Covid, da verg\u00fcenza. El mayor n\u00famero de muertos y de contagiados del mundo: ESPA\u00d1A, y entre todos\u00a0 estos los sanitarios que ten\u00edan que estar sumamente protegidos. Y todo en un ambiente de mentiras y corrupciones que hace que vivamos en una perenne inquietud y arruinando Espa\u00f1a. Con cu\u00e1nta raz\u00f3n los grandes estadistas han afirmado que el enemigo m\u00e1s temible de la democracia es la demagogia. Adem\u00e1s a este gobierno hay que sumarle su horror profundo a las responsabilidades. Hoy hab\u00eda que darle la raz\u00f3n a Ortega y Gasset\u00a0 cuando dec\u00eda que \u201cfuera de Espa\u00f1a, ser espa\u00f1ol es ser algo rid\u00edculo\u201d. No tiene nada de extra\u00f1o que as\u00ed piensen pues <strong>el prestigio de un pa\u00eds\u00a0 est\u00e1 en raz\u00f3n directa con el prestigio social\u00a0 y pol\u00edtico, es decir, el de sus dirigentes, y el de Espa\u00f1a est\u00e1 por los suelos.<\/strong><\/p>\n<p style=\"text-align: justify;\"><strong>\u00a0\u00a0\u00a0\u00a0\u00a0\u00a0\u00a0\u00a0 <\/strong>Otro tema que nos desprestigia es el del lenguaje con las leyes y decretos absurdos del gobierno que choca con el m\u00e1s elemental sentido com\u00fan, pues es Espa\u00f1a el \u00fanico pa\u00eds del mundo donde en algunas de sus autonom\u00edas o regiones\u00a0 se proh\u00edbe hablar el espa\u00f1ol. Ya lo advirti\u00f3\u00a0 el ilustre m\u00fasico Ruperto Chap\u00ed: \u201cest\u00fapida inconsciencia para inmolar lo m\u00e1s grande que tiene un pueblo, una naci\u00f3n: su propia lengua\u201d. Pues en ello estamos.<\/p>\n<p style=\"text-align: justify;\">Hay una gran diferencia entre el ayer y el hoy. Emociona y se siente el orgullo de ser Espa\u00f1ol cuando en la Historia de Am\u00e9rica se lee esto: \u201cLa lealtad fue la primera cualidad de que dispusieron todos los hombres que, sin ser escogidos previamente llevaban la bandera de Espa\u00f1a por las Indias\u201d.<\/p>\n<p style=\"text-align: justify;\">\u00a0\u00a0\u00a0\u00a0\u00a0\u00a0\u00a0\u00a0 En la actualidad, esa primera cualidad de los hombres de ayer, parece no existir, y eso que en apariencia son escogidos, pero ante la realidad\u00a0 est\u00e1 claro que no sabemos escoger. Y nos lo advirti\u00f3 D. Quijote: \u201cAmigo Sancho: compruebo con pesar c\u00f3mo los palacios son ocupados por ga\u00f1anes y las chozas por sabios\u201d.<\/p>\n<p style=\"text-align: justify;\">No obstante, tengo la esperanza de que alg\u00fan d\u00eda los espa\u00f1oles sabremos elegir a quienes nos representen con dignidad.<\/p>\n<p style=\"text-align: justify;\">\u00a0\u00a0\u00a0\u00a0\u00a0\u00a0\u00a0\u00a0 No es mi intenci\u00f3n hacer inquisidor del Gobierno, pero teniendo en su haber unos 70.000 muertos en unos meses por el virus, la econom\u00eda en ruinas, m\u00e1s de 4 millones de parados y un gran n\u00famero de errores en su gesti\u00f3n, pues pienso que no son momentos de hacer gesto de arrogancia y autocomplacencia sino de humildad y de tristeza que es el ambiente donde estamos inmersos. Ante este panorama puede uno preguntarse: \u00bfTienen estos se\u00f1ores conciencia, honor y lealtad a lo prometido?<\/p>\n<p style=\"text-align: justify;\">\n<p style=\"text-align: right;\"><em><strong>JOS\u00c9 ANTONIO BUSTOS<\/strong><\/em><\/p>\n<p style=\"text-align: justify;\"><a href=\"http:\/\/www.restaurantekatena.es\/\"><img decoding=\"async\" loading=\"lazy\" class=\"aligncenter size-full wp-image-25429\" src=\"http:\/\/granadacostanacional.es\/wp-content\/uploads\/2020\/09\/Katena.gif\" alt=\"Katena\" width=\"630\" height=\"519\" \/><\/a><\/p>\n","protected":false},"excerpt":{"rendered":"<p>En estos d\u00edas de estancia obligada en casa y restringida movilidad, da tiempo a\u00a0 dedicarle muchas horas a la lectura,&hellip;<\/p>\n","protected":false},"author":2,"featured_media":16054,"comment_status":"open","ping_status":"open","sticky":false,"template":"","format":"standard","meta":{"om_disable_all_campaigns":false,"_mi_skip_tracking":false,"_monsterinsights_sitenote_active":false,"_monsterinsights_sitenote_note":"","_monsterinsights_sitenote_category":0,"footnotes":""},"categories":[21,30],"tags":[],"aioseo_notices":[],"_links":{"self":[{"href":"https:\/\/granadacostaglobal.es\/index.php?rest_route=\/wp\/v2\/posts\/26566"}],"collection":[{"href":"https:\/\/granadacostaglobal.es\/index.php?rest_route=\/wp\/v2\/posts"}],"about":[{"href":"https:\/\/granadacostaglobal.es\/index.php?rest_route=\/wp\/v2\/types\/post"}],"author":[{"embeddable":true,"href":"https:\/\/granadacostaglobal.es\/index.php?rest_route=\/wp\/v2\/users\/2"}],"replies":[{"embeddable":true,"href":"https:\/\/granadacostaglobal.es\/index.php?rest_route=%2Fwp%2Fv2%2Fcomments&post=26566"}],"version-history":[{"count":0,"href":"https:\/\/granadacostaglobal.es\/index.php?rest_route=\/wp\/v2\/posts\/26566\/revisions"}],"wp:featuredmedia":[{"embeddable":true,"href":"https:\/\/granadacostaglobal.es\/index.php?rest_route=\/"}],"wp:attachment":[{"href":"https:\/\/granadacostaglobal.es\/index.php?rest_route=%2Fwp%2Fv2%2Fmedia&parent=26566"}],"wp:term":[{"taxonomy":"category","embeddable":true,"href":"https:\/\/granadacostaglobal.es\/index.php?rest_route=%2Fwp%2Fv2%2Fcategories&post=26566"},{"taxonomy":"post_tag","embeddable":true,"href":"https:\/\/granadacostaglobal.es\/index.php?rest_route=%2Fwp%2Fv2%2Ftags&post=26566"}],"curies":[{"name":"wp","href":"https:\/\/api.w.org\/{rel}","templated":true}]}}