{"id":26556,"date":"2020-12-26T09:56:06","date_gmt":"2020-12-26T09:56:06","guid":{"rendered":"http:\/\/granadacostanacional.es\/?p=26556"},"modified":"2020-12-26T09:56:06","modified_gmt":"2020-12-26T09:56:06","slug":"libro-recomendado-el-vals-eterno-del-alfil-de-jose-jaime-capel-molina-premio-de-literatura-granada-costa-2018","status":"publish","type":"post","link":"https:\/\/granadacostaglobal.es\/?p=26556","title":{"rendered":"Libro recomendado &#8220;El Vals Eterno del Alfil&#8221; de Jos\u00e9 Jaime Capel Molina, Premio de Literatura Granada Costa  2018"},"content":{"rendered":"<p>Podr\u00e1 leer el libro entero a trav\u00e9s de este enlace\u00a0<span style=\"color: #3366ff;\"><a style=\"color: #3366ff;\" href=\"http:\/\/granadacostanacional.es\/downloads\/Libro Premio Literatura Jos\u00e9 Jaime web.pdf\">&#8220;El Vals Eterno del Alfil&#8221;<\/a><\/span><\/p>\n<p>&nbsp;<\/p>\n<h2 style=\"text-align: center;\">Premio Humanidades Granada Costa Literatura 2018<\/h2>\n<h2 style=\"text-align: center;\">Acta del Jurado de Premios y Distinciones Granada Costa<\/h2>\n<p>Reunido el jurado de premios y distinciones del proyecto Nacional de Cultura Granada Costa en Almu\u00f1\u00e9car el pasado d\u00eda 25 de diciembre de 2017, presidido por Don Jos\u00e9 Segura Haro y a propuesta del poeta y Profesor Em\u00e9rito de Filosof\u00eda de la Universitat de les Illes Balears, Don Diego Sabiote Navarro, se acord\u00f3, en un jurado compuesto tanto por los dos anteriores como por la Subdirectora Adjunta para Catalu\u00f1a y Doctora en Psicolog\u00eda, To\u00f1y Castillo Mel\u00e9ndez, la Delegada Nacional de poes\u00eda, Carmen Carrasco Ramos, la cantante popular espa\u00f1ola, Inmaculada Rej\u00f3n y el Music\u00f3logo Jes\u00fas Solano, acordaron por unanimidad conceder el siguiente premio:<br \/>\nPremio de Literatura al poeta y catedr\u00e1tico de Geograf\u00eda en la Universidad de Almer\u00eda, Don Jos\u00e9 Jaime Capel Molina.<br \/>\nEl jurado, para el considerando de este premio, ha tenido en cuenta la trayectoria del premiado en la mayor\u00eda de sus facetas tanto profesionales como art\u00edsticas. Aunque Jos\u00e9 Jaime inicialmente se licenci\u00f3 en Filosof\u00eda y Letras por la Universidad de Granada, con prontitud se decant\u00f3 por el campo de la Geograf\u00eda, donde su trabajo ha sido verdaderamente prol\u00edfero, especialmente en el campo de la Climatolog\u00eda, en el que es uno de los mayores expertos de Espa\u00f1a. Desde 1972 aporta sistem\u00e1ticamente estudios sobre la Pen\u00ednsula Ib\u00e9rica, o referidos a distintos escenarios del Planeta, Am\u00e9rica, La Ant\u00e1rtida, Europa, \u00c1frica, Asia, Oc\u00e9anos Atl\u00e1ntico y Pac\u00edfico. En su trabajo, ha viajado a todos los rincones del mundo, y muy especialmente Am\u00e9rica Latina, donde vivi\u00f3 todo tipo de pericias para escribir obras de relevancia tal que se encuentran incluso en la Biblioteca de Washington. Para dar a conocer este campo cient\u00edfico fue Fundador del Bolet\u00edn del Instituto de Estudios Almerienses, de la Revistas \u201cParalelo 37\u00ba\u201d y \u201cNimbus\u201d, entre otros.<br \/>\nSin embargo, Don Jos\u00e9 Jaime Capel Molina nunca ha olvidado la cultura, y ha sido part\u00edcipe o incluso impulsor de numerosas manifestaciones. Por ejemplo, ha sido Director de Cultura de la Universidad de Murcia y Director de Exposiciones Audiovisuales de la Universidad de Almer\u00eda. Por otro lado, ha escrito trabajos sobre la labor pict\u00f3rica de sus coterr\u00e1neos. Igualmente ha destacado como pintor hiperrealista de la naturaleza y su h\u00e1bitat, como compromiso con la realidad que trasciende el del simple gusto est\u00e9tico, realizando diversas exposiciones individuales en el Museo provincial de Bellas Artes de Murcia, en UNICAJA, Almer\u00eda y en el Museo de la Universidad de Murcia, por lo que su faceta multidisciplinar queda fuera de duda.<br \/>\nLeyendo hasta aqu\u00ed, ser\u00eda suficientemente para avalar la entrega de este premio por parte del jurado de Premio y Distinciones Granada Costa. No obstante, es de recibo se\u00f1alar la ingente cantidad de obra po\u00e9tica que ha escrito desde 1984 el premiado, y por la cual ha recibido numerosos reconocimientos y galardones y que, en gran parte, es el motivo por el que se le concede este Premio de Literatura.<\/p>\n<p style=\"text-align: right;\">Jos\u00e9 Segura Haro<br \/>\nPresidente del Proyecto Nacional<br \/>\nDe Cultura Granada Costa<\/p>\n<p style=\"text-align: right;\"><a href=\"https:\/\/www.valenzuela.es\/\"><img decoding=\"async\" loading=\"lazy\" class=\"aligncenter wp-image-26234 size-large\" src=\"http:\/\/granadacostanacional.es\/wp-content\/uploads\/2020\/11\/Valenzuela-1024x843.gif\" alt=\"Valenzuela\" width=\"1024\" height=\"843\" \/><\/a><\/p>\n","protected":false},"excerpt":{"rendered":"<p>Podr\u00e1 leer el libro entero a trav\u00e9s de este enlace\u00a0&#8220;El Vals Eterno del Alfil&#8221; &nbsp; Premio Humanidades Granada Costa Literatura&hellip;<\/p>\n","protected":false},"author":2,"featured_media":26557,"comment_status":"open","ping_status":"open","sticky":false,"template":"","format":"standard","meta":{"om_disable_all_campaigns":false,"_mi_skip_tracking":false,"_monsterinsights_sitenote_active":false,"_monsterinsights_sitenote_note":"","_monsterinsights_sitenote_category":0,"footnotes":""},"categories":[21,29,30],"tags":[],"aioseo_notices":[],"_links":{"self":[{"href":"https:\/\/granadacostaglobal.es\/index.php?rest_route=\/wp\/v2\/posts\/26556"}],"collection":[{"href":"https:\/\/granadacostaglobal.es\/index.php?rest_route=\/wp\/v2\/posts"}],"about":[{"href":"https:\/\/granadacostaglobal.es\/index.php?rest_route=\/wp\/v2\/types\/post"}],"author":[{"embeddable":true,"href":"https:\/\/granadacostaglobal.es\/index.php?rest_route=\/wp\/v2\/users\/2"}],"replies":[{"embeddable":true,"href":"https:\/\/granadacostaglobal.es\/index.php?rest_route=%2Fwp%2Fv2%2Fcomments&post=26556"}],"version-history":[{"count":0,"href":"https:\/\/granadacostaglobal.es\/index.php?rest_route=\/wp\/v2\/posts\/26556\/revisions"}],"wp:featuredmedia":[{"embeddable":true,"href":"https:\/\/granadacostaglobal.es\/index.php?rest_route=\/"}],"wp:attachment":[{"href":"https:\/\/granadacostaglobal.es\/index.php?rest_route=%2Fwp%2Fv2%2Fmedia&parent=26556"}],"wp:term":[{"taxonomy":"category","embeddable":true,"href":"https:\/\/granadacostaglobal.es\/index.php?rest_route=%2Fwp%2Fv2%2Fcategories&post=26556"},{"taxonomy":"post_tag","embeddable":true,"href":"https:\/\/granadacostaglobal.es\/index.php?rest_route=%2Fwp%2Fv2%2Ftags&post=26556"}],"curies":[{"name":"wp","href":"https:\/\/api.w.org\/{rel}","templated":true}]}}