{"id":26542,"date":"2020-12-22T12:02:44","date_gmt":"2020-12-22T12:02:44","guid":{"rendered":"http:\/\/granadacostanacional.es\/?p=26542"},"modified":"2020-12-22T12:02:44","modified_gmt":"2020-12-22T12:02:44","slug":"cs-celebra-la-inclusion-de-motril-en-las-ayudas-andaluzas-al-litoral-una-apuesta-firme-de-la-junta-por-toda-la-costa-tropical","status":"publish","type":"post","link":"https:\/\/granadacostaglobal.es\/?p=26542","title":{"rendered":"Cs celebra la inclusi\u00f3n de Motril en las ayudas andaluzas al litoral, \u201cuna apuesta firme de la Junta por toda la Costa Tropical\u201d"},"content":{"rendered":"<ul>\n<li style=\"text-align: justify;\">El portavoz de Ciudadanos (Cs) en el Ayuntamiento de Motril y concejal de Desarrollo del Litoral, Turismo y Playas, Jos\u00e9 Lemos, destaca las <strong>ayudas espec\u00edficas impulsadas desde la Consejer\u00eda de Turismo para la costa de Motril por valor m\u00e1s de 250.000 euros, <\/strong>que se consigue \u201cgracias a un di\u00e1logo productivo, eficaz y fluido entre la Administraci\u00f3n andaluza y la Administraci\u00f3n local\u201d desde que la formaci\u00f3n naranja gobierna en ambas instituciones<\/li>\n<\/ul>\n<p style=\"text-align: justify;\">\n<p style=\"text-align: justify;\"><strong>Motril, 22 de diciembre de 2020.<\/strong> El portavoz de Ciudadanos (Cs) en el Ayuntamiento de Motril y concejal de Desarrollo del Litoral, Turismo y Playas, Jos\u00e9 Lemos, ha celebrado esta ma\u00f1ana que finalmente se hayan incluido las Playas de Motril en las ayudas espec\u00edficas que otorga la Junta de Andaluc\u00eda para la adecuaci\u00f3n del litoral andaluz. \u201c<strong>La tan necesaria apuesta por las playas motrile\u00f1as y la atenci\u00f3n y preocupaci\u00f3n por la Costa Tropical ha tenido que llegar de la mano de Cs\u201d, <\/strong>ha asegurado Lemos.<\/p>\n<p style=\"text-align: justify;\">En este sentido, el concejal de la formaci\u00f3n naranja ha destacado \u201ceste important\u00edsimo nuevo impulso\u201d para las Playas de Motril. <strong>\u201c\u00c9ste es nuestro particular \u2018Gordo de Navidad\u2019 que llega despu\u00e9s de mucho trabajo<\/strong> y gracias a un di\u00e1logo productivo, eficaz y fluido entre la Administraci\u00f3n andaluza y la Administraci\u00f3n local\u201d. \u201cCon Cs en ambos Gobiernos se demuestra con hechos no solo la importancia que le otorgamos a un motor econ\u00f3mico tan importante como es el tur\u00edstico, sino una <strong>atenci\u00f3n y preocupaci\u00f3n constantes por la Costa Tropical<\/strong>, una actitud a la que no nos ten\u00edan acostumbrados los anteriores Gobiernos socialistas\u201d, ha expresado.<\/p>\n<p style=\"text-align: justify;\">En este sentido, el portavoz de la formaci\u00f3n liberal en Motril ha cifrado en casi 2 millones de euros la inversi\u00f3n que llegar\u00e1 a los municipios costeros granadinos de la mano de la Consejer\u00eda de Turismo, que dirige Cs en el Gobierno andaluz, tras incluirse finalmente en estas subvenciones las Playas de Motril. \u201cA nuestra ciudad llegar\u00e1n m\u00e1s de 250.000 euros que permitir\u00e1n actuaciones relativas a la recuperaci\u00f3n medioambiental, accesibilidad y uso sostenible de las playas. \u201c<strong>Nunca antes nuestras costas hab\u00edan recibido tanta inversi\u00f3n <\/strong>y esto se ha producido gracias a la labor proactiva de la Consejer\u00eda y la Delegaci\u00f3n de Turismo, que se ha preocupado por nuestros municipios desde el minuto uno\u201d, ha afirmado Lemos.<\/p>\n<p style=\"text-align: justify;\">El portavoz de Cs en el Ayuntamiento ha destacado asimismo las iniciativas que a nivel local tambi\u00e9n se han impulsado en el Ayuntamiento en el \u00faltimo a\u00f1o, \u201ctodas ellas orientadas a poner en valor nuestro gran patrimonio tur\u00edstico, gastron\u00f3mico y la calidad de nuestras playas\u201d. En esta l\u00ednea, Lemos ha destacado las dos \u00faltimas campa\u00f1as de promoci\u00f3n tur\u00edstica llevadas a cabo desde la Concejal\u00eda naranja, la primera orientada a la atracci\u00f3n de visitantes de la capital \u201cmediante una potente y atractiva campa\u00f1a publicitaria que destaca las bondades de nuestra ciudad\u201d, y la otra centrada en poner en valor \u201cnuestra cocina de alt\u00edsima calidad, promocionando nuestras quisquillas o nuestros frutos tropicales, entre otros productos\u201d, ha concluido.<\/p>\n<p style=\"text-align: justify;\"><a href=\"https:\/\/www.frutaselporton.es\/apps\/wa1\/Pizarra.html\"><img decoding=\"async\" loading=\"lazy\" class=\"aligncenter size-full wp-image-25341\" src=\"http:\/\/granadacostanacional.es\/wp-content\/uploads\/2020\/09\/El-port\u00f3n.gif\" alt=\"El port\u00f3n\" width=\"787\" height=\"394\" \/><\/a><\/p>\n","protected":false},"excerpt":{"rendered":"<p>El portavoz de Ciudadanos (Cs) en el Ayuntamiento de Motril y concejal de Desarrollo del Litoral, Turismo y Playas, Jos\u00e9&hellip;<\/p>\n","protected":false},"author":2,"featured_media":26543,"comment_status":"open","ping_status":"open","sticky":false,"template":"","format":"standard","meta":{"om_disable_all_campaigns":false,"_mi_skip_tracking":false,"_monsterinsights_sitenote_active":false,"_monsterinsights_sitenote_note":"","_monsterinsights_sitenote_category":0,"footnotes":""},"categories":[22],"tags":[],"aioseo_notices":[],"_links":{"self":[{"href":"https:\/\/granadacostaglobal.es\/index.php?rest_route=\/wp\/v2\/posts\/26542"}],"collection":[{"href":"https:\/\/granadacostaglobal.es\/index.php?rest_route=\/wp\/v2\/posts"}],"about":[{"href":"https:\/\/granadacostaglobal.es\/index.php?rest_route=\/wp\/v2\/types\/post"}],"author":[{"embeddable":true,"href":"https:\/\/granadacostaglobal.es\/index.php?rest_route=\/wp\/v2\/users\/2"}],"replies":[{"embeddable":true,"href":"https:\/\/granadacostaglobal.es\/index.php?rest_route=%2Fwp%2Fv2%2Fcomments&post=26542"}],"version-history":[{"count":0,"href":"https:\/\/granadacostaglobal.es\/index.php?rest_route=\/wp\/v2\/posts\/26542\/revisions"}],"wp:featuredmedia":[{"embeddable":true,"href":"https:\/\/granadacostaglobal.es\/index.php?rest_route=\/"}],"wp:attachment":[{"href":"https:\/\/granadacostaglobal.es\/index.php?rest_route=%2Fwp%2Fv2%2Fmedia&parent=26542"}],"wp:term":[{"taxonomy":"category","embeddable":true,"href":"https:\/\/granadacostaglobal.es\/index.php?rest_route=%2Fwp%2Fv2%2Fcategories&post=26542"},{"taxonomy":"post_tag","embeddable":true,"href":"https:\/\/granadacostaglobal.es\/index.php?rest_route=%2Fwp%2Fv2%2Ftags&post=26542"}],"curies":[{"name":"wp","href":"https:\/\/api.w.org\/{rel}","templated":true}]}}