{"id":26540,"date":"2020-12-21T11:47:08","date_gmt":"2020-12-21T11:47:08","guid":{"rendered":"http:\/\/granadacostanacional.es\/?p=26540"},"modified":"2020-12-21T11:47:08","modified_gmt":"2020-12-21T11:47:08","slug":"navidad-3","status":"publish","type":"post","link":"https:\/\/granadacostaglobal.es\/?p=26540","title":{"rendered":"NAVIDAD"},"content":{"rendered":"<p style=\"text-align: justify;\"><strong>Lola Ben\u00edtez Molina<\/strong><\/p>\n<p style=\"text-align: justify;\"><strong>M\u00e1laga (Espa\u00f1a)<\/strong><\/p>\n<p style=\"text-align: justify;\"><strong>\u00a0<\/strong><\/p>\n<p style=\"text-align: justify;\">La Navidad es esa copa del \u00e1rbol sobre la que tej\u00edamos los primeros sue\u00f1os invencibles y tan nuestros de la infancia, en la que todo era posible, mientras la vida abr\u00eda nuestros grandes ojos hacia el respeto y la generosidad, hacia la libertad solidaria y el amor universal\u2026<\/p>\n<p style=\"text-align: justify;\">\u00a0\u00a0\u00a0\u00a0\u00a0\u00a0\u00a0\u00a0\u00a0\u00a0\u00a0 La Navidad es momento de entrega, de disfrutar de momentos m\u00e1gicos junto a los seres queridos donde los ni\u00f1os tienen un protagonismo especial, que engrandece al ser humano porque son portadores de inocencia y de un mundo de fantas\u00eda al que siempre quisi\u00e9ramos pertenecer. En ella, y por siempre, debiera perdurar lo bueno que hay en cada persona.<\/p>\n<p style=\"text-align: justify;\">\u00a0\u00a0\u00a0\u00a0\u00a0\u00a0\u00a0\u00a0\u00a0\u00a0\u00a0 Con el Nacimiento de Cristo, los cristianos celebramos la principal intervenci\u00f3n de Dios en nuestra historia. Celebramos que Dios haya querido encarnarse, en \u201cun ni\u00f1o envuelto en pa\u00f1ales y recostado en un pesebre\u201d, para quedarse por siempre en\/con nosotros. Por ello, jam\u00e1s deber\u00eda dejarnos indiferentes esta \u00e9poca de reflexi\u00f3n y enmienda y esperanza, la cual deber\u00eda ser permanente en el tiempo.<\/p>\n<p style=\"text-align: justify;\">\u00a0\u00a0\u00a0\u00a0\u00a0\u00a0\u00a0\u00a0\u00a0\u00a0\u00a0 Ciertamente, el ser humano que cree en un Ser superior, que conversa con \u00e9l, desde su propio silencio, llenando sus espacios y sus horas con sus mensajes, y dej\u00e1ndole un sabor a tranquilidad, en cada c\u00e9lula y encada latido de vida, con su Amor y su Paz\u2026, es dichoso e impregna de gozo la vida de sus semejantes.<\/p>\n<p style=\"text-align: justify;\">\u00a0\u00a0\u00a0\u00a0\u00a0\u00a0\u00a0\u00a0\u00a0\u00a0\u00a0 Esa persona que cree en un ni\u00f1o peque\u00f1o que la hace grande; en un ni\u00f1o fr\u00e1gil que la hace fuerte; en un ni\u00f1o pobre que la hace rica\u2026; en ese peque\u00f1o ni\u00f1o que vuelve a nacer dentro de su coraz\u00f3n cada a\u00f1o en Navidad, el mismo que se hace presente, diariamente, en su interior\u2026, vive entregada, por Amor a los dem\u00e1s caminantes que junto a ella marchan hacia el horizonte desconocido en el cual saben<\/p>\n<p style=\"text-align: justify;\"><a href=\"http:\/\/churrianadelavega.org\/\"><img decoding=\"async\" loading=\"lazy\" class=\"aligncenter size-full wp-image-26009\" src=\"http:\/\/granadacostanacional.es\/wp-content\/uploads\/2020\/11\/Churriana-de-la-Vega-web-1.gif\" alt=\"Churriana de la Vega web\" width=\"689\" height=\"567\" \/><\/a><\/p>\n","protected":false},"excerpt":{"rendered":"<p>Lola Ben\u00edtez Molina M\u00e1laga (Espa\u00f1a) \u00a0 La Navidad es esa copa del \u00e1rbol sobre la que tej\u00edamos los primeros sue\u00f1os&hellip;<\/p>\n","protected":false},"author":2,"featured_media":25876,"comment_status":"open","ping_status":"open","sticky":false,"template":"","format":"standard","meta":{"om_disable_all_campaigns":false,"_mi_skip_tracking":false,"_monsterinsights_sitenote_active":false,"_monsterinsights_sitenote_note":"","_monsterinsights_sitenote_category":0,"footnotes":""},"categories":[21,30],"tags":[],"aioseo_notices":[],"_links":{"self":[{"href":"https:\/\/granadacostaglobal.es\/index.php?rest_route=\/wp\/v2\/posts\/26540"}],"collection":[{"href":"https:\/\/granadacostaglobal.es\/index.php?rest_route=\/wp\/v2\/posts"}],"about":[{"href":"https:\/\/granadacostaglobal.es\/index.php?rest_route=\/wp\/v2\/types\/post"}],"author":[{"embeddable":true,"href":"https:\/\/granadacostaglobal.es\/index.php?rest_route=\/wp\/v2\/users\/2"}],"replies":[{"embeddable":true,"href":"https:\/\/granadacostaglobal.es\/index.php?rest_route=%2Fwp%2Fv2%2Fcomments&post=26540"}],"version-history":[{"count":0,"href":"https:\/\/granadacostaglobal.es\/index.php?rest_route=\/wp\/v2\/posts\/26540\/revisions"}],"wp:featuredmedia":[{"embeddable":true,"href":"https:\/\/granadacostaglobal.es\/index.php?rest_route=\/"}],"wp:attachment":[{"href":"https:\/\/granadacostaglobal.es\/index.php?rest_route=%2Fwp%2Fv2%2Fmedia&parent=26540"}],"wp:term":[{"taxonomy":"category","embeddable":true,"href":"https:\/\/granadacostaglobal.es\/index.php?rest_route=%2Fwp%2Fv2%2Fcategories&post=26540"},{"taxonomy":"post_tag","embeddable":true,"href":"https:\/\/granadacostaglobal.es\/index.php?rest_route=%2Fwp%2Fv2%2Ftags&post=26540"}],"curies":[{"name":"wp","href":"https:\/\/api.w.org\/{rel}","templated":true}]}}