{"id":26505,"date":"2020-12-20T18:18:23","date_gmt":"2020-12-20T18:18:23","guid":{"rendered":"http:\/\/granadacostanacional.es\/?p=26505"},"modified":"2020-12-20T18:18:23","modified_gmt":"2020-12-20T18:18:23","slug":"hablando-con-el-obispo-de-mallorca-mons-sebastia-taltavull-anglada","status":"publish","type":"post","link":"https:\/\/granadacostaglobal.es\/?p=26505","title":{"rendered":"Hablando con&#8230; el Obispo de Mallorca,  Mons. Sebasti\u00e0 Taltavull Anglada"},"content":{"rendered":"<h4 style=\"text-align: center;\"><strong>Entrevista por Diego Sabiote<\/strong><\/h4>\n<p style=\"text-align: justify;\"><strong>Se ha hecho p\u00fablico el reconocimiento a su trayectoria y su compromiso con la Vida \u2013enti\u00e9ndase Vida en su sentido m\u00e1s amplio\u2013, otorg\u00e1ndole el Proyecto Nacional de Cultura Granada Costa, el Premio de Derechos Humanos. Con motivo de este evento, la Academia de esta entidad cultural aludida est\u00e1 interesada en que nos ofrezca un somero balance del discurrir de su vida. <\/strong><\/p>\n<p style=\"text-align: justify;\"><strong>\u00a0<\/strong><\/p>\n<ol style=\"text-align: justify;\">\n<li><strong>En primer lugar, usted es menorqu\u00edn. Nos consta la estrecha relaci\u00f3n que mantiene con su tierra, pese al cargo que ocupa fuera de la misma. <em>\u00bfCu\u00e1les son esos v\u00ednculos?<\/em><\/strong><\/li>\n<\/ol>\n<p style=\"text-align: justify;\">\n<p style=\"text-align: justify;\">Menorca es mi tierra, mi casa, el lugar en que nac\u00ed, he crecido, me he educado y he trabajado a lo largo de m\u00e1s de treinta a\u00f1os. All\u00ed est\u00e1 mi familia, mis amistades, mis compa\u00f1eros de estudios, mis hermanos de presbiterio\u2026 Los v\u00ednculos los hacen las personas, los afectos, el trabajo, tambi\u00e9n las dificultades y los contratiempos llevados con af\u00e1n de superaci\u00f3n y manteniendo la fuerza de la constancia y la esperanza. Los v\u00ednculos tambi\u00e9n refuerzan con el amor a la propia tierra, su geograf\u00eda, sus ciudades y pueblos, su ecolog\u00eda, que es mucho m\u00e1s que su paisaje, ya que engloba sus costumbres y tradiciones, su lengua y sus instituciones, sus fiestas y creencias\u2026, todo un conjunto unido a un entorno natural privilegiado bendecido por Dios y del que nos orgullecemos de haber cuidado y defendido. Siempre me he sentido muy unido e identificado con mi tierra, a la que amo y visito siempre que puedo.<\/p>\n<p style=\"text-align: justify;\"><strong>\u00a0<\/strong><\/p>\n<ol style=\"text-align: justify;\" start=\"2\">\n<li><strong>En lo que se refiere a la familia, siempre ha mostrado el apego tan profundo que ha mantenido con sus padres y hermanos a lo largo de su vida. <em>\u00bfCu\u00e1l es la raz\u00f3n de esta uni\u00f3n familiar tan compacta?<\/em><\/strong><\/li>\n<\/ol>\n<p style=\"text-align: justify;\"><strong>\u00a0<\/strong><\/p>\n<p style=\"text-align: justify;\">Unos padres y unos hermanos extraordinarios, m\u00e1s todos los que ya formaban parte de la familia y los que se han ido a\u00f1adiendo, especialmente las nuevas generaciones j\u00f3venes. Mis padres cuidaron siempre la unidad familiar con una educaci\u00f3n de mucha cercan\u00eda y rectitud, pero con el m\u00e1ximo respeto a la vocaci\u00f3n de cada uno de los hijos, al sacerdocio en mi caso y al matrimonio en el caso de mis dos hermanos y de mi hermana. Una vocaci\u00f3n unida al inter\u00e9s por los estudios de cada uno y a su siguiente profesi\u00f3n. Los cuatro hijos hemos tenido que salir fuera de casa y de la isla para los estudios e incluso para el ejercicio de la profesi\u00f3n y nueva vida de familia. Me preguntas por la raz\u00f3n de esta uni\u00f3n familiar tan compacta. Creo que no hay otra explicaci\u00f3n que el amor. Nos hemos querido y nos seguimos queriendo mucho. Cada uno ha seguido un camino diferente, incluso viviendo en otras latitudes, pero la relaci\u00f3n ha seguido siendo muy intensa y continua.<\/p>\n<p style=\"text-align: justify;\"><strong>\u00a0<a href=\"http:\/\/granadacostanacional.es\/wp-content\/uploads\/2020\/12\/WhatsApp-Image-2020-12-19-at-12.07.47-1.jpeg\"><img decoding=\"async\" loading=\"lazy\" class=\"aligncenter wp-image-26510 size-medium\" src=\"http:\/\/granadacostanacional.es\/wp-content\/uploads\/2020\/12\/WhatsApp-Image-2020-12-19-at-12.07.47-1-278x300.jpeg\" alt=\"WhatsApp Image 2020-12-19 at 12.07.47 (1)\" width=\"278\" height=\"300\" \/><\/a><\/strong><\/p>\n<ol style=\"text-align: justify;\" start=\"3\">\n<li><strong><em>\u00bfQu\u00e9 papel jug\u00f3 su familia en su vocaci\u00f3n sacerdotal?<\/em><\/strong><\/li>\n<\/ol>\n<p style=\"text-align: justify;\"><strong><em>\u00a0<\/em><\/strong><\/p>\n<p style=\"text-align: justify;\">Me atrevo a decir que un papel decisivo. Mi vocaci\u00f3n al sacerdocio alberga unos s\u00edntomas iniciales muy sencillos, incluso muy infantiles. En casa viv\u00ed siempre una religiosidad muy normal, propia de una \u00e9poca en la que la referencia religiosa familiar era algo ya dado y previsto, no era algo sometido a discusi\u00f3n o rechazo ni se pon\u00eda en tela de juicio. Era normal rezar juntos en familia, sin estridencias ni pr\u00e1cticas devocionales extra\u00f1as que nos costara aceptar. Ve\u00edamos y o\u00edamos rezar juntos a mi padre y mi madre. Mi padre ya me hab\u00eda dicho alguna vez \u201chabla con Jes\u00fas, que con \u00e9l se puede hablar\u201d. Sin duda alguna, es una de las mejores catequesis que he recibido, sobre todo porque ve\u00eda que \u00e9l lo hac\u00eda.\u00a0 A\u00fan, estos \u00faltimos a\u00f1os, cuando voy a casa, oigo a mi madre que, con sus 98 a\u00f1os, sigue rezando. Siempre nos pareci\u00f3 algo importante y as\u00ed aprendimos a rezar nosotros. El crecimiento en actitudes cristianas dentro de casa siempre cont\u00f3 con este buen clima, incluso es lo que me hace decir a lo largo de los a\u00f1os que nuestra relaci\u00f3n con Dios ten\u00eda cobertura y era f\u00e1cil la conexi\u00f3n con \u00e9l. M\u00e1s a\u00fan, sin forzar nada, cuando sal\u00eda a pasear con mi padre sol\u00edamos parar en alguna iglesia y hac\u00edamos la visita al Sant\u00edsimo. Le ve\u00eda rezar arrodillado y yo intentaba hacer lo mismo. Por lo que ve\u00eda, aprend\u00ed que la oraci\u00f3n es di\u00e1logo y que en el di\u00e1logo hay escucha, acci\u00f3n de gracias, s\u00faplica, arrepentimiento, nuevas actitudes, adem\u00e1s de silencio y contemplaci\u00f3n. En casa, siempre hemos celebrado en familia las principales fiestas lit\u00fargicas y populares, y hemos aprendido a celebrarlas como algo que hay que querer y gozar: Navidad, Pascua, aniversarios, San Juan, San Antonio, San Miguel, los onom\u00e1sticos de cada uno, etc. y vivirlo sobre todo con emoci\u00f3n, con el sentimiento que se comparte tambi\u00e9n con la comunidad cristiana, con la familia y con todo el pueblo. De peque\u00f1o aprend\u00ed en el Colegio salesiano aquel lema de Don Bosco que me ha servido para toda la vida: \u201cSed buenos cristianos y honrados ciudadanos\u201d. Tambi\u00e9n mis padres hab\u00edan recibido esta misma influencia.<\/p>\n<p style=\"text-align: justify;\">\n<p style=\"text-align: justify;\"><strong>\u00a0<\/strong><\/p>\n<ol style=\"text-align: justify;\" start=\"4\">\n<li><strong>Desde el primer momento de su ordenaci\u00f3n siempre estuvo en puestos de responsabilidad en la Di\u00f3cesis de Menorca. <em>\u00bfQu\u00e9 subrayar\u00eda de aquella fase de su vida?<\/em><\/strong><\/li>\n<\/ol>\n<p style=\"text-align: justify;\"><strong>\u00a0<\/strong><\/p>\n<p style=\"text-align: justify;\">Para m\u00ed, fue una fase decisiva. Es cuando empiezas a trabajar con ilusi\u00f3n, con las tareas que nos encomendaban como curas j\u00f3venes capaces de hacer esto y m\u00e1s. Nos hab\u00edan preparado para ser unos \u201ctodo terreno\u201d. Ten\u00edamos mucho trabajo, pero busc\u00e1bamos a\u00fan m\u00e1s, especialmente los que nos dedic\u00e1bamos m\u00e1s a los j\u00f3venes, y no med\u00edamos ni d\u00edas ni horas. Goz\u00e1bamos con esta entrega, la cual era a la vez muy gratificante. Mis dos primeros nombramientos fueron: <em>director de la Casa de Espiritualidad<\/em>, situada en el Santuario de la Virgen del Toro, patrona de la Di\u00f3cesis, y <em>delegado diocesano de Pastoral juvenil<\/em>. Dos cargos de nivel diocesano que me ayudaron mucho a entender y vivir la diocesanidad y con ella el sentido de comuni\u00f3n eclesial, la vivencia de espiritualidad a trav\u00e9s de continuos encuentros de j\u00f3venes, matrimonios, grupos de fe, ejercicios espirituales. Y al mismo tiempo, el trabajo con los j\u00f3venes que en aquel momento llenaban nuestros locales parroquiales y las iglesias para las celebraciones. En nuestro caso, los clubs parroquiales mediante el Esplai (tiempo libre) y el Escultismo, adem\u00e1s de toda la realidad juvenil de los colegios. A todo esto se a\u00f1adi\u00f3, ya casi desde el principio, el nombramiento de profesor de Religi\u00f3n en el Colegio de la Consolaci\u00f3n, y en el Instituto p\u00fablico Jos\u00e9 M\u00aa Quadrado de Ciutadella. Y, al mismo tiempo, formador del Seminario diocesano y consiliario del Escultismo. \u00a0Con todo, esta variedad de trabajo se llevaba con una gran unidad, sinton\u00eda y en colaboraci\u00f3n con los sacerdotes y seglares de las parroquias, en una de las cuales yo participaba acompa\u00f1ando los grupos de j\u00f3venes, donde pod\u00eda hacer un trabajo de base con ellos.<\/p>\n<p style=\"text-align: justify;\"><strong>\u00a0<a href=\"http:\/\/granadacostanacional.es\/wp-content\/uploads\/2020\/12\/WhatsApp-Image-2020-12-19-at-12.07.47-2.jpeg\"><img decoding=\"async\" loading=\"lazy\" class=\"aligncenter size-large wp-image-26511\" src=\"http:\/\/granadacostanacional.es\/wp-content\/uploads\/2020\/12\/WhatsApp-Image-2020-12-19-at-12.07.47-2-1024x685.jpeg\" alt=\"WhatsApp Image 2020-12-19 at 12.07.47 (2)\" width=\"1024\" height=\"685\" \/><\/a><\/strong><\/p>\n<ol style=\"text-align: justify;\" start=\"5\">\n<li><strong>La Iglesia de Menorca siempre supo adaptarse e integrar dentro de s\u00ed misma las fiestas populares: San Juan Bautista y San Antonio en Ciutadella, m\u00e1s las propias de las otras ciudades y pueblos de la isla. Usted mismo ha participado activamente y de modo especial en las Fiestas de San Juan como representante del estamento eclesial. <em>\u00bfQu\u00e9 nos puede decir de esta experiencia tan original?<\/em><\/strong><\/li>\n<\/ol>\n<p style=\"text-align: justify;\"><strong>\u00a0<\/strong><\/p>\n<p style=\"text-align: justify;\">Ciertamente es una experiencia original que tiene su ra\u00edz en el coraz\u00f3n del pueblo y en una tradici\u00f3n viva ancestral. En Ciutadella, y tambi\u00e9n en el resto de los pueblos de la isla de Menorca, existe la tradici\u00f3n que proviene de antes de la edad Media y que consiste en unos actos religiosos y ecuestres, y en los que participan representantes de los distintos estamentos de la sociedad (nobleza, oficios tradicionales, aprendices, payeses, ayuntamiento) y tambi\u00e9n un representante del estamento eclesi\u00e1stico. \u00c9ste \u00faltimo es el que da pie a que un sacerdote participe de la presidencia de la fiesta junto a la autoridad secular. Por mi parte, tanto en mi ciudad natal, Ciutadella, como en los otros pueblos de la isla, he tenido la oportunidad y el gozo de participar en distintas ocasiones y a lo largo de los a\u00f1os. Lo original no es s\u00f3lo la participaci\u00f3n en la fiesta, sino que participas de ella como otro jinete montado a caballo y con una duraci\u00f3n de m\u00e1s de veinte horas a lo largo de d\u00eda y medio. Hay que saber montar, ello supone ir muy entrenado y estar muy preparado f\u00edsicamente, ya que las horas de ir montado son largas. Es una gozada porque est\u00e1s con el pueblo durante todo el tiempo de la fiesta y disfrutas con la gente. Por otra parte, hay un protocolo muy estricto que combina los actos oficiales como la oraci\u00f3n de V\u00edsperas en una ermita a unos pocos km. de la ciudad y a la que se va cabalgando en comitiva. Luego est\u00e1 la Eucarist\u00eda en la Catedral el d\u00eda de la fiesta, est\u00e1n los desfiles por las calles y en las plazas, donde participan m\u00e1s de cien jinetes, est\u00e1n los actos protocolarios en las casas nobles, en el Ayuntamiento, en el Palacio episcopal, en muchas otras casas representativas de todos los estamentos sociales, est\u00e1n los conocidos juegos medievales ecuestres de la tarde de San Juan y que suelen ser retransmitidos por los medios de comunicaci\u00f3n a nivel nacional.<\/p>\n<p style=\"text-align: justify;\">\n<p style=\"text-align: justify;\">Como he dicho, es una experiencia original y \u00fanica, por el hecho de vivirla en el coraz\u00f3n del pueblo y participando de la misma emoci\u00f3n de la gente, como pasa en todos los pueblos cuando lo que se vive es expresi\u00f3n de autenticidad y no una pura representaci\u00f3n esc\u00e9nica. Siempre he estado muy interesado en ayudar a vivir estas fiestas en su pureza original e influir como Iglesia en que su sentido religioso ayude a ello, ya que tambi\u00e9n forma parte de nuestra misi\u00f3n educativa y evangelizadora, algo muy vivo del hecho religioso que hay que conocer a fondo. \u00a0Durante muchos a\u00f1os he formado parte de la Junta municipal de las fiestas de San Juan, como representante del estamento eclesi\u00e1stico.<\/p>\n<p style=\"text-align: justify;\"><strong>\u00a0<\/strong><\/p>\n<ol style=\"text-align: justify;\" start=\"6\">\n<li><strong>Durante sus \u00faltimos a\u00f1os antes de ser escogido para formar parte del episcopado, tuvo un cargo importante dentro de la Conferencia Episcopal. <em>\u00bfQu\u00e9 supuso para Usted esta experiencia de contacto con todas las Iglesias diocesanas del Estado?<\/em><\/strong><\/li>\n<\/ol>\n<p style=\"text-align: justify;\"><strong>\u00a0<\/strong><\/p>\n<p style=\"text-align: justify;\">Durante a\u00f1os form\u00e9 parte del Consejo asesor de la Comisi\u00f3n episcopal de Catequesis y, el a\u00f1o 2005, siendo presidente de la Conferencia Episcopal Espa\u00f1ola Mons. D. Ricardo Bl\u00e1zquez, fui llamado a Madrid para desempe\u00f1ar el cargo de Director del Secretariado de la Comisi\u00f3n Episcopal de Pastoral, cargo que ejerc\u00ed hasta enero de a\u00f1o 2009, en que recib\u00ed el nombramiento de obispo auxiliar de Barcelona. Fueron unos a\u00f1os muy intensos en los que tuve la ocasi\u00f3n de conocer pr\u00e1cticamente todas las di\u00f3cesis de Espa\u00f1a. Esta experiencia de contacto pastoral fue enormemente enriquecedora en cuanto a conocimiento de la realidad de las Iglesias diocesanas, su obispo, sus sacerdotes y di\u00e1conos, sus religiosos y religiosas y la inmensa realidad del laicado comprometido en las m\u00faltiples tareas y misiones de la Iglesia. En mi caso, especialmente tuve contacto con los sacerdotes, especialmente mediante la predicaci\u00f3n de Ejercicios Espirituales, con los catequistas y la especificidad de la catequesis familiar, con los profesores y maestros por su relaci\u00f3n con la educaci\u00f3n religiosa, y de igual forma con la pastoral juvenil, al mismo tiempo con temas relacionados con los departamentos de mi Comisi\u00f3n Episcopal: la pastoral de la salud; santuarios, peregrinaciones y piedad popular; turismo y tiempo libre; pastoral del sordo. Hay que a\u00f1adir a todo esto los encuentros anuales de Vicarios de Pastoral y los que se llevaron a cabo por provincias eclesi\u00e1sticas. A la vez, cuando se me ped\u00eda, compart\u00ed con otras Comisiones episcopales, como Pastoral social, Liturgia, Medios de Comunicaci\u00f3n, Clero, Catequesis y Ense\u00f1anza, Misiones y Seminarios. Este trabajo conjunto hizo que los distintos directores y otros miembros de las comisiones episcopales nos hici\u00e9ramos amigos y nos ayud\u00e1ramos, creando as\u00ed en la Conferencia un ambiente muy fraternal.<\/p>\n<p style=\"text-align: justify;\">\n<p style=\"text-align: justify;\">Esta realidad en el seno de la Conferencia y el desplazamiento a las di\u00f3cesis me ayud\u00f3 mucho a tener una visi\u00f3n amplia de la realidad eclesial y secular del Estado con sus leg\u00edtimas y enriquecedoras peculiaridades, lo cual explica que la diversidad enriquece a todos y tiene mucho m\u00e1s sentido el camino de sinodalidad y universalidad tan propios de una Iglesia que comparte una misma fe y escucha e intenta vivir un mismo Evangelio. Metido de lleno en este trabajo, siempre he cre\u00eddo que la pastoral \u2013si es seg\u00fan el estilo de Jes\u00fas, el Buen Pastor\u2013 nos hace amigos, de lo contrario podr\u00edamos dudar de su eficacia, habr\u00edamos ca\u00eddo en lo que el Papa Francisco llama la \u201cmundanidad espiritual\u201d, que consiste en buscar la propia gloria antes que la gloria de Dios, los intereses mundanos incluso revestidos de religiosidad, antes que los intereses del Evangelio. Adem\u00e1s, por haberlo aprendido de la pedagog\u00eda salesiana, creo en la importancia de una pastoral \u201cpreventiva\u201d, es decir, que se adelanta a los acontecimientos y prev\u00e9 las situaciones que hay que afrontar y los posibles problemas y dificultades que hay que superar. Mejor si ya se act\u00faa con la lecci\u00f3n aprendida. Precisamente, a principios de este a\u00f1o fui invitado como obispo y antiguo alumno salesiano a dar una conferencia en un encuentro internacional sobre espiritualidad salesiana en Tur\u00edn, con asistencia de participantes de todos los pa\u00edses y contando con la presencia del Rector Mayor. El tema se ha desarrollado a partir del ya citado eslogan \u201c<em>Buenos cristianos y honrados ciudadanos<\/em>\u201d, el cual nos sit\u00faa en la l\u00ednea de la espiritualidad y la del compromiso c\u00edvico, como en una unidad.<\/p>\n<p style=\"text-align: justify;\">\n<p style=\"text-align: justify;\"><strong>\u00a0<a href=\"http:\/\/granadacostanacional.es\/wp-content\/uploads\/2020\/12\/WhatsApp-Image-2020-12-19-at-12.07.47-3.jpeg\"><img decoding=\"async\" loading=\"lazy\" class=\"aligncenter size-large wp-image-26512\" src=\"http:\/\/granadacostanacional.es\/wp-content\/uploads\/2020\/12\/WhatsApp-Image-2020-12-19-at-12.07.47-3-1024x683.jpeg\" alt=\"WhatsApp Image 2020-12-19 at 12.07.47 (3)\" width=\"1024\" height=\"683\" \/><\/a><\/strong><\/p>\n<ol style=\"text-align: justify;\" start=\"7\">\n<li><strong>Usted dej\u00f3 una huella imborrable en Menorca, cosa que yo mismo pude constatar con la explosi\u00f3n de gozo de todo el pueblo menorqu\u00edn al tener noticia de su nombramiento como Obispo Auxiliar de Barcelona. <em>\u00bfCu\u00e1les son las claves de su popularidad?<\/em><\/strong><\/li>\n<\/ol>\n<p style=\"text-align: justify;\"><strong>\u00a0<\/strong><\/p>\n<p style=\"text-align: justify;\">En una comunidad humana relativamente peque\u00f1a en habitantes, es f\u00e1cil que la mayor\u00eda de ellos nos conozcamos, mucho m\u00e1s cuando los cargos que has ejercido comprenden toda la realidad isle\u00f1a: pueblos, parroquias, organismos diocesanos, instituciones educativas y movimientos apost\u00f3licos. No hablar\u00eda tanto de popularidad como del conocimiento que te da y la vez da estar presente y al servicio de todas las realidades humanas y eclesiales antes citadas, m\u00e1s si los cargos que has ejercido son de responsabilidad, de coordinaci\u00f3n y de animaci\u00f3n. A partir de esta constataci\u00f3n, no solo subrayar\u00eda la dimensi\u00f3n eclesial que tanta oportunidad da para estar en contacto con la gente, sino la dimensi\u00f3n humana y ciudadana que hace que participes como otro cualquiera en los distintos aspectos de la vida cotidiana y te vean como un ciudadano m\u00e1s que comparte con ellos en la calle, en el bar, con amigos y visitando las casas y familias, especialmente si hay enfermos y personas impedidas.<\/p>\n<p style=\"text-align: justify;\">\n<p style=\"text-align: justify;\">La clave de todo ello es la cercan\u00eda humana y la acci\u00f3n solidaria, lo que suelo llamar \u201cpastoral de proximidad\u201d, que es poner en pr\u00e1ctica el misterio de la Encarnaci\u00f3n, a trav\u00e9s del cual Dios se hace uno de nosotros en la persona de Jes\u00fas. Cuando esta proximidad existe, la gente es muy agradecida y responde con creces y m\u00e1s generosidad que nunca porque valora mucho que, no s\u00f3lo con la palabra, sino con los hechos, la Iglesia sea \u201c<em>experta en humanidad<\/em>\u201d. Tanto la misi\u00f3n del sacerdote como la que vivo ahora como obispo ha de ser siempre la de fomentar la comuni\u00f3n misionera en la Iglesia diocesana y concretada en las respectivas comunidades y grupos. Impresionante la visi\u00f3n que ofrece el Papa Francisco cuando dice que el obispo, para conseguir tal fin, a veces estar\u00e1 delante para indicar el camino y cuidar la esperanza del pueblo, otras veces estar\u00e1 simplemente en medio de todos con su cercan\u00eda sencilla y misericordiosa, y en ocasiones deber\u00e1 caminar detr\u00e1s del pueblo para ayudar a los rezagados y, sobre todo, porque el reba\u00f1o mismo tiene su olfato para encontrar nuevos caminos. Dada la situaci\u00f3n que vivimos, quiz\u00e1 haga falta, adem\u00e1s de esto, entender y vivir la Iglesia como \u201chospital de campa\u00f1a\u201d donde hay que atenderlo todo, ahora y a deshora, sin descanso, sirviendo como Jes\u00fas hasta dar la vida.<\/p>\n<p style=\"text-align: justify;\"><strong>\u00a0<\/strong><\/p>\n<ol style=\"text-align: justify;\" start=\"8\">\n<li><strong>El d\u00eda de su ordenaci\u00f3n episcopal en la Catedral de Barcelona, adem\u00e1s de todos los fieles presentes, estuvo muy arropado por las autoridades eclesiales y pol\u00edticas, y, de modo especial, por su familia y muchos seglares, obispos, sacerdotes y di\u00e1conos de Catalu\u00f1a, Mallorca, Menorca y de otras di\u00f3cesis de la geograf\u00eda espa\u00f1ola. Yo fui testigo presencial de la intensidad con que vivi\u00f3 este acontecimiento. <em>\u00bfC\u00f3mo recuerda este d\u00eda tan especial de su vida?<\/em><\/strong><\/li>\n<\/ol>\n<p style=\"text-align: justify;\"><strong>\u00a0<\/strong><\/p>\n<p style=\"text-align: justify;\">Lo recuerdo como uno de los acontecimientos de mi vida que han quedado m\u00e1s grabados en mi coraz\u00f3n. La verdad es que qued\u00e9 impactado por la presencia y participaci\u00f3n de todos los que acudieron, junto a la vivencia profunda con la que se desarroll\u00f3 la ceremonia de ordenaci\u00f3n episcopal. Me impresionaron las palabras que el Sr. Nuncio pronunci\u00f3 al final en\u00a0 nuestra lengua refiri\u00e9ndose a la presencia de personas de toda la geograf\u00eda espa\u00f1ola, personas que yo hab\u00eda tratado a nivel pastoral pr\u00e1cticamente en todas las di\u00f3cesis. Subrayar\u00eda todos los momentos de la celebraci\u00f3n sin excluir ninguno, ya que todos fueron preparados y cuidados con esmero para que lo m\u00e1s importante fuera el misterio sacramental que celebr\u00e1bamos y que para la archidi\u00f3cesis de Barcelona era un momento privilegiado. Siempre he felicitado a todas y a todos los que prepararon este evento. Todo un ejemplo de cuidar todos los detalles tanto de cara a la publicaci\u00f3n y acogida, como la misma realizaci\u00f3n de la ceremonia lit\u00fargica y todo el ambiente que se cre\u00f3, gracias a tanta gente que intervino. Fue una verdadera experiencia de fe y de entra\u00f1able comuni\u00f3n eclesial.<\/p>\n<p style=\"text-align: justify;\"><strong>\u00a0<a href=\"http:\/\/granadacostanacional.es\/wp-content\/uploads\/2020\/12\/WhatsApp-Image-2020-12-19-at-12.07.47-4.jpeg\"><img decoding=\"async\" loading=\"lazy\" class=\"aligncenter size-full wp-image-26513\" src=\"http:\/\/granadacostanacional.es\/wp-content\/uploads\/2020\/12\/WhatsApp-Image-2020-12-19-at-12.07.47-4.jpeg\" alt=\"WhatsApp Image 2020-12-19 at 12.07.47 (4)\" width=\"315\" height=\"371\" \/><\/a><\/strong><\/p>\n<p style=\"text-align: center;\"><strong><em>Mons. Sebasti\u00e0 Taltavull Anglada, celebrando el d\u00eda de San Juan en Ciutadella en su etapa de p\u00e1rroco<\/em><\/strong><\/p>\n<p style=\"text-align: center;\">\n<ol style=\"text-align: justify;\" start=\"9\">\n<li><strong>Impactante fue la entrada, ya como Obispo, en la Catedral de Menorca, su tierra. Yo mismo pude constatar c\u00f3mo todo un pueblo lo recibi\u00f3 con una explosi\u00f3n de j\u00fabilo emocionado que nunca hab\u00eda visto en ninguna parte. <em>\u00bfCu\u00e1l es la causa de esos sentimientos tan hondos de adhesi\u00f3n a su persona?<\/em><\/strong><\/li>\n<\/ol>\n<p style=\"text-align: justify;\"><strong>\u00a0<\/strong><\/p>\n<p style=\"text-align: justify;\">Cre\u00ed importante poder celebrar en la Catedral de Menorca por ser a la vez mi parroquia donde fui bautizado (5-II-1948), d\u00f3nde recib\u00ed la ordenaci\u00f3n sacerdotal (23-IX-1972) y donde ejerc\u00ed como p\u00e1rroco, can\u00f3nigo penitenciario y de\u00e1n, formando parte del cabildo, al que definimos como un \u201cgrupo de sacerdotes que rezan juntos y se dedican a la caridad\u201d, ya que la catedral era uno de los lugares con m\u00e1s presencia de Caritas parroquial y donde nos reun\u00edamos cada ma\u00f1ana para la oraci\u00f3n. Casi un mes despu\u00e9s de la ordenaci\u00f3n episcopal (21-III-2019), pude desplazarme a nuestra Catedral, donde concelebr\u00e9 y pude predicar la homil\u00eda, en la que comentando la Palabra de Dios hice hincapi\u00e9 en la necesidad de velar y cuidar las ra\u00edces cristianas, tanto en la familia como en la parroquia, familia de familias.<\/p>\n<p style=\"text-align: justify;\">\n<p style=\"text-align: justify;\">Para una di\u00f3cesis, el nombramiento episcopal de uno de sus diocesanos es algo extraordinario y m\u00e1s cuando esto se da de tarde en tarde. En mi caso, ahora se trataba del cuarto obispo nacido en la isla. <em>Dos mil a\u00f1os de Iglesia, cuatro obispos menorquines<\/em>, este es el t\u00edtulo del libro publicado en catal\u00e1n por la editorial Rotger \u201cLlibres de la terra\u201d el a\u00f1o 2009. Son muy pocas las personas que recuerdan el \u00faltimo obispo ciudadelano que falleci\u00f3 el a\u00f1o 1972, Mons. Manuel Moll Salord, obispo que hab\u00eda sido de Tortosa. Los dos anteriores, Mons. Antoni Vila Camps, obispo que fue tambi\u00e9n de Albarrac\u00edn (siglo XVIII-XIX) y Mons. Guillem Gonyalons Coll (siglo XVII-XVIII), obispo que hab\u00eda de Solsona. M\u00e1s que sentimientos de adhesi\u00f3n hacia mi persona, como dices, creo que se trata de habernos conocido mucho, haber trabajado juntos a lo largo de a\u00f1os y de forma muy cercana y continua. El trabajo pastoral nos ha hecho amigos y hemos pasado juntos momentos inolvidables, tanto con los seglares como con la vida consagrada y los sacerdotes.<\/p>\n<p style=\"text-align: justify;\"><strong>\u00a0<\/strong><\/p>\n<p style=\"text-align: justify;\"><strong>\u00a0<\/strong><\/p>\n<ol style=\"text-align: justify;\" start=\"10\">\n<li><strong>Hay una fecha muy importante en su vida que es la muerte de uno de sus hermanos. En la celebraci\u00f3n de la Cena del Se\u00f1or y, con el f\u00e9retro de su hermano a los pies del altar, hizo una homil\u00eda memorable. Con entereza, pero al mismo tiempo, con serena ternura, usted reprodujo las l\u00e1grimas del Se\u00f1or ante su amigo L\u00e1zaro con una intensidad que todos los asistentes al acto quedamos profundamente impactados. <em>\u00bfQu\u00e9 supuso para usted la muerte de su hermano con el que estaba tan estrechamente unido?<\/em><\/strong><\/li>\n<\/ol>\n<p style=\"text-align: justify;\"><strong>\u00a0<\/strong><\/p>\n<p style=\"text-align: justify;\">El fallecimiento de mi hermano Enrique supuso para m\u00ed y para todos, la p\u00e9rdida casi inesperada de una relaci\u00f3n entra\u00f1able. Nos quer\u00edamos y nos seguimos queriendo mucho, ya que, aunque la relaci\u00f3n sea ahora otra, seguimos en contacto. Porque nos queremos, no nos olvidamos y, recordando tantos y tantos momentos, seguimos ayud\u00e1ndonos. La muerte de mi hermano Quique, como le llam\u00e1bamos, supuso tambi\u00e9n una revalorizaci\u00f3n de su vida en todos los aspectos. Se puede decir que muri\u00f3 haciendo el bien, como vivi\u00f3 haci\u00e9ndolo a lo largo de su vida. Sus compa\u00f1eros de trabajo, los periodistas, dec\u00edan de \u00e9l que siempre ser\u00eda su referente, como persona y como profesional. Su secreto fue en todo momento pensar m\u00e1s en los dem\u00e1s que en s\u00ed mismo. Un altruismo impregnado de caridad cristiana en el sentido m\u00e1s profundo de la palabra, en cuanto significa oblaci\u00f3n, entrega, deshacerse por los dem\u00e1s. Ya desde peque\u00f1o, lo demostr\u00f3 siempre, cuando jugaba, cuando estudiaba, cuando ya de mayor trabajaba. Muy entregado a su esposa S\u00edlvia y a sus hijos Joan, Clara y Miquel, y con un amor entra\u00f1able dotado de exquisita solicitud que traduc\u00eda siempre en una mayor capacidad de servicio a todos sin distinci\u00f3n. Ahora hubiera disfrutado mucho de sus nietos, a los que no conoci\u00f3, pero seguro que los estar\u00e1 velando y amando, como a sus hijos.<\/p>\n<p style=\"text-align: justify;\">\n<p style=\"text-align: justify;\">Vivi\u00f3 con mucha intensidad los m\u00e1s de treinta a\u00f1os de trabajo en Televisi\u00f3n espa\u00f1ola en Barcelona, realizando much\u00edsimos viajes por todo el mundo, incluso un a\u00f1o acompa\u00f1ando a Maradona en los desplazamientos del CF Barcelona y viviendo tambi\u00e9n momentos de tensi\u00f3n y miedo como le sucedi\u00f3 siendo con otro periodista reportero del asalto al Banco Central de Barcelona. Unos a\u00f1os despu\u00e9s, a finales de los 80, tuve la suerte de participar con \u00e9l compartiendo el trabajo de guionista de una serie de cuatro programas que llevaba el t\u00edtulo de \u201c<em>Vida mon\u00e1stica<\/em>\u201d y con un equipo de televisi\u00f3n con el que nos desplazamos a la abad\u00eda de Montserrat en Barcelona; a la comunidad ecum\u00e9nica de Taiz\u00e9, en Francia; al monasterio de Las Huelgas y el de San Pedro de Carde\u00f1a en Burgos y a la abad\u00eda de rito latino y bizantino de Chevetogne, en B\u00e9lgica. Una experiencia inolvidable. Como operador de televisi\u00f3n era muy perfeccionista y le gustaba el trabajo bien hecho, sobre todo cuando se trataba de filmaciones y montajes. Aprend\u00ed mucho de \u00e9l, siempre me dec\u00eda que lo importante era transmitir bien las noticias y favorecer una buena comunicaci\u00f3n, por ello, la importancia de una mirada limpia que sabe captar bien la realidad que ve para luego saber transmitirla a\u00fan mejor.<\/p>\n<p style=\"text-align: justify;\">A la vez, tambi\u00e9n era m\u00fasico, tocaba muy bien la guitarra y el contrabajo, era imprescindible en las fiestas de casa y sab\u00eda juntar a familiares, amigos y vecinos a pasar momentos muy agradables. Muchos amigos y compa\u00f1eros suyos de profesi\u00f3n comentaban que su talante era siempre reconciliador y ten\u00eda mucha habilidad para reconvertir situaciones complicadas y transformarlas en nuevas. Era un hombre de fe y muy profundo en sus convicciones, todas ellas marcadas por un gran respeto a las personas y honradez en su forma de actuar. Ante su enfermedad y su muerte sent\u00ed mucha perplejidad a la vez que mucho consuelo viendo c\u00f3mo lo hab\u00eda asumido. Lo vivi\u00f3 con dolor, pero con aquella paz en la que percibes que se le abren las puertas de una nueva situaci\u00f3n, siempre marcada por la esperanza. No me cansar\u00eda de hablar de \u00e9l, como tampoco de mi padre, ya que se parec\u00edan mucho\u2026<\/p>\n<p style=\"text-align: justify;\"><a href=\"http:\/\/granadacostanacional.es\/wp-content\/uploads\/2020\/12\/WhatsApp-Image-2020-12-19-at-12.07.47-5.jpeg\"><img decoding=\"async\" loading=\"lazy\" class=\"aligncenter size-large wp-image-26514\" src=\"http:\/\/granadacostanacional.es\/wp-content\/uploads\/2020\/12\/WhatsApp-Image-2020-12-19-at-12.07.47-5-1024x781.jpeg\" alt=\"WhatsApp Image 2020-12-19 at 12.07.47 (5)\" width=\"1024\" height=\"781\" \/><\/a><\/p>\n<p style=\"text-align: center;\"><em><strong>El Papa Francisco, el Cardenal Juan Jos\u00e9 Omella, Presidente de la Conferencia Episcopal Espa\u00f1ola y\u00a0Mons. Sebasti\u00e0 Taltavull Anglada<\/strong><\/em><\/p>\n<p style=\"text-align: center;\">\n<ol style=\"text-align: justify;\" start=\"11\">\n<li><strong>Durante m\u00e1s de ocho a\u00f1os ha ejercido su ministerio en una di\u00f3cesis compleja como es la Archidi\u00f3cesis de Barcelona. Estos a\u00f1os han sido suficientes para dejar su impronta evang\u00e9lica de compasiva cercan\u00eda en esta Iglesia diocesana tan querida por usted. Siempre en su rostro el fervor y la alegr\u00eda de comunicar la Buena Noticia del Se\u00f1or. Los que han vivido de cerca su apostolado subrayan su gran humanidad, su gran capacidad de trabajo y de abnegado sacrificio. <em>\u00bfC\u00f3mo recuerda esta etapa en Barcelona, y qu\u00e9 ha significado para usted esta fase de su vida?<\/em> <\/strong><\/li>\n<\/ol>\n<p style=\"text-align: justify;\"><strong>\u00a0<\/strong><\/p>\n<p style=\"text-align: justify;\">La etapa de obispo auxiliar en Barcelona es muy densa en experiencia eclesial, social y humana. La he hecho colaborando directamente con los dos cardenales-arzobispos, Mons. Llu\u00eds Mart\u00ednez Sistach (durante siete a\u00f1os, con residencia en la Casa sacerdotal y conviviendo con cerca de sesenta sacerdotes jubilados) y Mons. Juan Jos\u00e9 Omella (cerca de dos a\u00f1os y conviviendo con \u00e9l en la residencia del arzobispado). Una experiencia de aut\u00e9ntica comuni\u00f3n fraternal, compartiendo trabajo, oraci\u00f3n y las tareas pastorales propias de cada momento. Con D. Juan Jos\u00e9 fue una gracia reencontrarnos de nuevo, ahora para trabajar juntos, ya que nos hab\u00edamos conocido antes del episcopado. Una gracia de Dios haberlos conocido y trabajado juntos, como tambi\u00e9n con los obispos auxiliares Sergi Gordo y Antoni Vadell, y a quienes agradezco de coraz\u00f3n su acogida y afecto en todo momento. Una etapa que ha significado mucho en mi vida y a\u00fan sigue significando, porque la relaci\u00f3n con las personas y las comunidades no se rompe ni se olvida f\u00e1cilmente, sino que incluso se acrecienta, aunque est\u00e9 el mar por medio. El contacto con los sacerdotes y los seglares de las comunidades parroquiales, religiosas y de movimientos apost\u00f3licos de Barcelona, junto con todo el equipo de la Curia diocesana, viviendo la grata experiencia de un trato muy familiar, ha dejado una fuerte huella en mi vida porque era la primera experiencia como obispo, ya que mi objetivo ha sido y sigue siendo estar muy cerca de la gente.<\/p>\n<p style=\"text-align: justify;\">\n<p style=\"text-align: justify;\">El trato ha sido siempre exquisito y de una acogida indescriptible, no s\u00f3lo en momentos puntuales, sino contando el d\u00eda a d\u00eda, que es cuando m\u00e1s nos relacionamos, compartimos y convivimos. Puedo decir que he podido tratar a todo el mundo por igual, cualquiera que fuere su cargo y posici\u00f3n en la vida, no ha habido barreras que fueran un obst\u00e1culo para poder crecer con la naturalidad del trato, el afecto y la confianza. La verdad es que todos, cada uno a su nivel, me han ense\u00f1ado mucho y he aprendido tambi\u00e9n mucho. Mi dedicaci\u00f3n a la Curia ha sido como vivencia de comunidad cristiana en la que todo es buen trato y ayuda mutua. Entre ellos y ellas me sent\u00eda como en casa y mi intenci\u00f3n en el trato fue la de ser buenos amigos, como nos lo indica Jes\u00fas y as\u00ed lo escog\u00ed como lema episcopal &#8211;<em>vosotros sois mis amigos<\/em>&#8211; para que me acordara siempre y tambi\u00e9n para que me lo recordaran.<\/p>\n<p style=\"text-align: justify;\">\n<p style=\"text-align: justify;\">A veces me han dicho con palabras como estas o parecidas \u201cte has hecho uno de nosotros\u201d. Lo cierto es que no creo en el ejercicio del \u201cpoder\u201d sobre las personas en el sentido de dominio y lejan\u00eda, m\u00e1s bien pienso que nuestra vocaci\u00f3n es de servicio tal y como Jes\u00fas nos lo ha ense\u00f1ado: servir dando la vida. Esta, amando, se da poco a poco cada d\u00eda. Es nuestra misi\u00f3n y nuestra aportaci\u00f3n a una nueva forma de relacionarnos en cualquier \u00e1mbito de la Iglesia y de la sociedad. Me ha ayudado mucho encontrar el equilibrio que hay que mantener en una Iglesia encarnada en el coraz\u00f3n de m\u00e1s de tres millones de personas, con sus macro-realidades y macro-encuentros (y macro-problemas), y al mismo tiempo tener que atender lo pobre, lo sencillo, realidades que tocan de cerca el d\u00eda a d\u00eda de la personas, de las familias y de las instituciones.<\/p>\n<p style=\"text-align: justify;\">\n<ol style=\"text-align: justify;\" start=\"12\">\n<li><strong>\u00bfC\u00f3mo vivir todo esto en una ciudad tan grande como Barcelona?<\/strong><\/li>\n<\/ol>\n<p style=\"text-align: justify;\">\n<p style=\"text-align: justify;\">He experimentado c\u00f3mo en medio de la gran ciudad es posible una experiencia de fe cercana y asequible, y a la vez, el cultivo de la amistad con cualquier tipo de personas. \u00bfAcaso no es esta nuestra misi\u00f3n como seguidores de un Jes\u00fas que en los a\u00f1os de su vida p\u00fablica vivi\u00f3 una cercan\u00eda inigualable con las personas sencillas como los enfermos, los pobres, los ni\u00f1os, las mujeres, los m\u00e1s desheredados y marginados de la sociedad, pero sin deso\u00edr la llamada de dirigirse a todos los dem\u00e1s? Ha sido muy interesante la reflexi\u00f3n hecha en el Congreso sobre la pastoral en las grandes ciudades, promovido y organizado por el cardenal Lu\u00eds Mart\u00ednez Sistach, y que reuni\u00f3 personalidades \u2013obispos y expertos\u2013 de diferentes lugares del mundo, marcando unas pautas de trabajo pastoral abiertas a un futuro inmediato. En el mismo sentido y que aconteci\u00f3 con anterioridad, quiero mencionar la dedicaci\u00f3n de la bas\u00edlica de la Sagrada Familia por el Papa Benedicto XVI (noviembre de 2010) y que ha marcado profundamente la historia de la Archidi\u00f3cesis de Barcelona y de las otras di\u00f3cesis catalanas, a la vez que la historia religiosa y secular de Catalu\u00f1a. Estos acontecimientos, de dimensi\u00f3n global, se han vivido con intensidad, a la vez que no ha dejado de atenderse la realidad cotidiana, lo cual hace ver las dimensiones de la Iglesia, universal y particular, vividas en unidad y armon\u00eda.<\/p>\n<p style=\"text-align: justify;\"><strong>\u00a0<a href=\"http:\/\/granadacostanacional.es\/wp-content\/uploads\/2020\/12\/WhatsApp-Image-2020-12-19-at-12.07.48-1.jpeg\"><img decoding=\"async\" loading=\"lazy\" class=\"aligncenter size-large wp-image-26515\" src=\"http:\/\/granadacostanacional.es\/wp-content\/uploads\/2020\/12\/WhatsApp-Image-2020-12-19-at-12.07.48-1-943x1024.jpeg\" alt=\"WhatsApp Image 2020-12-19 at 12.07.48 (1)\" width=\"943\" height=\"1024\" \/><\/a><\/strong><\/p>\n<p style=\"text-align: center;\"><em><strong>El Papa Benedicto XVI junto al\u00a0Mons. Sebasti\u00e0 Taltavull Anglada<\/strong><\/em><\/p>\n<p style=\"text-align: center;\">\n<ol style=\"text-align: justify;\" start=\"13\">\n<li><strong>En septiembre de 2017, el Papa Francisco le nombra Obispo de Mallorca. Todos conocemos su entusiasmo, la seriedad y el sentido de responsabilidad con que acomete todos los cargos que han puesto en sus manos. <em>\u00bfC\u00f3mo afronta este nuevo nombramiento de una de las di\u00f3cesis m\u00e1s grades de Espa\u00f1a, como es la Di\u00f3cesis de Mallorca?<\/em><\/strong><\/li>\n<\/ol>\n<p style=\"text-align: justify;\"><strong>\u00a0<\/strong><\/p>\n<p style=\"text-align: justify;\">Este nuevo nombramiento viene precedido de otro \u2013el de Administrador Apost\u00f3lico\u2013 pr\u00e1cticamente un a\u00f1o antes y que, ciertamente, lo acepto con respeto obediencial y con un cierto temor. Sin embargo, lo asumo con todo el amor del que soy capaz porque interpreto que es la voluntad de Dios, que me viene confirmada por diversos conductos de dentro y fuera de la nueva di\u00f3cesis a la que voy destinado. Y lo afronto poniendo toda la confianza en el Se\u00f1or y entreg\u00e1ndome a la protecci\u00f3n maternal de la Virgen de Lluc, al mismo tiempo teniendo en cuenta lo que ya conoc\u00eda de la di\u00f3cesis, tanto personas como instituciones. Igualmente, lo afronto pensando que no estoy solo y que el trabajo que se me encomienda no lo har\u00e9 s\u00f3lo, m\u00e1s bien ya s\u00e9 desde el primer momento que cuento con sacerdotes, di\u00e1conos, religiosos, religiosas y seglares que est\u00e1n trabajando con mucha entrega. Es como un tren en marcha en el cual entro a trabajar como uno m\u00e1s y al servicio de todos, aunque con la responsabilidad de tomar la direcci\u00f3n y asegurar bien su velocidad y sus paradas.<\/p>\n<p style=\"text-align: justify;\">\n<p style=\"text-align: justify;\">Muchos me manifestaron, ya antes de mi llegada, su disponibilidad y su generosidad, lo cual tambi\u00e9n fue para m\u00ed un motivo de satisfacci\u00f3n y una prueba de confianza y corresponsabilidad, ya que aqu\u00ed, en Mallorca, ahora ten\u00eda que aplicar m\u00e1s que nunca el sentido de mi lema episcopal y poder decir ya de entrada como lo dijo Jes\u00fas a sus disc\u00edpulos \u201c<em>vosotros sois mis amigos<\/em>\u201d. Ahora, al cabo de tres a\u00f1os, lo vivo ya con la dedicaci\u00f3n y el conocimiento que cada d\u00eda voy adquiriendo con el trato con los sacerdotes, con las parroquias y comunidades que visito y con la gente que trato. Hay mucho contenido para llevar cada d\u00eda a la oraci\u00f3n, que es el otro gran medio que me ayuda a vivir con la serenidad y la paz que el momento nos exige y es el ant\u00eddoto para vencer la inercia y la soledad que pueden encerrarnos en nosotros mismos e impedirnos avanzar con audacia y valent\u00eda.<\/p>\n<p style=\"text-align: justify;\"><strong>\u00a0\u00a0\u00a0\u00a0\u00a0\u00a0\u00a0\u00a0\u00a0\u00a0\u00a0\u00a0\u00a0\u00a0\u00a0\u00a0\u00a0\u00a0\u00a0\u00a0\u00a0\u00a0\u00a0\u00a0\u00a0\u00a0\u00a0\u00a0\u00a0\u00a0\u00a0\u00a0\u00a0\u00a0\u00a0\u00a0\u00a0\u00a0\u00a0\u00a0\u00a0\u00a0\u00a0\u00a0\u00a0\u00a0\u00a0\u00a0\u00a0\u00a0\u00a0\u00a0\u00a0\u00a0 <\/strong><\/p>\n<ol style=\"text-align: justify;\" start=\"14\">\n<li><strong>Despu\u00e9s de tres a\u00f1os de servicio, m\u00e1s el a\u00f1o de Administrador Apost\u00f3lico, y con el conocimiento de las luces y las sombras que ya tiene de la Iglesia mallorquina, <em>\u00bfcu\u00e1l es su diagn\u00f3stico y qu\u00e9 espera de esta Iglesia?<\/em><\/strong><\/li>\n<\/ol>\n<p style=\"text-align: justify;\"><strong>\u00a0<\/strong><\/p>\n<p style=\"text-align: justify;\">Me parece que en la Carta Pastoral publicada a principios de a\u00f1o ya daba a conocer de alguna manera este diagn\u00f3stico. No me atrevo a hablar yo s\u00f3lo. Necesito compartirlo y escuchar muchas voces, si es posible todas las voces, aunque no siempre se habla con claridad y sobre todo con sinceridad. A veces el discurso que se hace no corresponde del todo a la realidad y se tergiversa con facilidad la verdad sobre las personas y sobre lo que sucede. Como sucede en otros lugares, hay cuestiones no resueltas desde hace tiempo y los problemas que acarrean siempre son los mismos y con frecuencia provocados por las mismas personas que no avanzan en su conversi\u00f3n y permanecen ancladas en contagiar el mal. Y lo peor es que la direcci\u00f3n hacia donde van los tiros suele ser sobre los m\u00e1s cercanos, una especie de intenci\u00f3n de hacer da\u00f1o al hermano. Enfrentarte con esta situaci\u00f3n no resulta f\u00e1cil y cuando tratas de hacerlo pasas a ser una m\u00e1s de las v\u00edctimas.<\/p>\n<p style=\"text-align: justify;\">\n<p style=\"text-align: justify;\">Sin embargo, creo que mi obligaci\u00f3n, como obispo, es atacar de ra\u00edz esta plaga de la que de vez en cuando como en otros sitios aparecen algunos brotes, aunque creo que se est\u00e1n dando pasos importantes y vivimos con mucha m\u00e1s paz en este esfuerzo de crear en nuestra Iglesia m\u00e1s comuni\u00f3n y fraternidad. Es una l\u00e1stima que una realidad peque\u00f1a desvirt\u00fae todo el conjunto, cuando este camina a buen ritmo y con ilusi\u00f3n, aunque con debilidades. De esta Iglesia mallorquina, a la que amo con todo mi coraz\u00f3n, espero que se avance por este sendero de la comuni\u00f3n de todos los que la formamos, superando barreras y abandonando prejuicios hist\u00f3ricos, desterrando aquello que separa y tejiendo bien todo lo que nos une, que es infinitamente mucho m\u00e1s. La propuesta que hago en la Carta Pastoral va en esta l\u00ednea, sobre todo en la forma de hablar, de tratarnos y gozar de un trabajo de conjunto sumando esfuerzos. Me gustar\u00eda que la intenci\u00f3n no quedara s\u00f3lo en el papel, sino que tocara el coraz\u00f3n, a partir del cual, impregnado de Evangelio, se pueden cambiar muchas cosas seg\u00fan Dios mismo y lo que los signos de los tiempos nos est\u00e1n pidiendo para ser m\u00e1s y m\u00e1s fieles al encargo que se nos ha hecho de \u201cevangelizar\u201d.<\/p>\n<p style=\"text-align: justify;\"><strong>\u00a0<a href=\"http:\/\/granadacostanacional.es\/wp-content\/uploads\/2020\/12\/WhatsApp-Image-2020-12-19-at-12.07.48-2.jpeg\"><img decoding=\"async\" loading=\"lazy\" class=\"aligncenter size-large wp-image-26516\" src=\"http:\/\/granadacostanacional.es\/wp-content\/uploads\/2020\/12\/WhatsApp-Image-2020-12-19-at-12.07.48-2-1024x683.jpeg\" alt=\"WhatsApp Image 2020-12-19 at 12.07.48 (2)\" width=\"1024\" height=\"683\" \/><\/a><\/strong><\/p>\n<ol style=\"text-align: justify;\" start=\"15\">\n<li><strong>Este a\u00f1o ha tomado decisiones importantes incorporando a m\u00e1s seglares en cargos de responsabilidad, que hasta ahora reca\u00edan sobre el clero. Igualmente las mujeres, dentro de la estructuraci\u00f3n de la Di\u00f3cesis, comienzan a tener protagonismo en cargos directivos. <em>Explique estas determinaciones<\/em>.<\/strong><\/li>\n<\/ol>\n<p style=\"text-align: justify;\"><strong>\u00a0<\/strong><\/p>\n<p style=\"text-align: justify;\">Despu\u00e9s de mucho tiempo de observar, rezar y reflexionar sobre la realidad de nuestra di\u00f3cesis, he cre\u00eddo \u2013despu\u00e9s de muchas consultas\u2013 arriesgar una nueva estructuraci\u00f3n m\u00e1s conforme a mucha demanda y al momento que vivimos de m\u00e1s participaci\u00f3n de todo el Pueblo de Dios y que se cuente realmente con \u00e9l. Se trata de los cargos de m\u00e1s responsabilidad para que sean compartidos no s\u00f3lo por sacerdotes y di\u00e1conos, sino por seglares, hombres y mujeres, que puedan asumirlos. Y as\u00ed lo hemos hecho. Un consejo episcopal formado por cinco sacerdotes, vicarios episcopales, y un consejo asesor formado por un di\u00e1cono y cinco seglares, dos hombres y tres mujeres, entre ellas la canciller-secretaria del Obispado, cargo que hasta ahora lo hab\u00eda desempe\u00f1ado siempre un sacerdote. Es un equipo de once miembros m\u00e1s el obispo, que trabajamos conjuntamente y con responsabilidades compartidas, asumiendo cada uno un \u00e1mbito espec\u00edfico de la pastoral y, entre todos, el conjunto de la di\u00f3cesis.<\/p>\n<p style=\"text-align: justify;\">\n<p style=\"text-align: justify;\">Me alegra y anima mucho ver que la propuesta ha sido muy bien acogida y una muestra de ello ha sido la numerosa presencia el d\u00eda de la toma de posesi\u00f3n de los cargos. Ahora se trata de trabajar y asumir cada uno y cada una su propia responsabilidad, a la vez que definimos el trabajo propio de los otros colectivos como el consejo presbiteral, el consejo de arciprestes y arciprestal, el consejo pastoral y de asuntos econ\u00f3micos y el colegio de consultores. Todo en funci\u00f3n y al servicio de la comuni\u00f3n, de la unidad eclesial, de la sinodalidad y del testimonio \u201cpara que el mundo crea\u201d, como pide Jes\u00fas en su oraci\u00f3n sacerdotal. Ahora estamos valorando la riqueza de di\u00e1logo que hay en nuestras reuniones, gracias a las distintas aportaciones y opiniones que existen entre sacerdotes, religiosos, di\u00e1conos y seglares. \u00a0Estamos ilusionados en avanzar por este camino de sinodalidad que favorece que lo recorramos juntos, en comuni\u00f3n, unidos en la leg\u00edtima y enriquecedora diversidad.<\/p>\n<p style=\"text-align: justify;\">\n<ol style=\"text-align: justify;\" start=\"16\">\n<li><strong>Usted no se amedrenta ni se arruga ante los problemas. Los que le hemos seguido de cerca desde hace m\u00e1s de cuarenta a\u00f1os, hemos visto su coraje y su determinaci\u00f3n para afrontarlos. Y siempre, o mejor casi siempre, sale airoso en sus resoluciones. <em>\u00bfCu\u00e1l es la clave de sus vicisitudes diplom\u00e1ticas exitosas en la resoluci\u00f3n de problemas?<\/em><\/strong><\/li>\n<\/ol>\n<p style=\"text-align: justify;\"><strong>\u00a0<\/strong><\/p>\n<p style=\"text-align: justify;\">Cuando aparecen los problemas hay que solucionarlos y no complicarlos a\u00fan m\u00e1s, como a veces sucede en algunos que parece que se han especializado para ello. Problemas, los hay de todo tipo, los hay m\u00e1s f\u00e1ciles de resolver y entre todos se hace; otros, en cambio, merecen m\u00e1s atenci\u00f3n. La clave para afrontarlos es el di\u00e1logo y hacer lo posible por objetivarlos. Siempre que alguien ha mostrado aversi\u00f3n o no aceptaci\u00f3n de determinadas acciones m\u00edas, por ejemplo, me he puesto inmediatamente en contacto con \u00e9l y proponi\u00e9ndole una entrevista en directo, cara a cara. Luego, cuando se intenta el di\u00e1logo es importante saber escuchar, aunque sea durante largo tiempo, y sin perder la paciencia. Siempre me ha servido aquello que dice Jes\u00fas en el Evangelio de empezar hablando a solas con la otra persona. Veo muy importante la discreci\u00f3n, no rebajarse cayendo en una nueva cr\u00edtica destructiva o actuar con prejuicios. M\u00e1s a\u00fan, es un buen ejercicio de humildad si en medio de la falta de aceptaci\u00f3n del otro, uno sabe descubrir todo lo positivo que hay en \u00e9l, ya que forma parte de nuestra espiritualidad centrada en Dios que es Amor. En este momento es f\u00e1cil amar y sentirse amado. La relaci\u00f3n cambia radicalmente por el hecho de que se est\u00e1n estableciendo nuevos v\u00ednculos que ayudan a conseguir m\u00e1s cercan\u00eda, a tender puentes que fortalezcan la relaci\u00f3n y derribar muros amasados de desconfianza y ajustes de cuentas.<\/p>\n<p style=\"text-align: justify;\"><strong>\u00a0<a href=\"http:\/\/granadacostanacional.es\/wp-content\/uploads\/2020\/12\/WhatsApp-Image-2020-12-19-at-12.07.48-3.jpeg\"><br \/>\n<\/a><\/strong><\/p>\n<ol style=\"text-align: justify;\" start=\"17\">\n<li><strong>Desde que est\u00e1 en Mallorca ha querido que esta actitud dialogante y el hecho de favorecer siempre el encuentro directo con las personas fuera un gesto de acercamiento necesario y una confrontaci\u00f3n positiva. <em>\u00bfHa habido alg\u00fan momento especial en que esto se ha dado y cuya iniciativa y resultado hayan tenido incluso resonancia medi\u00e1tica?<\/em><\/strong><\/li>\n<\/ol>\n<p style=\"text-align: justify;\"><strong>\u00a0<\/strong><\/p>\n<p style=\"text-align: justify;\">Siempre he cre\u00eddo que hablando podemos entendernos. Estoy convencido de la fuerza del di\u00e1logo, siempre que haya la intenci\u00f3n limpia de escuchar al otro. En diversas ocasiones he llamado al di\u00e1logo a personas enfrentadas e incluso denunciadas p\u00fablicamente. Se trata del primer caso en que me encontr\u00e9 tras la denuncia por parte del obispado referente a unas chicas pro-abortistas que hab\u00edan irrumpido en una c\u00e9ntrica iglesia de Palma, parando la ceremonia y gritando. Las llam\u00e9 al obispado para hablar con ellas y fue una sorpresa ya el hecho que accedieran a venir para hablar y m\u00e1s a\u00fan el largo di\u00e1logo constructivo que mantuvimos, aunque no aceptaron que les quit\u00e1ramos la denuncia. Pero el di\u00e1logo no fue en balde. Nos dimos cuenta y lo percibimos enseguida, que medi\u00e1ticamente el gesto fue muy bien acogido y valorado positivamente, incluso por la prensa. Hay otros hechos concretos que con el di\u00e1logo se han solucionado, hechos que proven\u00edan de posturas que se prestaban a confusiones, a prejuicios o a mantener posturas inflexibles si no habl\u00e1bamos. Hechos relacionados con el derecho a la libertad religiosa o a situaciones de conflicto por actitudes inc\u00edvicas o de poco respeto o rechazo p\u00fablico a elementos religiosos, a veces por mimetismo ideol\u00f3gico y condicionado por la ignorancia del valor que tiene el hecho religioso en nuestra cultura.<\/p>\n<p style=\"text-align: justify;\">Cuando se han dado estas circunstancias y se ha invitado al di\u00e1logo, el resultado ha sido m\u00e1s que positivo, ya que se ha puesto de relieve y se ha valorado siempre la necesidad de hablar, de dialogar y recapacitar sobre determinadas actitudes. El d\u00eda a d\u00eda proporciona muchas ocasiones para tender puentes y reconstruir situaciones de enfrentamiento. As\u00ed, hablando, mir\u00e1ndonos a los ojos, respet\u00e1ndonos y dialogando, se puede avanzar bien y las personas que estaban distanciadas han tenido la oportunidad de aproximarse y establecer nuevos v\u00ednculos. Con todo, quiero subrayar para toda ocasi\u00f3n, la importancia del perd\u00f3n, gesto profundamente humano y cristiano que desactiva cualquier actitud de venganza o rencor.<\/p>\n<p style=\"text-align: justify;\">\n<ol style=\"text-align: justify;\" start=\"18\">\n<li><strong>Dentro de los problemas, siguiendo el camino del Papa Francisco, ha salido al encuentro de los sacerdotes que abandonaron su ministerio sacerdotal, y se ha reunido con ellos en varios encuentros muy gratificantes para usted como para los miembros de este colectivo. Dada la preparaci\u00f3n y la madurez de los mismos, <em>\u00bfqu\u00e9 papel podr\u00edan tener dentro de nuestra Iglesia en este momento y en estas circunstancias de sus vidas?<\/em><\/strong><\/li>\n<\/ol>\n<p style=\"text-align: justify;\"><strong>\u00a0<\/strong><\/p>\n<p style=\"text-align: justify;\">Fue mi intenci\u00f3n la primera vez que vine a Mallorca como administrador apost\u00f3lico entrar en contacto con los sacerdotes dispensados de su ministerio, un colectivo numeroso que cuenta con personas muy valiosas y que a lo largo de estos a\u00f1os de post-concilio han solicitado la dispensa del ejercicio del ministerio. No fue dif\u00edcil convocar a unos casi cuarenta que se interesaron por este encuentro y que a la vez valoraron con inter\u00e9s. Desde aquel primer momento hemos tenido varios encuentros que nos han llevado a expresar muy sinceramente c\u00f3mo se encontraba cada uno y poder escuchar sus deseos, proyectos y tambi\u00e9n alguna que otra reivindicaci\u00f3n. La verdad es que me he sentido muy a gusto y he podido seguir contactando con ellos, visitando a algunos en sus casas y conociendo su familia, con otros compartiendo inquietudes y posibilidades de trabajo pastoral. En este aspecto, he querido que tuvieran un lugar reconocido por todos en la Di\u00f3cesis. Precisamente en la Carta Pastoral publicada hace un a\u00f1o, he dicho que hay acoger a los presb\u00edteros dispensados del ejercicio del ministerio y contar con ellos. Adem\u00e1s de las reuniones habituales que tenemos en peque\u00f1o grupo, nos estamos encontrando e invitando a todo el colectivo, y haciendo camino. Me remito a lo que digo en la Carta pastoral refiri\u00e9ndome san \u00d3scar A. Romero, quien, refiri\u00e9ndose a ellos, dice que \u201cya que por el hecho de haberse retirado del ministerio, no dejan de ser miembros selectos de la Iglesia y que el car\u00e1cter sacerdotal que llevan\u00a0 los capacita para una obra eclesial, desde la que han de vivir la caracter\u00edstica misionera y santificadora de la Iglesia\u201d. Por ello, quiero que mi intento se centre en la acogida, el reconocimiento, el encuentro y la integraci\u00f3n. Ellos mismos se han definido por un trabajo en la Iglesia en l\u00ednea de evangelizaci\u00f3n. Y en este sentido trabajamos, ya que a alguno se le ha propuesto alg\u00fan cargo de responsabilidad en la di\u00f3cesis.<\/p>\n<p style=\"text-align: justify;\"><strong><em>\u00a0<a href=\"http:\/\/granadacostanacional.es\/wp-content\/uploads\/2020\/12\/WhatsApp-Image-2020-12-19-at-12.07.48-3.jpeg\"><img decoding=\"async\" loading=\"lazy\" class=\"aligncenter size-full wp-image-26517\" src=\"http:\/\/granadacostanacional.es\/wp-content\/uploads\/2020\/12\/WhatsApp-Image-2020-12-19-at-12.07.48-3.jpeg\" alt=\"WhatsApp Image 2020-12-19 at 12.07.48 (3)\" width=\"577\" height=\"510\" \/><\/a><\/em><\/strong><\/p>\n<p style=\"text-align: center;\"><em><strong>Mons. Sebasti\u00e0 Taltavull Anglada ayudando a los m\u00e1s necesitados<\/strong><\/em><\/p>\n<p style=\"text-align: center;\">\n<ol style=\"text-align: justify;\" start=\"19\">\n<li><strong>Otros problemas que ha tenido que afrontar, y que estaban enquistados, han sido los que afectan a las clases de Religi\u00f3n y las escuelas concertadas. Tenemos noticia de lo feliz que se siente en el modo como se han superado las dificultades y el buen entendimiento entre el Conseller de Educaci\u00f3n, el Catedr\u00e1tico de Pedagog\u00eda y usted mismo. <em>\u00bfTiene algo que ver en este asunto, el hecho de que ambos son amantes del di\u00e1logo sincero?<\/em><\/strong><\/li>\n<\/ol>\n<p style=\"text-align: justify;\"><strong>\u00a0<\/strong><\/p>\n<p style=\"text-align: justify;\">Con la Conselleria de Educaci\u00f3n y concretamente con el Conseller hemos hablado mucho e intercambiado muchas cuestiones que piden soluci\u00f3n, especialmente a todo lo que se refiere a la persona del profesor de Religi\u00f3n y la de nuestros colegios concertados. Ahora, ante la nueva ley de Educaci\u00f3n (la LOMLOE) se abren nuevos escenarios que necesitaran de un di\u00e1logo sereno pero muy claro por nuestra parte. Nos duele ver que hay una marginaci\u00f3n intencionada expl\u00edcita en lo que se refiere a la ense\u00f1anza religiosa y a la asignatura de Religi\u00f3n de un modo particular. En este momento no sabemos exactamente c\u00f3mo quedar\u00e1 la aplicaci\u00f3n de la ley entre nosotros, pero nos obligar\u00e1 ya desde este ahora a mucho di\u00e1logo con la administraci\u00f3n y hacer valer nuestros derechos \u2013humanos y constitucionales\u2013, a los que no podemos renunciar y hemos de respetar. Nos duele mucho el rumbo que se va tomando sobre este tema en el Gobierno del Estado y que puede repercutir muy negativamente en nuestra autonom\u00eda. Tenemos buena relaci\u00f3n con la Conseller\u00eda de Educaci\u00f3n y un di\u00e1logo fluido con el conseller y sus colaboradores. Es una l\u00e1stima que no se conozca la realidad de nuestro pueblo y se lo quiera conducir por derroteros totalmente contrarios a lo que demanda nuestra cultura y nuestra peculiar forma de ser y de vivir. El papel de la religi\u00f3n es fundamental y no puede ser olvidado en aras de una mala interpretaci\u00f3n de la laicidad, m\u00e1s bien se trata de un laicismo que quiere imponerse a la fuerza y que no tiene para nada en cuenta el hecho religioso, fundamental en nuestra cultura y formando parte irrenunciable de ella.<\/p>\n<p style=\"text-align: justify;\"><strong>\u00a0<\/strong><\/p>\n<ol style=\"text-align: justify;\" start=\"20\">\n<li><strong>Los que no le conoc\u00edan de cerca est\u00e1n muy impactados por su capacidad de trabajo, tambi\u00e9n por estar siempre en una actitud de servicio incondicional que no reh\u00faye cuando se le demanda su presencia. <em>\u00bfC\u00f3mo lo hace para estar en todas partes?<\/em><\/strong><\/li>\n<\/ol>\n<p style=\"text-align: justify;\"><strong>\u00a0<\/strong><\/p>\n<p style=\"text-align: justify;\">Esto no aparece de un d\u00eda para otro. Cercan\u00eda, trabajo, servicio y presencia son el resultado de una actitud vocacional y tambi\u00e9n de un aprendizaje que tiene que ver con el d\u00eda a d\u00eda. No se trata de estar a la vez en todas partes, esto es imposible; sin embargo, creo que se trata de organizaci\u00f3n personal y depende de las prioridades que uno mismo se impone. Creo importante poner cuerpo y alma en todo lo que se emprende, con esfuerzo, constancia, fidelidad y conocimiento-aceptaci\u00f3n de las propias limitaciones y debilidades. Y, muy importante, la humildad con la que hay que actuar, sabiendo que no se trabaja por un premio que se deshace, sino por algo m\u00e1s profundo, aquello que realmente llena una vida y le da sentido. Todo va dirigido hacia el otro, hacia los dem\u00e1s, los cuales son los destinatarios del bien que queremos comunicar. Me acuerdo tener presente una frase del Papa Francisco en la enc\u00edclica <em>Fratelli tutti <\/em>al decir que necesitamos constituirnos en un \u201cnosotros\u201d que habita la casa com\u00fan. Tambi\u00e9n, san Juan Pablo II enfocaba el tercer milenio con la propuesta de una espiritualidad que \u00e9l llamaba de \u201ccomuni\u00f3n\u201d y que consiste -despu\u00e9s de fijar a centralidad de Dios-Amor en nuestra vida- en pensar que el \u201cotro\u201d es un \u201cdon\u201d para m\u00ed como yo lo soy para \u00e9l, como tambi\u00e9n haciendo el esfuerzo de descubrir todo lo que en \u00e9l hay de positivo y de lo que yo puedo beneficiarme. Ello da mucha calidad humana a nuestro trabajo pastoral y favorece la creaci\u00f3n de nuevos v\u00ednculos de empat\u00eda y solidaridad.<\/p>\n<p style=\"text-align: justify;\"><strong>\u00a0<\/strong><\/p>\n<ol style=\"text-align: justify;\" start=\"21\">\n<li><strong>Con la rica experiencia adquirida en su trabajo pastoral en Barcelona, y despu\u00e9s de dos a\u00f1os de contacto directo, es el momento del aterrizaje para mostrarnos, como presidente que ha sido durante dos trienios de la Comisi\u00f3n Episcopal de Pastoral, y a continuaci\u00f3n, miembro de las Comisiones Episcopales de Medios de Comunicaci\u00f3n Social y en el departamento de Justicia y Paz de la Comisi\u00f3n Episcopal de Pastoral Social, del que ha formado parte hasta hace poco, <em>\u00bfcu\u00e1les son los grandes problemas y soluciones resolutivas que est\u00e1n en juego?<\/em><\/strong><\/li>\n<\/ol>\n<p style=\"text-align: justify;\"><strong>\u00a0<\/strong><\/p>\n<p style=\"text-align: justify;\">La experiencia de participaci\u00f3n en las distintas comisiones episcopales de la Conferencia de los Obispos ha sido y sigue siendo muy enriquecedora. Se descubre y se ve la Iglesia en su conjunto, al mismo tiempo que su riqueza humana y espiritual de las Iglesias particulares, las di\u00f3cesis. El trabajo que se lleva a t\u00e9rmino a diario es la atenci\u00f3n al caminar de conjunto de la Iglesia y la atenci\u00f3n, no s\u00f3lo a problemas, sino a los retos que se nos presentan, junto a los signos de los tiempos. En las comisiones que he trabajado y sigo presente con mi trabajo actual queda muy privilegiada la presencia en el mundo, viviendo muy de cerca los problemas y esperanzas de nuestra sociedad con sus luces y sus sombras. Adem\u00e1s, \u00e9ste ha sido siempre nuestro objetivo en las comisiones de pastoral, de medios de comunicaci\u00f3n y de pastoral social.<\/p>\n<p style=\"text-align: justify;\">\n<p style=\"text-align: justify;\">El tema de la evangelizaci\u00f3n sigue siendo siempre transversal, como todos los que se relacionan con la acci\u00f3n social, los derechos humanos, la econom\u00eda, la pol\u00edtica, la ecolog\u00eda, la justicia, la misericordia, la vivencia del Evangelio, la opci\u00f3n por los pobres y por una Iglesia en salida, samaritana, la vocaci\u00f3n y la misi\u00f3n de los laicos, etc. Un tema delicado es el de los Derechos Humanos y sus sucesivas concreciones. Muchos Estados los proclaman e incluso los tienen como base y punto de partida de sus respectivas declaraciones solemnes, pero la realidad no demuestra su promoci\u00f3n, defensa y cumplimiento porque no entrar en su ordenamiento jur\u00eddico. El resultado es evidente y aparece su ineficacia. Pensemos, por poner un ejemplo, en el derecho a la vida y fij\u00e9monos a la pr\u00e1ctica cuantas leyes hay contra la vida desde el nacimiento hasta la muerte natural. \u00a0Y, as\u00ed, seguir\u00edamos con los derechos que son objeto de atropello porque no se promueven sus correspondientes deberes, o porque se atenta contra la dignidad humana.<\/p>\n<p style=\"text-align: justify;\">\n<p style=\"text-align: justify;\">Cada momento tiene su propuesta y su respuesta, incluso hasta llegar a vivir la unidad de trabajo a partir de una sugerencia que proviene de la Santa Sede o del mismo Papa Francisco. En concreto y refiri\u00e9ndonos a \u00e9l, sus enc\u00edclicas, sus exhortaciones apost\u00f3licas y todo su magisterio, adem\u00e1s de sus elocuentes gestos, son fuente de inspiraci\u00f3n para la reflexi\u00f3n y la fuerza para el compromiso. <em>Evangelii gaudium, Amoris laetitia, Laudato si\u2019, Christus vivit <\/em>y <em>Fratelli tutti, <\/em>est\u00e1n marcando muy claramente el camino que hay que tomar para responder a lo que m\u00e1s necesita hoy nuestro mundo y lo que espera de la Iglesia. S\u00f3lo los t\u00edtulos de estos documentos marcan de hecho la hoja de ruta que vamos tomando y que nos entusiasma poder hacerlo por la confianza que genera y el impulso pastoral que nos infunde. Los contenidos son muy claros y nos tocan el coraz\u00f3n, a la vez que se explican con un lenguaje sencillo que todo el mundo entiende. Es el gran servicio que actualmente la Iglesia est\u00e1 haciendo a la sociedad y que -dicho incluso por pol\u00edticos- lo hace a trav\u00e9s de la persona del Papa Francisco, a quien se le reconoce como \u00e9l \u00fanico referente \u00e9tico a nivel mundial, y a quien le escuchan con atenci\u00f3n tanto creyentes de todas las religiones, como no creyentes. As\u00ed, a los grandes problemas se les est\u00e1n dando soluciones resolutivas que son proclamadas con firmeza y fidelidad al Evangelio. En el fondo, la respuesta la ha de dar cada uno y es signo de una sincera conversi\u00f3n, al mismo tiempo que la da en comuni\u00f3n con los dem\u00e1s.<\/p>\n<p style=\"text-align: justify;\"><strong>\u00a0<a href=\"http:\/\/granadacostanacional.es\/wp-content\/uploads\/2020\/12\/WhatsApp-Image-2020-12-19-at-12.07.48-4.jpeg\"><img decoding=\"async\" loading=\"lazy\" class=\"aligncenter wp-image-26518 size-medium\" src=\"http:\/\/granadacostanacional.es\/wp-content\/uploads\/2020\/12\/WhatsApp-Image-2020-12-19-at-12.07.48-4-300x245.jpeg\" alt=\"WhatsApp Image 2020-12-19 at 12.07.48 (4)\" width=\"300\" height=\"245\" \/><\/a><\/strong><\/p>\n<ol style=\"text-align: justify;\" start=\"22\">\n<li><strong>En el ejercicio de su fren\u00e9tico ministerio, mantiene la balanza en un perfecto equilibrio entre la parte activa del compromiso y la contemplativa. En cuanto a esta \u00faltima, los resultados son altamente conocidos a trav\u00e9s de sus m\u00faltiples publicaciones. En estos \u00faltimos a\u00f1os sale a libro por a\u00f1o, m\u00e1s su colaboraci\u00f3n semanal en revistas como Catalu\u00f1a Cristiana y la Hoja Dominical de la Di\u00f3cesis, o mensual como Vida Nueva (PPC) y Misa Dominical (CPL), y tantas otras aportaciones puntuales de art\u00edculos y entrevistas en la prensa local y revistas de los pueblos, etc. Su trabajo pastoral, como se puede apreciar, est\u00e1 sostenido por la cercan\u00eda y acompa\u00f1amiento doctrinal. En medio de tanto ajetreo, <em>\u00bfc\u00f3mo se las arregla y de d\u00f3nde saca el tiempo y la calma para llevar a cabo tanta productividad?<\/em><\/strong><\/li>\n<\/ol>\n<p style=\"text-align: justify;\"><strong>\u00a0<\/strong><\/p>\n<p style=\"text-align: justify;\">Es cuesti\u00f3n de organizaci\u00f3n y poner gusto en lo que haces. Al mismo tiempo, se trata de dedicaci\u00f3n completa, saber hacer uso del tiempo teniendo claras las prioridades y saber distinguir aquello en lo que has de invertir m\u00e1s tiempo y lo que precisa de menos horas. Hablas de calma y esto es importante. Ni el estr\u00e9s ni la ansiedad ayudan a un trabajo sereno y hecho a conciencia. Todo tiene que venir provisto de un necesario equilibrio entre el tiempo que va m\u00e1s orientado a la acci\u00f3n y a estar con la gente y el tiempo de adquirir sabidur\u00eda mediante la oraci\u00f3n, el estudio, la preparaci\u00f3n de las homil\u00edas, conferencias, celebraciones, etc. Adem\u00e1s, es gratificante y te mantiene m\u00e1s en forma si dedicas algo de tiempo a un poco de deporte o estar m\u00e1s en contacto con la naturaleza y evitar as\u00ed un estilo de vida sedentario. Esto es tal vez m\u00e1s necesario en este tiempo que vivimos, muy marcado por la relaci\u00f3n digital que \u2013como dice el Papa Francisco\u2013 facilita muchas cosas y nos acerca mucho, pero no por ello nos hace m\u00e1s hermanos.<\/p>\n<p style=\"text-align: justify;\"><strong>\u00a0<\/strong><\/p>\n<ol style=\"text-align: justify;\" start=\"23\">\n<li><strong>Junto a sus cuatro \u00faltimas publicaciones: \u201cOs llevo en el coraz\u00f3n\u201d, \u201cMucho que agradecer\u201d, \u201cBrotes de vida\u201d y \u201cEntre dos abrazos\u201d, acaba de regalar a la Iglesia de Mallorca una Carta Pastoral (317 p\u00e1ginas) con el t\u00edtulo de \u201cBautizados, confirmados y enviados\u201d y el subt\u00edtulo \u201centre dos abrazos y como molinos de viento plantados en esta tierra de misi\u00f3n\u201d. <em>\u00bfNos puede hacer un resumen de este documento que usted ha elaborado con tanto mimo?<\/em><\/strong><\/li>\n<\/ol>\n<p style=\"text-align: justify;\"><strong>\u00a0<\/strong><\/p>\n<p style=\"text-align: justify;\">La clave de interpretaci\u00f3n y de lectura de la Carta Pastoral est\u00e1 sobre todo en la introducci\u00f3n, a partir de una especie de par\u00e1bola como recurso pedag\u00f3gico. Cualquier persona o colectivo puede ser objeto de interpretaci\u00f3n y de autorreflexi\u00f3n. Los veinte cap\u00edtulos son el contenido que sigue y desarrolla lo que en este momento he cre\u00eddo esencial para la vida de la di\u00f3cesis, as\u00ed como el Evangelio nos indica, como los signos de los tiempos nos hablan y como la orientaci\u00f3n del Papa Francisco con sus gestos y magisterio nos lo proponen. Por ello, se hace muy necesario lo que nos dice en <em>Fratelli tutti, <\/em>que nuestra misi\u00f3n es \u201cofrecer transcendencia\u201d y que \u201chacer presente a Dios es un bien para nuestras sociedades\u201d. Creo que el momento actual de la Iglesia es fascinante en una multitud de aspectos, sobretodo con relaci\u00f3n al di\u00e1logo con el mundo y decirle la palabra que necesita, lo cual nos hace tener la mirada puesta en el cielo, pero con los pies bien puestos en la tierra.<\/p>\n<p style=\"text-align: justify;\">\n<p style=\"text-align: justify;\">En la introducci\u00f3n de la Carta Pastoral comparo la situaci\u00f3n de cada uno de nosotros con un <em>molino de viento<\/em>, elemento muy abundante en nuestra isla, con sus aspas a merced del viento \u2013el Esp\u00edritu\u2013. Pero la realidad es que hay molinos de todo tipo: los hay a pleno rendimiento, a media marcha, res\u00adtaurados, parados, con pocas aspas o sin ellas, medio derruidos, <em>destrozados<\/em> del todo o casi desaparecidos. Si ponemos manos a la obra, seguro que po\u00addemos recuperar incluso lo que parece inservible. Cuando alg\u00fan aspa se ha deteriorado, no debe tirarse nunca, le ir\u00e1 bien al herrero para que la arregle o a cualquier experto que pueda solucionarlo. Se trata de rehabilitarnos para que el viento del Esp\u00edritu encuentre en nosotros unas aspas bien renovadas que puedan acoger su soplo y ponernos en movimiento, y as\u00ed, producir la energ\u00eda que necesitamos. Veo que el pro\u00adblema no es el viento. El viento sigue soplando, seguir\u00eda moviendo las aspas si estuvieran all\u00ed, seguir\u00eda produciendo energ\u00eda y movimiento, habr\u00eda vida y se generar\u00eda vida&#8230; Sin embargo, no todo es as\u00ed, en otros lugares los he visto rehabilitados y en funcionamiento. El problema no es el viento, el problema es el molino, somos nosotros, bien plantados o medio derruidos, buenos re\u00adceptores del viento o sin posibilidad de acoger lo que les hace \u00fatiles, aquello para lo que han sido creados.<\/p>\n<p style=\"text-align: justify;\">\n<p style=\"text-align: justify;\">A partir de ah\u00ed, del an\u00e1lisis de la realidad, de la lectura meditada y orante del Evangelio, de la doctrina social de la Iglesia y, sobre todo, de los \u00faltimos documentos del Papa Francisco, he ido planteando en veinte cap\u00edtulos las cuestiones que me han parecido m\u00e1s actuales y de m\u00e1s urgencia. Los detallo para que se pueda conocer el contenido: 1) Desde el bautismo y la confirmaci\u00f3n somos una misi\u00f3n en medio del pueblo. 2) Pongamos en pr\u00e1ctica los dones recibidos, saber recibir y querer dar. 3) Trabajemos en equipo, creemos comuni\u00f3n, no vayamos solos, relacion\u00e9monos en red. 4) Las estructuras y los cargos est\u00e1n orientados al servicio del Evangelio. 5) Es esencial entrar de manera progresiva en el misterio de Cristo, encontrarse con \u00e9l. 6) Es urgente leer, conocer, estudiar la Palabra de Dios y rezar con ella. 7) Es esencial vivir en comunidad la Eucarist\u00eda y celebrar juntos el D\u00eda del Se\u00f1or. 8) Vivimos una nueva \u00e9poca, un tiempo nuevo que pide conversi\u00f3n personal y pastora. 9) La parroquia es la Iglesia entre las casas, iglesia dom\u00e9stica, familia de familias. 10) Orientaciones pastorales para una Iglesia en salida. 11) La misi\u00f3n encomendada al laicado tiene lugar en el coraz\u00f3n de nuestra sociedad, entre la gente. 12) Tiempo favorable para el discernimiento, para la purificaci\u00f3n y la reforma que necesitamos. 13) Escenarios de siempre y campos nuevos que deben ser atendidos de forma urgente. 14) El clero, pastores seg\u00fan el coraz\u00f3n de Dios, delante, en medio y detr\u00e1s del reba\u00f1o, siempre al servicio de todos, atentos y velando. 15) Mirada de afecto a nuestro Seminario y a la vida consagrada, y con la implicaci\u00f3n que quiere Jes\u00fas. 16) La alegr\u00eda del amor: el matrimonio cristiano. 17) Evangelizadores con esp\u00edritu, que oran y trabajan llenos de confianza.18) Derechos humanos y deberes, libertad religiosa, cultura del encuentro, migrantes y refugiados. 19) El deseo de llegar a la santidad, participaci\u00f3n del Dios-Amor, que es santo. 20) La pregunta de cada d\u00eda espera respuesta y va dirigida a cada uno: \u201c\u00bfme amas?\u201d. A trabajar con constancia, alegres, entusiastas, y no dejar de orar. \u00a0Cada cap\u00edtulo tiene una oraci\u00f3n y un cuestionario. Ello sirve para que la Carta la sigamos escribiendo entre todos, ya que todo el Pueblo de Dios tiene capacidad para hacerlo. De hecho, desde el mes de enero ya estoy recibiendo muchas aportaciones tanto de comunidades y grupos como de personas que responden de forma individual.<\/p>\n<p style=\"text-align: justify;\"><strong>\u00a0<\/strong><\/p>\n<ol style=\"text-align: justify;\" start=\"24\">\n<li><strong>De sus abundantes publicaciones, si tuviera que escoger una, <em>\u00bfcon cu\u00e1l se quedar\u00eda?<\/em><\/strong><\/li>\n<\/ol>\n<p style=\"text-align: justify;\"><strong>\u00a0<\/strong><\/p>\n<p style=\"text-align: justify;\">Me es dif\u00edcil escoger una porque cada publicaci\u00f3n ha obedecido a un momento concreto, a una necesidad, a una intenci\u00f3n determinada o es el resultado de un encargo que se me ha hecho.\u00a0 La primera publicaci\u00f3n recoge en dos libros \u201c<strong>Prefer\u00e8ncies<\/strong><strong> 1 y 2<\/strong>, una selecci\u00f3n de 200 escritos sobre unos seiscientos programas de radio, emitidos por la cadena COPE Menorca. El libro de texto del 8\u00ba curso de Religi\u00f3n Cat\u00f3lica para la segunda etapa de E.G.B, publicado por Ediciones SM \/ Editorial Cru\u00eflla: \u201c<strong>L\u2019Esperit del Senyor<\/strong>\u201d [El Esp\u00edritu del Se\u00f1or]. Siguen publicaciones de tema catequ\u00e9tico dos libros sobre catequesis y confirmaci\u00f3n \u201c<strong>Aixeca\u2019t<\/strong><strong> y camina<\/strong>\u201d [Lev\u00e1ntate y anda] y \u201c<strong>Rebreu l\u2019Esperit<\/strong><strong> Sant<\/strong>\u201d [Recibir\u00e9is el Esp\u00edritu Santo] con sus correspondientes dos libros-gu\u00eda para los catequistas. Dos libros de \u201c<strong>Catequesis familiar<\/strong>\u201d para padres y madres y uno relacionado con el despertar religioso titulado \u201c<strong>Los primeros a\u00f1os de la vida<\/strong>\u201d, los tres editados en catal\u00e1n y castellano, en el Secretariado Interdiocesano de Catequesis de Catalu\u00f1a y Baleares (SIC). Tres libros en torno a la <em>Lectio divina <\/em>a partir de 50 preguntas que Jes\u00fas plantea en el Evangelio: \u201c<strong>Arrelats vora l\u2019aigua<\/strong>\u201d [Plantados junto al agua], \u201c<strong>Agafats de la m\u00e0<\/strong>\u201d [Tomados de la mano], \u201c<strong>Solidaris en l\u2019amor<\/strong>\u201d [solidarios en el amor]. Editados por Editorial Claret y este \u00faltimo en elaboraci\u00f3n. Por encargo del Pontificio Consejo Justicia y Paz de la Santa Sede, tres libros con las homil\u00edas correspondientes a los tres ciclos lit\u00fargicos A, B y C, editados por Editrice Vaticana y el Centro de Pastoral Lit\u00fargica de Barcelona (CPL), y publicados en italiano, catal\u00e1n y castellano respectivamente. Llevan como t\u00edtulo \u201c<strong>La Parola ci chiama, <em>Omelie ispirate alla Dottrina Sociale della Chiesa<\/em><\/strong>\u201d [La llamada de la Palabra, <em>Homil\u00edas con la Doctrina Social de la Iglesia<\/em>], [La crida de la Paraula, <em>Homilies amb la<\/em><em> Doctrina Social de <\/em><em>l\u2019Esgl\u00e9sia<\/em>]. \u201c<strong>Manteniu-vos en el meu<\/strong><strong> amor<\/strong>\u201d, editado por Publicaciones de la Abad\u00eda de Montserrat, colecci\u00f3n <em>El <\/em><em>gra de blat<\/em>. Cuatro libros publicados en catal\u00e1n y castellano por Editorial Claret, colecci\u00f3n <em>Savieses<\/em> [Sabidur\u00edas]: \u201c<strong>Us porto al cor<\/strong>\u201d [Os llevo en el coraz\u00f3n], \u201c<strong>Molt per agrair<\/strong>\u201d [Mucho que agradecer], \u201c<strong>Brots de vida<\/strong>\u201d [Brotes de vida], \u201c<strong>Entre dues abra\u00e7ades<\/strong>\u201d [Entre dos abrazos]. \u201c<strong>Les Set Paraules de Crist, <em>Meditacions<\/em><\/strong>\u201d [Las Siete Palabras de Cristo, <em>Meditaciones<\/em>], publicado por Editorial Claret. Barcelona. \u201c<strong>Els 7 dons de l\u2019Esperit<\/strong>\u201d [Los 7 dones del Esp\u00edritu] en colaboraci\u00f3n con Goretti Pom\u00e9 y editado por Editorial Claret. Barcelona. Para m\u00ed, se me hace dif\u00edcil escoger uno sobre los otros, ya que, como he dicho, cada un responde a un momento determinado y que resulta importante vivirlo.<\/p>\n<p style=\"text-align: justify;\">\n<p style=\"text-align: justify;\">\n<ol style=\"text-align: justify;\" start=\"25\">\n<li><strong>En otro orden de cosas, nos consta la influencia que han tenido en su vida dos grandes personalidades: Mons. Teodoro \u00dabeda y el Papa Francisco. <em>Le damos la oportunidad para que nos explique estas relaciones tan entra\u00f1ables para usted<\/em>.<\/strong><\/li>\n<\/ol>\n<p style=\"text-align: justify;\"><strong>\u00a0<\/strong><\/p>\n<p style=\"text-align: justify;\">Siempre he querido estar atento al momento que vive la sociedad y dentro de ella la Iglesia. Es una exigencia del Evangelio cuando Jes\u00fas nos dice \u201cvelad\u201d, \u201cestad atentos\u201d, \u201cestad despiertos\u201d. Cada d\u00eda pasan muchas cosas y hay que responder con serenidad, con paz interior, con profundidad de esp\u00edritu. Para ello es necesario el estudio de la realidad, la lectura creyente de la Palabra de Dios y la oraci\u00f3n como asunci\u00f3n y respuesta que se deduce de esta escucha, y la capacidad y voluntad de compromiso de encarnaci\u00f3n en esta realidad con la que uno se ha identificado y haya tomado partido. Esta forma de hacer la he descubierto en muchas personas que me han hecho y me est\u00e1n haciendo mucho bien. Son mis santos de la casa de al lado, gente muy cercana, aunque su presencia est\u00e9 lejana f\u00edsicamente.<\/p>\n<p style=\"text-align: justify;\">\n<p style=\"text-align: justify;\">Entre los muchos y en una etapa muy concreta de mi vida, he conocido y tratado a D. Teodoro \u00dabeda por la relaci\u00f3n con nuestro obispo de Menorca D. Miguel Moncadas, excelente acompa\u00f1ante en nuestros a\u00f1os de teolog\u00eda y primeros de sacerdocio. Particip\u00e9 con D. Teodoro en reuniones de trabajo los a\u00f1os que fui vicario general de mi di\u00f3cesis de Menorca, cuando las tres islas funcion\u00e1bamos casi como provincia eclesi\u00e1stica por el trabajo pastoral que compart\u00edamos, incluso publicando Cartas pastorales conjuntas\u00a0 que eran expresi\u00f3n de un trabajo conjunto muy fecundo y que respond\u00edan a situaciones reales que viv\u00eda nuestro pueblo y a las que ten\u00edamos que responder pastoralmente: <em>Ecolog\u00eda y Turismo<\/em> (1991) <em>Constructores de solidaridad<\/em> (1994) <em>La familia, transmisora y educadora de la fe<\/em> (2000). A la vez, es cuando nosotros en Menorca organizamos la Asamblea Diocesana (1996-1998) y en Mallorca el S\u00ednodo Diocesano (1998-1999). Adem\u00e1s, con D. Teodoro siempre tuve una relaci\u00f3n muy cordial, lo cual hac\u00eda que habl\u00e1ramos con frecuencia por tel\u00e9fono y pudiera contar a cualquier hora con su sabio consejo. Tambi\u00e9n a lo largo de los a\u00f1os 90 nos encontr\u00e1bamos en Madrid en los encuentros de Vicarios generales y de pastoral organizados por la Comisi\u00f3n de Pastoral de la que D. Teodoro era presidente y D. Joan Bestard, director del Secretariado de dicha Comisi\u00f3n. Siempre le agradec\u00ed lo mucho que nos ayud\u00f3 y sobre todo su testimonio como pastor de esta Iglesia de Mallorca, a la que sirvi\u00f3 durante m\u00e1s de treinta a\u00f1os.<\/p>\n<p style=\"text-align: justify;\">\n<p style=\"text-align: justify;\">Y, \u00a1qu\u00e9 decir del Papa Francisco! Ha sido y sigue siendo un don de Dios contar con este Papa totalmente preparado y entregado para los tiempos no f\u00e1ciles que vivimos, pero a la vez tiempos fascinantes por la novedad que estamos descubriendo cada d\u00eda cuando pone a nuestro alcance tanta respuesta. Muchos no imaginaban la fuerza con que este hombre afrontar\u00eda a su edad una misi\u00f3n tan delicada como la de liderar la Iglesia a cincuenta a\u00f1os del Concilio Vaticano II y con tantos asuntos pendientes desde aquel empuje inicial del Esp\u00edritu. Toma las riendas de la Iglesia desde unas premisas que tienen el com\u00fan denominador de los pobres. Esta es su definici\u00f3n y su puesta en escena que ir\u00e1 concretando con su atenci\u00f3n preferente hacia las periferias humanas y existenciales hacia las que acude y con las que se encuentra. Todos recordamos aquel inesperado viaje a Lampedussa, convertido en un s\u00edmbolo que sigue teniendo sus repetidos efectos. Ya se lo dijo su amigo el cardenal Humes en el instante de ser elegido Papa \u201c<em>no te olvides de los pobres<\/em>\u201d, discreta insinuaci\u00f3n que le lleva a escoger el nombre de <em>Francisco <\/em>y que se convertir\u00e1 en un clamor prof\u00e9tico dirigido a un mundo que tiene muchas cuentas pendientes, muchas inercias a deshacer y muchos problemas enquistados a resolver, dentro y fuera de la Iglesia. Su persona, su mensaje y sus gestos me han entusiasmado desde el principio de su pontificado, sobre todo me ha cautivado su sencillez, su coherencia personal, su capacidad de decisi\u00f3n, su ternura, su sensibilidad social y su preferencia por los m\u00e1s pobres y descartados de la sociedad y optando por una Iglesia en salida que llama con urgencia al cuidado de la creaci\u00f3n y a la fraternidad, siempre desde el gozo de Evangelio, fruto del encuentro con Cristo. Siempre me he referido a \u00e9l y a su \u201cotra\u201d enc\u00edclica, es decir, la que est\u00e1 escribiendo cada d\u00eda con su palabra, su predicaci\u00f3n y sus constantes intuiciones que provocan signos que llaman a la conversi\u00f3n evang\u00e9lica y al seguimiento entusiasmado de Jes\u00fas. Adem\u00e1s de agradec\u00e9rselo personalmente en distintas ocasiones, es al Se\u00f1or a quien le agradezco que nos lo haya dado y que a nosotros nos mantenga as\u00ed, despiertos, atentos, con la mirada hacia el cielo y los pies bien puestos en la tierra, con el coraz\u00f3n abierto all\u00ed donde est\u00e1 nuestro trabajo.<\/p>\n<p style=\"text-align: justify;\"><strong>\u00a0<\/strong><\/p>\n<ol style=\"text-align: justify;\" start=\"26\">\n<li><strong>Menorca, Catalu\u00f1a, Mallorca, tres lugares vinculados estrechamente a su itinerario personal. <em>\u00bfQu\u00e9 representan cada una de ellas para usted?<\/em><\/strong><\/li>\n<\/ol>\n<p style=\"text-align: justify;\"><strong>\u00a0<\/strong><\/p>\n<p style=\"text-align: justify;\">Los tres lugares representan mucho para m\u00ed, y m\u00e1s cuando percibes lo que han sido para el proceso de mi vocaci\u00f3n humana y sacerdotal en unos momentos decisivos de mi caminar por la vida. Los lugares en s\u00ed mismo considerados, mantienen mucha relaci\u00f3n y veo en ellos el h\u00e1bitat donde uno ha nacido y ha crecido, ofreciendo cada lugar lo que le es propio, sus gentes, sus costumbres, sus estilos de vida y car\u00e1cter propio. Siempre he querido aprender y de hecho he aprendido mucho de todos, especialmente de la gente sencilla, la cual, con su sabidur\u00eda, ha sido para m\u00ed de trato muy f\u00e1cil y acogedor. Ello ha hecho posible nuestra mutua amistad, que no ha dejado de poner ra\u00edces. Los tiempos transcurridos en cada uno de los tres lugares han sido uy desiguales, pero la intensidad de vivencia muy parecidos, ya que en cada sitio he intentado vivir a fondo la experiencia que le es propia. La etapa m\u00e1s larga, la de Menorca, 57 a\u00f1os, entre los de educaci\u00f3n infantil, Seminario y los 33 de ministerio sacerdotal, contando los tres a\u00f1os de estudio de Teolog\u00eda fuera de isla. Hay una etapa intermedia de un poco m\u00e1s de 4 a\u00f1os en Madrid en la Conferencia Episcopal. La etapa de Barcelona como obispo auxiliar durante 8 a\u00f1os y representa un momento vocacional muy espec\u00edfico por lo que significa el ejercicio del episcopado vivido en comuni\u00f3n y misi\u00f3n al servicio de una di\u00f3cesis de casi tres millones de habitantes. Y la etapa actual que comprende 4 a\u00f1os en la di\u00f3cesis de Mallorca, 1 a\u00f1o como administrador apost\u00f3lico y 3 como obispo residencial.<\/p>\n<p style=\"text-align: justify;\">He intentado vivir todo este proceso con mucha continuidad entre una y otra etapa, como si una me introdujera a la otra, ya que no he tenido nunca la impresi\u00f3n de ning\u00fan tipo de ruptura, lo que me hace pensar que en la vida todo es importante, ocupes uno u otro lugar. Aunque vayas sumando responsabilidad, cada etapa en la vida tiene su matiz propio y decisivo, y hay que vivirlo con la intensidad y la calidad de cada momento, que puede ser siempre nuevo. Eso s\u00ed, no pensando s\u00f3lo en uno mismo, sino en los dem\u00e1s, como lo expresa el Papa Francisco cuando dice que cada vez que intentamos volver a la fuente y recuperar la frescura original del Evangelio, brotan nuevos caminos, m\u00e9todos creativos, otras formas de expresi\u00f3n, signos m\u00e1s elocuentes, palabras cargadas de renovado significado para el mundo actual. En realidad, toda aut\u00e9ntica acci\u00f3n evangelizadora es siempre \u00abnueva\u00bb. Es la expresi\u00f3n de una Iglesia en salida, que sale al encuentro de los hombres y mujeres de hoy y goza por encarnar el Evangelio en toda circunstancia que se le presenta y sacando miel de toda flor.<\/p>\n<p style=\"text-align: justify;\">En la medida en que nos vamos conociendo y tratando, la etapa actual de Mallorca va siendo de cada vez m\u00e1s intensa y significativa, a la vez que gratificante, ya que tiene todas las posibilidades y las dimensiones humanas para una vivencia cristiana generadora de ilusi\u00f3n y sentido. Siempre lo ha tenido, pero \u00faltimamente con m\u00e1s fuerza y precisi\u00f3n debido al condicionamiento de la pandemia del COVID-19, que nos est\u00e1 orientando a ir a lo esencial en todos los aspectos de la vida personal, espiritual, sanitaria, familiar, parroquial, escolar, profesional, pol\u00edtica, econ\u00f3mica, ecol\u00f3gica, y tantas otras realidades nuevas que, profundizando en la propia vida interior y en la necesidad de una espiritualidad de comuni\u00f3n, nos abran nuevos senderos de vida fraterna y convivencia en paz. El <em>encuentro con Cristo<\/em> y la <em>experiencia de fraternidad<\/em> en la comunidad eclesial, la <em>pr\u00e1ctica de los derechos humanos<\/em> y sus respectivos deberes, junto con la del gozo de <em>vivir Evangelio<\/em> son, sin duda alguna, el fundamento y la proyecci\u00f3n de toda una vida, la propia y la que se irradia y esparce a trav\u00e9s del testimonio expl\u00edcito o impl\u00edcito, como tan bien lo describe San Pablo VI en aquella siempre actual exhortaci\u00f3n apost\u00f3lica <em>Evangelii Nuntiandi <\/em>sobre la evangelizaci\u00f3n en el mundo contempor\u00e1neo. No puedo dejar de recordar aquellos dos fragmentos sobre la evangelizaci\u00f3n de las culturas, al decir que \u201cla ruptura entre Evangelio y cultura es, sin lugar a duda, el drama de nuestra \u00e9poca, como lo fue tambi\u00e9n en otras \u00e9pocas\u201d. Del mismo modo, aquella otra afirmaci\u00f3n que toca la fibra m\u00e1s fina de nuestro compromiso cristiano cuando afirma que \u201cEl hombre contempor\u00e1neo escucha m\u00e1s a gusto a los que dan testimonio que a los que ense\u00f1an, o si escuchan a los que ense\u00f1an, es porque dan testimonio&#8221;.<\/p>\n<p style=\"text-align: justify;\">El Papa Francisco nos se\u00f1ala el camino cuando dice que cada cristiano y cada comunidad tendr\u00e1 que discernir cu\u00e1l es el camino que el Se\u00f1or le pide, pero todos somos invitados a aceptar este llamado: salir de la propia comodidad y atreverse a llegar a todas las periferias que necesitan la luz del Evangelio. Pensando en los lugares y las etapas que uno ha vivido a largo de la vida, se percibe con claridad el llamado de Jes\u00fas que dice \u201cid\u201d (no dice \u201cesperad a que vengan\u201d) y con ello nos lanza hacia los nuevos escenarios donde hacer presente la misi\u00f3n evangelizadora de la Iglesia y, as\u00ed, poder responder a los nuevos retos a los que s\u00f3lo con una actitud de \u201csalida misionera\u201d hacer frente. Lo cierto es que nos da una gran paz el hecho de que junto al \u201cid\u201d est\u00e1 asegurada la compa\u00f1\u00eda del \u201cno teng\u00e1is miedo\u201d, del \u201cyo estoy con vosotros hasta el fin del mundo\u201d, del \u201cno os preocup\u00e9is, que el Esp\u00edritu Santo hablar\u00e1 por vosotros\u201d. La confianza siempre por delante.<\/p>\n<p style=\"text-align: justify;\">A la vez que agradezco de todo coraz\u00f3n a la <strong>Asociaci\u00f3n Proyecto Nacional de Cultura Granada Costa<\/strong> este Premio Humanidades en la modalidad de Derechos Humanos, y que quiero compartir con quienes estamos implicados en la misma misi\u00f3n de trabajar por una cultura del encuentro, por una sociedad m\u00e1s fraterna y una Iglesia samaritana, os deseo a todos y a todas con quienes nos comunicamos a trav\u00e9s de estas letras, unas fiestas vividas en lo esencial cristiano y un mejor a\u00f1o nuevo lleno de salud, trabajo y de convivencia en paz. \u00a1Que Dios os bendiga!<\/p>\n","protected":false},"excerpt":{"rendered":"<p>Entrevista por Diego Sabiote Se ha hecho p\u00fablico el reconocimiento a su trayectoria y su compromiso con la Vida \u2013enti\u00e9ndase&hellip;<\/p>\n","protected":false},"author":3,"featured_media":26509,"comment_status":"open","ping_status":"open","sticky":false,"template":"","format":"standard","meta":{"om_disable_all_campaigns":false,"_mi_skip_tracking":false,"_monsterinsights_sitenote_active":false,"_monsterinsights_sitenote_note":"","_monsterinsights_sitenote_category":0,"footnotes":""},"categories":[21,22],"tags":[],"aioseo_notices":[],"_links":{"self":[{"href":"https:\/\/granadacostaglobal.es\/index.php?rest_route=\/wp\/v2\/posts\/26505"}],"collection":[{"href":"https:\/\/granadacostaglobal.es\/index.php?rest_route=\/wp\/v2\/posts"}],"about":[{"href":"https:\/\/granadacostaglobal.es\/index.php?rest_route=\/wp\/v2\/types\/post"}],"author":[{"embeddable":true,"href":"https:\/\/granadacostaglobal.es\/index.php?rest_route=\/wp\/v2\/users\/3"}],"replies":[{"embeddable":true,"href":"https:\/\/granadacostaglobal.es\/index.php?rest_route=%2Fwp%2Fv2%2Fcomments&post=26505"}],"version-history":[{"count":0,"href":"https:\/\/granadacostaglobal.es\/index.php?rest_route=\/wp\/v2\/posts\/26505\/revisions"}],"wp:featuredmedia":[{"embeddable":true,"href":"https:\/\/granadacostaglobal.es\/index.php?rest_route=\/"}],"wp:attachment":[{"href":"https:\/\/granadacostaglobal.es\/index.php?rest_route=%2Fwp%2Fv2%2Fmedia&parent=26505"}],"wp:term":[{"taxonomy":"category","embeddable":true,"href":"https:\/\/granadacostaglobal.es\/index.php?rest_route=%2Fwp%2Fv2%2Fcategories&post=26505"},{"taxonomy":"post_tag","embeddable":true,"href":"https:\/\/granadacostaglobal.es\/index.php?rest_route=%2Fwp%2Fv2%2Ftags&post=26505"}],"curies":[{"name":"wp","href":"https:\/\/api.w.org\/{rel}","templated":true}]}}