{"id":26495,"date":"2020-12-19T10:41:42","date_gmt":"2020-12-19T10:41:42","guid":{"rendered":"http:\/\/granadacostanacional.es\/?p=26495"},"modified":"2020-12-19T10:41:42","modified_gmt":"2020-12-19T10:41:42","slug":"libro-recomendado-pancho-villa-de-enrique-martinez-de-barrax","status":"publish","type":"post","link":"https:\/\/granadacostaglobal.es\/?p=26495","title":{"rendered":"Libro recomendado &#8220;Pancho Villa&#8221; de Enrique Mart\u00ednez de Barrax"},"content":{"rendered":"<p style=\"text-align: justify;\">Podr\u00e1 leer el libro entero a trav\u00e9s de este enlace\u00a0<span style=\"color: #993300;\"><a style=\"color: #993300;\" href=\"http:\/\/granadacostanacional.es\/downloads\/Libro Pancho Villa web.pdf\">&#8220;Pancho Villa&#8221;<\/a><\/span><\/p>\n<p style=\"text-align: justify;\">\n<h2 style=\"text-align: center;\">PR\u00d3LOGO E INTRODUCCI\u00d3N<\/h2>\n<p style=\"text-align: justify;\">\n<p style=\"text-align: justify;\">Quisiera reaccionar y hacer un par\u00e9ntesis antes de lanzarme a escribir un pr\u00f3logo, con este personaje m\u00edtico de la Historia \u201cPancho Villa\u201d pero a veces la fuerza, la sinraz\u00f3n, nos hace en ir en busca de lo desconocido y, aqu\u00ed estoy yo cabalgando a lomos de la Literatura que forma parte de la novela universal; donde el escritor Enrique Mart\u00ednez de Barrax, con su fuerza dial\u00e9ctica de narrativa, nos hace presentar en este libro: reconstruyendo la vida azarosa de un guerrillero mexicano, que durante bastante tiempo vivi\u00f3 en rebeld\u00eda con el gobierno, internado en la serran\u00eda de Durango, donde consigui\u00f3 organizar unas fuerzas guerrilleras que le obedec\u00edan ciegamente. Al estallar la revoluci\u00f3n de 1910 Villa que contaba ya con numerosos seguidores, transform\u00f3 sus actividades, abandon\u00f3 el bandolerismo y se adhiri\u00f3 a Francisco I. Madero, lo nombro general de los revolucionarios. Reuni\u00f3 un importante ej\u00e9rcito con el que obtuvo grandes triunfos en la revoluci\u00f3n.<br \/>\nCon la recogida de informaci\u00f3n oficial que dispongo, creo que ha sido un acierto por parte del se\u00f1or Mart\u00ednez; y ha merecido renovar la historia de Pancho Villa \u201cGeneral y revolucionario mexicano\u201d, donde resulta formalizada su indudable vinculaci\u00f3n con la historia de un pa\u00eds que le vio nacer; de origen colombiano, naci\u00f3 en un rancho del Estado de Durango en 1877. Se llamaba Doroteo Arango, pero cambiado y seducido por sus haza\u00f1as en la sierra, con el nombre del viejo bandido legendario Pancho Villa, tom\u00f3 para s\u00ed este nombre y lo us\u00f3 con tal empe\u00f1o y constancia, que muchos han cre\u00eddo que era el suyo propio.<br \/>\nTras una vida de bandidaje, se lanz\u00f3 a la revoluci\u00f3n contra Porfirio D\u00edaz, y fue decidido partidario del presidente Madero. Colabor\u00f3 luego con Venustiano Carranza, en oposici\u00f3n a Victoriano Huerta, que se vio obligado a dimitir en 1914. Poco despu\u00e9s continu\u00f3 en su actividad rebelde y se enfrent\u00f3 a las tropas constitucionales, y aunque fue derrotado por el general Obreg\u00f3n, prosigui\u00f3 luchando contra el gobierno.<br \/>\nCon esta vinculaci\u00f3n y lo azaroso de su existencia nos presentan los historiadores a Pancho Villa con un pie en la Historia y otro en la Aventura; ya que, en 1916, asalt\u00f3 la poblaci\u00f3n de Columbus, en territorio de los Estados Unidos, lo que provoc\u00f3 la expedici\u00f3n de busca y captura sin conseguirlo. Conviene puntualizar su justificada construcci\u00f3n ordenada de su vida en esta extraordinaria novela. Desbordando muchas veces de realidad para hacerse sospechosa de leyenda y todos los elementos habituales que predisponen a la emoci\u00f3n, la sorpresa y el inter\u00e9s, son tantos en esta exigencia aventurera, que toda ella contada por nuestro entra\u00f1able y genial prosista Enrique, nos desvela de principio a fin, la espiral de una larga trayectoria.<br \/>\nDe esta manera conviene esforzarnos en la historia y puntualizar el enfoque de la rese\u00f1a biogr\u00e1fica que se va a leer, con la intenci\u00f3n y el sentido genuino. Como educadora Universitaria creo y afirmo que: queda este libro al margen de la pol\u00e9mica que perdura d\u00e9bilmente entre los detractores y los apologistas de Pancho Villa, su autor prefiere limitarse a la clara imparcialidad que resulta del relato cuando no va m\u00e1s all\u00e1 de la realidad del concepto de honradez.<br \/>\nCon esta sugerencia de realidad, Pancho Villa despu\u00e9s de la muerte de Carranza (1920), se someti\u00f3 al presidente provisional Adolfo de la Huerta y el gobierno le concedi\u00f3 la hacienda de Canutillo, en Durango, a la que Villa se retir\u00f3. Despu\u00e9s de una larga ausencia, aparece como pol\u00edtico y c\u00f3mo fue su vida aventurera; astuto, ingenioso, prodigo, ambicioso, noble y salvaje, o leal o vengativo, a demostrarse a s\u00ed mismo como un singular personaje, que nos se\u00f1ala con su experiencia de todo lo extraordinario que puede ser la aventura del hombre valiente, para morir asesinado en 1923, en Hidalgo del parral, en una emboscada, lo que no pudieron sus enemigos, fue terminar con su historia la de Pancho Villa (1877-1923).<\/p>\n<p style=\"text-align: right;\">\nAdelina \u00c1ngulo Abell\u00e1n \u201cProfesora\u201d<\/p>\n","protected":false},"excerpt":{"rendered":"<p>Podr\u00e1 leer el libro entero a trav\u00e9s de este enlace\u00a0&#8220;Pancho Villa&#8221; PR\u00d3LOGO E INTRODUCCI\u00d3N Quisiera reaccionar y hacer un par\u00e9ntesis&hellip;<\/p>\n","protected":false},"author":2,"featured_media":26498,"comment_status":"open","ping_status":"open","sticky":false,"template":"","format":"standard","meta":{"om_disable_all_campaigns":false,"_mi_skip_tracking":false,"_monsterinsights_sitenote_active":false,"_monsterinsights_sitenote_note":"","_monsterinsights_sitenote_category":0,"footnotes":""},"categories":[21,29,30],"tags":[],"aioseo_notices":[],"_links":{"self":[{"href":"https:\/\/granadacostaglobal.es\/index.php?rest_route=\/wp\/v2\/posts\/26495"}],"collection":[{"href":"https:\/\/granadacostaglobal.es\/index.php?rest_route=\/wp\/v2\/posts"}],"about":[{"href":"https:\/\/granadacostaglobal.es\/index.php?rest_route=\/wp\/v2\/types\/post"}],"author":[{"embeddable":true,"href":"https:\/\/granadacostaglobal.es\/index.php?rest_route=\/wp\/v2\/users\/2"}],"replies":[{"embeddable":true,"href":"https:\/\/granadacostaglobal.es\/index.php?rest_route=%2Fwp%2Fv2%2Fcomments&post=26495"}],"version-history":[{"count":0,"href":"https:\/\/granadacostaglobal.es\/index.php?rest_route=\/wp\/v2\/posts\/26495\/revisions"}],"wp:featuredmedia":[{"embeddable":true,"href":"https:\/\/granadacostaglobal.es\/index.php?rest_route=\/"}],"wp:attachment":[{"href":"https:\/\/granadacostaglobal.es\/index.php?rest_route=%2Fwp%2Fv2%2Fmedia&parent=26495"}],"wp:term":[{"taxonomy":"category","embeddable":true,"href":"https:\/\/granadacostaglobal.es\/index.php?rest_route=%2Fwp%2Fv2%2Fcategories&post=26495"},{"taxonomy":"post_tag","embeddable":true,"href":"https:\/\/granadacostaglobal.es\/index.php?rest_route=%2Fwp%2Fv2%2Ftags&post=26495"}],"curies":[{"name":"wp","href":"https:\/\/api.w.org\/{rel}","templated":true}]}}