{"id":26492,"date":"2020-12-19T10:32:02","date_gmt":"2020-12-19T10:32:02","guid":{"rendered":"http:\/\/granadacostanacional.es\/?p=26492"},"modified":"2020-12-19T10:32:02","modified_gmt":"2020-12-19T10:32:02","slug":"libro-recomendado-pasiones","status":"publish","type":"post","link":"https:\/\/granadacostaglobal.es\/?p=26492","title":{"rendered":"Libro recomendado &#8220;Pasiones&#8221; de Fina L\u00f3pez"},"content":{"rendered":"<p>Podr\u00e1 leer el libro entero a trav\u00e9s de este enlace\u00a0<span style=\"color: #800080;\"><a style=\"color: #800080;\" href=\"http:\/\/granadacostanacional.es\/downloads\/Pasiones.pdf\">&#8220;Pasiones&#8221;<\/a><\/span><\/p>\n<p>&nbsp;<\/p>\n<h2 style=\"text-align: center;\">PR\u00d3LOGO<\/h2>\n<p>&nbsp;<\/p>\n<p>Todo comienza por un encuentro y una apuesta de pasi\u00f3n amor y vida, entre nuestros padres (Antonio y Fina) y vaya si lo consiguieron, cinco hijos es el resultado de su historia de amor, el primer hijo Antonio Samuel, muri\u00f3 muy peque\u00f1o, sus otros cuatro hijos: M\u00aa \u00c1ngel, Germ\u00e1n, Susana y Alicia, les compensaron con creces, de esta dolorosa p\u00e9rdida.<br \/>\nHoy somos nosotros, sus hijos los que vamos a intentar escribir el pr\u00f3logo de Pasiones, su libro. Queremos ser objetivos aunque no sabemos si nos dejaremos llevar por la admiraci\u00f3n que sentimos, hacia los poemas que escribe Fina L\u00f3pez, nuestra madre. Cuando le\u00e1is algunos de los libros que ha escrito, descubrir\u00e9is que la poetisa Fina L\u00f3pez aplica los mismos sentimientos y valores por los que rigen su vida. Os va a llamar la atenci\u00f3n que muchas de sus poes\u00edas est\u00e9n escritas en primera persona, plasmando los sentimientos tanto de una mujer, como de un hombre, haci\u00e9ndonos reflexionar sobre el amor, desamor, maltrato, injusticias\u2026<br \/>\nTodo con la belleza y fuerza que desprende en sus escritos. Pero sus poemas m\u00e1s hermosos son cuando habla de su tierra, (el Valle de Lecr\u00edn), aqu\u00ed le pierde la pasi\u00f3n, el amor. Estamos seguros que os vais a ver reflejados en ellos. Lo m\u00e1s sublime es que los dota de alma y libertad, para despu\u00e9s robarla a sus lectores, dej\u00e1ndoles un sentir de dignidad y respeto en cada una de las p\u00e1ginas del libro. Os har\u00e1n viajar a distintos momentos de vuestras vidas, sin espacio, ni tiempo, en cada una de sus poes\u00edas encontrar\u00e9is algo de vosotros mismos y de vuestro perfil m\u00e1s humano. Las poes\u00edas de Fina L\u00f3pez son un sentir de sentimientos y emociones, esperamos que os llenen de felicidad.<br \/>\nFina L\u00f3pez: S\u00f3lo puedo daros las gracias, no hay mayor honor para una madre que sus cuatro hijos; (M\u00aa \u00c1ngel, Germ\u00e1n, Susana y Alicia) hagan el pr\u00f3logo de su libro pasiones, s\u00f3lo deciros que sois mi orgullo, mi apuesta de vida, y mi prioridad.<\/p>\n<p style=\"text-align: right;\"><em><strong>Vuestra madre Fina L\u00f3pez.<\/strong><\/em><\/p>\n<p style=\"text-align: right;\"><a href=\"http:\/\/granadacostanacional.es\/la-tahiba\/\"><img decoding=\"async\" loading=\"lazy\" class=\"aligncenter wp-image-25412 size-large\" src=\"http:\/\/granadacostanacional.es\/wp-content\/uploads\/2020\/09\/Merendero-1024x918.gif\" alt=\"Merendero\" width=\"1024\" height=\"918\" \/><\/a><\/p>\n","protected":false},"excerpt":{"rendered":"<p>Podr\u00e1 leer el libro entero a trav\u00e9s de este enlace\u00a0&#8220;Pasiones&#8221; &nbsp; PR\u00d3LOGO &nbsp; Todo comienza por un encuentro y una&hellip;<\/p>\n","protected":false},"author":2,"featured_media":26493,"comment_status":"open","ping_status":"open","sticky":false,"template":"","format":"standard","meta":{"om_disable_all_campaigns":false,"_mi_skip_tracking":false,"_monsterinsights_sitenote_active":false,"_monsterinsights_sitenote_note":"","_monsterinsights_sitenote_category":0,"footnotes":""},"categories":[21,29,30],"tags":[],"aioseo_notices":[],"_links":{"self":[{"href":"https:\/\/granadacostaglobal.es\/index.php?rest_route=\/wp\/v2\/posts\/26492"}],"collection":[{"href":"https:\/\/granadacostaglobal.es\/index.php?rest_route=\/wp\/v2\/posts"}],"about":[{"href":"https:\/\/granadacostaglobal.es\/index.php?rest_route=\/wp\/v2\/types\/post"}],"author":[{"embeddable":true,"href":"https:\/\/granadacostaglobal.es\/index.php?rest_route=\/wp\/v2\/users\/2"}],"replies":[{"embeddable":true,"href":"https:\/\/granadacostaglobal.es\/index.php?rest_route=%2Fwp%2Fv2%2Fcomments&post=26492"}],"version-history":[{"count":0,"href":"https:\/\/granadacostaglobal.es\/index.php?rest_route=\/wp\/v2\/posts\/26492\/revisions"}],"wp:featuredmedia":[{"embeddable":true,"href":"https:\/\/granadacostaglobal.es\/index.php?rest_route=\/"}],"wp:attachment":[{"href":"https:\/\/granadacostaglobal.es\/index.php?rest_route=%2Fwp%2Fv2%2Fmedia&parent=26492"}],"wp:term":[{"taxonomy":"category","embeddable":true,"href":"https:\/\/granadacostaglobal.es\/index.php?rest_route=%2Fwp%2Fv2%2Fcategories&post=26492"},{"taxonomy":"post_tag","embeddable":true,"href":"https:\/\/granadacostaglobal.es\/index.php?rest_route=%2Fwp%2Fv2%2Ftags&post=26492"}],"curies":[{"name":"wp","href":"https:\/\/api.w.org\/{rel}","templated":true}]}}