{"id":26478,"date":"2020-12-18T09:36:44","date_gmt":"2020-12-18T09:36:44","guid":{"rendered":"http:\/\/granadacostanacional.es\/?p=26478"},"modified":"2020-12-18T09:36:44","modified_gmt":"2020-12-18T09:36:44","slug":"la-silla-vacia","status":"publish","type":"post","link":"https:\/\/granadacostaglobal.es\/?p=26478","title":{"rendered":"La silla vac\u00eda"},"content":{"rendered":"<p style=\"text-align: justify;\">Hac\u00eda dos a\u00f1os que el joven David hab\u00eda marchado de erasmus. Otro pa\u00eds otro idioma lejos de su hogar, ya llevaba dos navidades solo. Aquel doctorado se le estaba atragantando, hac\u00eda tiempo que no se sent\u00eda feliz. No hab\u00eda salido del pa\u00eds desde que comenz\u00f3, le costaba hablar con su familia en aquellas videoconferencias, no quer\u00eda que lo viesen tan delgado y abatido, de hecho, ya hac\u00eda casi un a\u00f1o que no hablaba con ellos y ni siquiera pudo ir al funeral de su abuela tan solo unos meses atr\u00e1s. No sab\u00eda que le estaba ocurriendo, pero ya no sent\u00eda pasi\u00f3n por su tan amada y ansiada profesi\u00f3n. Los fr\u00edos brazos de la depresi\u00f3n estaban estrech\u00e1ndolo. Nada llenaba ese extra\u00f1o vac\u00edo que lo inundaba, lo asfixiaba. Se descubr\u00eda llorando en mitad una sesi\u00f3n de trabajo en el laboratorio. Decidi\u00f3 visitar a un psic\u00f3logo que le ayudase a deshacerse de ese lastre. Ten\u00eda que seguir con su tesis doctoral. Pens\u00f3 que tan solo necesitaba que le diesen alguna pastilla para salir adelante y efectivamente lo consigui\u00f3. El psic\u00f3logo no pudo ver lo que en realidad ocultaba, y que se ocultaba tambi\u00e9n as\u00ed mismo, de modo que le recet\u00f3 el mejor amigo de la era moderna, un desinhibidor en peque\u00f1os comprimidos. Algo que te hace creer que est\u00e1s bien, que no est\u00e1 ocurriendo nada en tu interior, que el v\u00e9rtigo de la acelerada sociedad en la que vivimos no tiene nada que ver, es solo una ilusi\u00f3n, tu puedes con todo, no necesitas nada m\u00e1s. Esas se\u00f1ales que te env\u00eda tu cuerpo no son nada, no les hagas caso.<\/p>\n<p style=\"text-align: justify;\">As\u00ed pasaron algunos meses casi euf\u00f3rico, aunque a ratos algo so\u00f1oliento. Pero parece que al menos dej\u00f3 de escuchar a ese cuerpo tan \u00abquejica\u00bb y avanz\u00f3 en su trabajo, no todo lo que le hubiese gustado, pero al menos estaba trabajando.<\/p>\n<p style=\"text-align: justify;\">Pero cuando nuestro cuerpo habla hay que escucharlo, no vale acallarlo. Si nos quiere decir algo hay que escucharlo, porque casi siempre que nos habla, es para decirnos que algo no esta funcionando bien, que debemos hacer algo al respecto.<\/p>\n<p style=\"text-align: justify;\">\u00c9l crey\u00f3 que todo iba bien, al menos parec\u00eda haber acallado aquellas extra\u00f1as emociones, sin embargo, empez\u00f3 a notar cierta resistencia al f\u00e1rmaco y entonces pens\u00f3 en hablar con su psic\u00f3logo para que le subiese la dosis. Lo que el no sab\u00eda es que esa voz no es nada caprichosa, es nada m\u00e1s y nada menos que nuestra propia supervivencia. Lamentablemente casi nadie la escucha. El psic\u00f3logo le subi\u00f3 la prescripci\u00f3n y \u00e9l pens\u00f3: \u00abAhora s\u00ed que ya nadie podr\u00e1 conmigo, no necesito nada m\u00e1s, podr\u00e9 con todo\u00bb. Pero un d\u00eda despu\u00e9s de una noche no tan buena, en la que extra\u00f1as pesadillas lo dejaron exhausto. Esos malos sue\u00f1os solo ven\u00edan a decirle, que jam\u00e1s podr\u00e1 callar esa voz que viene desde dentro, en su m\u00e1s profundo interior. Porque es \u00e9l mismo llam\u00e1ndose, para decirse que debe hacer algo, aunque al despertar siempre olvida. Ese d\u00eda se sent\u00eda agotado, sentado delante de su mesa entre utensilios de laboratorio. Empez\u00f3 a sentir que le faltaba el aire, unas desagradables palpitaciones le quemaban en las venas, una presi\u00f3n en el pecho comenz\u00f3 a asfixiarlo, la cabeza le daba vueltas y un miedo a perder el control o a morir se apoder\u00f3 de \u00e9l. Minutos m\u00e1s tarde estaba en la sala de urgencias de un hospital por una crisis de ansiedad.<\/p>\n<p style=\"text-align: justify;\"><a href=\"http:\/\/granadacostanacional.es\/wp-content\/uploads\/2020\/12\/Imagen-de-Lorri-Lang-en-Pixabay.jpg\"><img decoding=\"async\" loading=\"lazy\" class=\"aligncenter size-large wp-image-26479\" src=\"http:\/\/granadacostanacional.es\/wp-content\/uploads\/2020\/12\/Imagen-de-Lorri-Lang-en-Pixabay-819x1024.jpg\" alt=\"Imagen de Lorri Lang en Pixabay\" width=\"819\" height=\"1024\" \/><\/a><\/p>\n<p style=\"text-align: justify;\">Un d\u00eda despu\u00e9s el decano, que no era otra cosa que sabidur\u00eda a fuerza de dolor y llanto, lo llam\u00f3 a su despacho.<\/p>\n<p style=\"text-align: justify;\">\u2013He sabido lo que te ha ocurrido \u2013dijo el decano.<\/p>\n<p style=\"text-align: justify;\">Mientras, David pensaba en el serm\u00f3n que le iba dar, solo le preocupaba que esto afectara a su tesis.<\/p>\n<p style=\"text-align: justify;\">\u2013David quiero hacerte una pregunta \u2013dijo el decano acrecentando a\u00fan m\u00e1s su preocupaci\u00f3n\u2013 \u00bfCu\u00e1nto hace que no ves a tu familia o al menos hablas con ellos?<\/p>\n<p style=\"text-align: justify;\">Seguramente la pregunta que debi\u00f3 haberle hecho su psic\u00f3logo.<\/p>\n<p style=\"text-align: justify;\">\u00c9l ni siquiera recuerda que contest\u00f3, porque casi ya no recordaba cuando fue la ultima vez. Pero por muy extra\u00f1o que le pareciese su viejo decano no dijo nada m\u00e1s.<\/p>\n<p style=\"text-align: justify;\">Volvi\u00f3 a su habitaci\u00f3n, se sent\u00f3 en el borde de la cama. Era un 22 de diciembre y ni siquiera se hab\u00eda dado cuenta que tan solo faltaban dos d\u00edas para ser Navidad y entonces llor\u00f3 como hac\u00eda tiempo que no lo hac\u00eda. Unos golpes en la puerta de su habitaci\u00f3n lo sobresaltaron y al abrir, all\u00ed delante de su puerta, a m\u00e1s de tres mil kil\u00f3metros de su casa estaban sus padres. Abrazaron su coraz\u00f3n y los inhibidores se derritieron a su paso, la angustia que ni mil pastillas vencieron, un solo abrazo las fulmin\u00f3, las a\u00f1oradas miradas evaporaron las tinieblas de la depresi\u00f3n, las l\u00e1grimas limpiaron toda la toxicidad del tratamiento.<\/p>\n<p style=\"text-align: justify;\">Tra\u00edan un billete de vuelta a casa para \u00e9l. \u00abLa Navidad se celebra en familia\u00bb, dijo su madre \u00aby sin ti son las m\u00e1s tristes para nosotros. Este a\u00f1o muchos no podremos celebrarlas con aquellos que se fueron, pero tu estas aqu\u00ed, vivo. Este a\u00f1o muchos no creemos tener razones para celebrar nada, pero todos los que estamos vivos debemos celebrar la vida, por los que se han ido. Tu abuela as\u00ed lo hubiese querido\u00bb.<\/p>\n<p style=\"text-align: justify;\">La navidad lo san\u00f3, pero no porque fuese una fiesta m\u00e1s o menos religiosa si no porque la familia sana, esa es la medicina que realmente se necesita.<\/p>\n<p style=\"text-align: justify;\">David recuper\u00f3 el color y se dio cuenta que no estaba enfermo, tan solo echaba de menos a la familia. Celebraron Navidad juntos y lleg\u00f3 esa noche a la que llamamos Nochevieja en la que despedimos un a\u00f1o y queremos que desaparezca todo lo malo. A la mesa hab\u00edan puesto una silla vac\u00eda, donde debi\u00f3 estar la abuela y la madre de David se puso en pie y antes de brindar quiso recordar a su madre: \u00abNinguno de los que estamos aqu\u00ed ten\u00eda ganas de celebrar nada, para nosotros no hay nada que celebrar sin ti. Aunque parezca un d\u00eda cualquiera a todos nos hace recordar nuestras vidas y t\u00fa est\u00e1s en casi cada momento. Este a\u00f1o no iba a haber \u00e1rbol de navidad, este a\u00f1o no iba a haber cena, este a\u00f1o no iba a haber villancicos, ni coplas de la abuela, este a\u00f1o solo iba a haber dolor en cada minuto, en cada anuncio, en cada sonido suelto desde las ventanas vecinas, dolor en el aire y duelo en los cubiertos. Pero anoche so\u00f1\u00e9 contigo, \u00edbamos de la mano y en la orilla de aquella playa vi tu eterna sonrisa y supe que a ti nunca te fue el dolor ni la tristeza solo la alegr\u00eda, as\u00ed que fui a buscar a mi hijo y aunque nuestras mejillas est\u00e9n h\u00famedas reiremos, aunque la congoja no nos ayude con los villancicos cantaremos y aunque tu copa falte brindaremos\u00bb.<\/p>\n<p style=\"text-align: justify;\">Dedicado a todas aquellas mesas durante estas fiestas, en las que hallan sillas vac\u00edas, donde debi\u00f3 sentarse alg\u00fan ser querido.<\/p>\n<p style=\"text-align: justify;\">\n<p style=\"text-align: right;\"><em><strong>Manuel Salcedo<\/strong><\/em><\/p>\n<p style=\"text-align: right;\"><em><strong>Imagen de Lorri Lang en Pixabay.<\/strong><\/em><\/p>\n","protected":false},"excerpt":{"rendered":"<p>Hac\u00eda dos a\u00f1os que el joven David hab\u00eda marchado de erasmus. Otro pa\u00eds otro idioma lejos de su hogar, ya&hellip;<\/p>\n","protected":false},"author":2,"featured_media":16911,"comment_status":"open","ping_status":"open","sticky":false,"template":"","format":"standard","meta":{"om_disable_all_campaigns":false,"_mi_skip_tracking":false,"_monsterinsights_sitenote_active":false,"_monsterinsights_sitenote_note":"","_monsterinsights_sitenote_category":0,"footnotes":""},"categories":[21,30],"tags":[],"aioseo_notices":[],"_links":{"self":[{"href":"https:\/\/granadacostaglobal.es\/index.php?rest_route=\/wp\/v2\/posts\/26478"}],"collection":[{"href":"https:\/\/granadacostaglobal.es\/index.php?rest_route=\/wp\/v2\/posts"}],"about":[{"href":"https:\/\/granadacostaglobal.es\/index.php?rest_route=\/wp\/v2\/types\/post"}],"author":[{"embeddable":true,"href":"https:\/\/granadacostaglobal.es\/index.php?rest_route=\/wp\/v2\/users\/2"}],"replies":[{"embeddable":true,"href":"https:\/\/granadacostaglobal.es\/index.php?rest_route=%2Fwp%2Fv2%2Fcomments&post=26478"}],"version-history":[{"count":0,"href":"https:\/\/granadacostaglobal.es\/index.php?rest_route=\/wp\/v2\/posts\/26478\/revisions"}],"wp:featuredmedia":[{"embeddable":true,"href":"https:\/\/granadacostaglobal.es\/index.php?rest_route=\/"}],"wp:attachment":[{"href":"https:\/\/granadacostaglobal.es\/index.php?rest_route=%2Fwp%2Fv2%2Fmedia&parent=26478"}],"wp:term":[{"taxonomy":"category","embeddable":true,"href":"https:\/\/granadacostaglobal.es\/index.php?rest_route=%2Fwp%2Fv2%2Fcategories&post=26478"},{"taxonomy":"post_tag","embeddable":true,"href":"https:\/\/granadacostaglobal.es\/index.php?rest_route=%2Fwp%2Fv2%2Ftags&post=26478"}],"curies":[{"name":"wp","href":"https:\/\/api.w.org\/{rel}","templated":true}]}}