{"id":26472,"date":"2020-12-18T09:03:01","date_gmt":"2020-12-18T09:03:01","guid":{"rendered":"http:\/\/granadacostanacional.es\/?p=26472"},"modified":"2020-12-18T09:03:01","modified_gmt":"2020-12-18T09:03:01","slug":"la-estrella-y-el-nino","status":"publish","type":"post","link":"https:\/\/granadacostaglobal.es\/?p=26472","title":{"rendered":"LA ESTRELLA Y EL NI\u00d1O"},"content":{"rendered":"<p style=\"text-align: center;\"><em>Afortunada Estrella de Oriente<\/em><\/p>\n<p style=\"text-align: center;\"><em>que adoraste a Dios.<\/em><\/p>\n<p style=\"text-align: center;\"><em>\u00a0<\/em><\/p>\n<p style=\"text-align: center;\"><em>Las estrellas brillaban en la noche,<\/em><\/p>\n<p style=\"text-align: center;\"><em>cual peque\u00f1as luci\u00e9rnagas, flotando<\/em><\/p>\n<p style=\"text-align: center;\"><em>en el vac\u00edo infinito del espacio.<\/em><\/p>\n<p style=\"text-align: center;\"><em>Semejaban un velo transparente<\/em><\/p>\n<p style=\"text-align: center;\"><em>tejido con hilos c\u00f3smicos dorados.<\/em><\/p>\n<p style=\"text-align: center;\"><em>\u00a0<\/em><\/p>\n<p style=\"text-align: center;\"><em>Esa eterna armon\u00eda sideral<\/em><\/p>\n<p style=\"text-align: center;\"><em>se vio sorprendida en el silencio<\/em><\/p>\n<p style=\"text-align: center;\"><em>por una luz brillante y cegadora<\/em><\/p>\n<p style=\"text-align: center;\"><em>que eclips\u00f3 a cuantos astros exist\u00edan<\/em><\/p>\n<p style=\"text-align: center;\"><em>con su radiante luminosidad.<\/em><\/p>\n<p style=\"text-align: center;\"><em>\u00a0<\/em><\/p>\n<p style=\"text-align: center;\"><em>Era una nueva estrella, un nuevo sol<\/em><\/p>\n<p style=\"text-align: center;\"><em>nacido en el azul, obra de Dios,<\/em><\/p>\n<p style=\"text-align: center;\"><em>para anunciar a todo el universo<\/em><\/p>\n<p style=\"text-align: center;\"><em>la llegada al mundo del Mes\u00edas.<\/em><\/p>\n<p style=\"text-align: center;\"><em>El nacimiento de un Ni\u00f1o Redentor.<\/em><\/p>\n<p style=\"text-align: center;\"><em>\u00a0<\/em><\/p>\n<p style=\"text-align: center;\"><em>Baj\u00f3 la hermosa estrella del celeste,<\/em><\/p>\n<p style=\"text-align: center;\"><em>atravesando vagas nebulosas<\/em><\/p>\n<p style=\"text-align: center;\"><em>y mundos misteriosos y lejanos,<\/em><\/p>\n<p style=\"text-align: center;\"><em>hasta posarse al fin en el Portal<\/em><\/p>\n<p style=\"text-align: center;\"><em>y adorar al Ni\u00f1o-Dios humildemente.<\/em><\/p>\n<p style=\"text-align: center;\"><em>\u00a0<\/em><\/p>\n<p style=\"text-align: center;\"><em>El peque\u00f1o Jes\u00fas, desde su cuna,<\/em><\/p>\n<p style=\"text-align: center;\"><em>entreabri\u00f3 los ojos y mir\u00f3 a la estrella.<\/em><\/p>\n<p style=\"text-align: center;\"><em>Y sonriendo le dijo agradecido:<\/em><\/p>\n<p style=\"text-align: center;\"><em>Tu luz brillar\u00e1 por siempre junto a m\u00ed<\/em><\/p>\n<p style=\"text-align: center;\"><em>luciendo en el Portal eternamente.<\/em><\/p>\n<p style=\"text-align: center;\"><em>\u00a0<\/em><\/p>\n<p style=\"text-align: center;\"><em>Guiar\u00e1s en tu camino a los tres Reyes.<\/em><\/p>\n<p style=\"text-align: center;\"><em>Ornar\u00e1s el abeto en los belenes.<\/em><\/p>\n<p style=\"text-align: center;\"><em>Y ser\u00e1s la luz que cada a\u00f1o<\/em><\/p>\n<p style=\"text-align: center;\"><em>anuncie una nueva Navidad<\/em><\/p>\n<p style=\"text-align: center;\"><em>a los hombres de buena voluntad.<\/em><\/p>\n<p style=\"text-align: center;\"><em>\u00a0<\/em><\/p>\n<p style=\"text-align: center;\"><em>Y el Ni\u00f1o-Dios, feliz desde el pesebre,<\/em><\/p>\n<p style=\"text-align: center;\"><em>iluminado por la luz divina<\/em><\/p>\n<p style=\"text-align: center;\"><em>que envi\u00f3 su Padre desde el Cielo,<\/em><\/p>\n<p style=\"text-align: center;\"><em>con sus santas manitas bendec\u00eda<\/em><\/p>\n<p style=\"text-align: center;\"><em>a su querida Estrella del Oriente.<\/em><\/p>\n<p><em>\u00a0<\/em><\/p>\n<h2 style=\"text-align: center;\"><span style=\"color: #ff0000;\">LOS TRES MAGOS DE ORIENTE<\/span><\/h2>\n<p>&nbsp;<\/p>\n<p style=\"text-align: justify;\">\u00a0\u00a0\u00a0\u00a0\u00a0\u00a0\u00a0\u00a0\u00a0 Hermosa Estrella de Bel\u00e9n que viniendo de los espacios celestes descendi\u00f3 a la tierra y se pos\u00f3 en el portal para alumbrar al Ni\u00f1o Dios. M\u00edtica Estrella que en su camino gui\u00f3 a los <strong>Reyes Magos<\/strong> hasta Bel\u00e9n para adorar al reci\u00e9n nacido y ofrecerle sus presentes: oro, incienso y mirra. Oro, como Rey. Incienso como Dios. Mirra, como Hombre.<\/p>\n<p style=\"text-align: justify;\">\u00a0\u00a0\u00a0\u00a0\u00a0\u00a0\u00a0\u00a0\u00a0 Eso, al menos, dice la santa tradici\u00f3n. Hermosa tradici\u00f3n que ha hecho so\u00f1ar a tantos ni\u00f1os a lo largo de la historia la noche del 5 de enero de cualquier a\u00f1o, en la v\u00edspera de Reyes, festividad de la Epifan\u00eda, ya que la iglesia tambi\u00e9n celebra el 6 de enero la fiesta de los Santos Reyes Magos. \u00a1Qu\u00e9 noche de ilusi\u00f3n! Y aqu\u00ed meto a ni\u00f1os y puede que, incluso\u2026 a muchos mayores pues el coraz\u00f3n siempre es joven y tambi\u00e9n se alegra al recibir su regalo.<\/p>\n<p style=\"text-align: justify;\">\u00a0\u00a0\u00a0\u00a0\u00a0\u00a0\u00a0\u00a0\u00a0 \u00a1Qu\u00e9 vistosas las cabalgatas que en cada ciudad espa\u00f1ola se celebran! Como nota curiosa, la primera cabalgata que se celebr\u00f3 en Espa\u00f1a fue la muy famosa de Alcoy, en el a\u00f1o 1866, tradici\u00f3n que se extendi\u00f3 al resto del pa\u00eds incluyendo algunos pa\u00edses de cultura hispana.<\/p>\n<p style=\"text-align: justify;\">\u00a0\u00a0\u00a0\u00a0\u00a0\u00a0\u00a0\u00a0\u00a0 Impresionantes carrozas engalanadas de guirnaldas, flores, luces de mil colores, cada una representando un motivo distinto y, sobre ellas, personajes ataviados con vistosos ropajes lanzando miles de caramelos para alborozo de los ni\u00f1os, y los menos ni\u00f1os, tratando de alcanzarlos. Y como apoteosis final, la aparici\u00f3n de las majestuosas carrozas portando a los Reyes con rica pompa y ceremonia haciendo las delicias de los peque\u00f1os.<\/p>\n<p style=\"text-align: justify;\">\u00a0\u00a0 \u00a0\u00a0\u00a0\u00a0\u00a0\u00a0\u00a0Recuerdo, cuando era ni\u00f1a, aquellas genuinas cabalgatas que organizaban en mi querida <strong>Melilla <\/strong>con los tres Reyes montados en aut\u00e9nticos camellos, nada de carrozas. Mi preferido, Baltasar, era \u201cde verdad\u201d, no pintarrajeado de negro, caricatura rid\u00edcula del personaje que no enga\u00f1a ni al m\u00e1s ingenuo de los ni\u00f1os. Esa noche, hasta cre\u00eda verlos aparecer en mi habitaci\u00f3n, como sombras silenciosas, y dejar los regalos bajo mi cama. El a\u00f1o que por fin me trajeron la mu\u00f1eca <strong>Gisela <\/strong>\u2013m\u00e1s bonita que la Mariquita P\u00e9rez, aunque no tan famosa-, me pareci\u00f3 un sue\u00f1o. \u00a1Era casi m\u00e1s grande que yo! A\u00fan la conservo como viva presencia de mi ni\u00f1ez.<\/p>\n<p style=\"text-align: justify;\">\n<p style=\"text-align: justify;\">\u00a0\u00a0\u00a0\u00a0\u00a0\u00a0\u00a0\u00a0\u00a0 Pero, \u00bfqui\u00e9nes eran en realidad aquellos hombres? No eran reyes, por supuesto. Ni magos. Ni siquiera eran tres. Eran unos hombres sabios, nobles de nacimiento, ricos e influyentes, estudiosos de los astros e, incluso, consejeros de la realeza. Ellos hab\u00edan estudiado las escrituras hebreas y supieron de la profec\u00eda de Daniel prediciendo la llegada del Mes\u00edas y sab\u00edan que su hora ya se acercaba.<\/p>\n<p style=\"text-align: justify;\">\u00a0\u00a0\u00a0\u00a0\u00a0\u00a0\u00a0\u00a0\u00a0 La noche en que naci\u00f3 Jes\u00fas (que tampoco era una noche fr\u00eda ni cubierta de nieve, puesto que en Palestina no nieva), los sabios divisaron una luz misteriosa que apareci\u00f3 en el cielo \u2013un cometa probablemente-, que se volvi\u00f3 una estrella luminosa, y sabedores de los escritos sagrados, se pusieron en camino guiados por la estrella hasta llegar a Bel\u00e9n. Y, seg\u00fan la tradici\u00f3n, hicieron un alto en su camino ante el palacio del malvado rey Herodes, aquel rey envidioso de Jes\u00fas reci\u00e9n nacido, pensando que le arrebatar\u00eda su trono y, por eso, mand\u00f3 degollar a todos los ni\u00f1os menores de dos a\u00f1os. De ah\u00ed proviene el D\u00eda de los Santos Inocentes y las \u201cinocentadas\u201d que se dan ese d\u00eda a los amigos.<\/p>\n<p style=\"text-align: justify;\">\u00a0\u00a0\u00a0\u00a0\u00a0\u00a0\u00a0\u00a0\u00a0 En los Evangelios, s\u00f3lo el de San Mateo hace menci\u00f3n de estos \u201cmagos\u201d, sin precisar sus nombres ni el n\u00famero de ellos. M\u00e1s tarde, en el siglo III, se estableci\u00f3 que podr\u00edan ser reyes y en n\u00famero de tres, ya que hasta entonces se los representaba como dos, tres, cuatro e, incluso, hasta doce, como los ap\u00f3stoles y las doce Tribus de Israel. En cuanto a sus nombres, no se conocer\u00edan hasta el siglo VI en que aparecen por primera vez en el mosaico de San Apollinaire Nuovo, en R\u00e1vena, en el que ya vienen representados con ricos ropajes persas, distintas edades y con los nombres escritos sobre sus im\u00e1genes: Melchor, Gaspar y Baltasar. Sin embargo, el rey Baltasar, mi preferido, no aparece con su tez negra hasta el siglo XV. Se dice que, de este modo, se representaban a las tres razas de la Edad Media: europea, asi\u00e1tica y africana. Y los tres Reyes, en perfecta armon\u00eda y concordia, aunando a las mismas.<\/p>\n<p style=\"text-align: justify;\">\u00a0\u00a0\u00a0\u00a0\u00a0\u00a0\u00a0\u00a0\u00a0 En Espa\u00f1a se inici\u00f3 la tradici\u00f3n de convertir la noche de Reyes a partir del siglo XIX. No se sabe, al menos yo no lo s\u00e9, de qui\u00e9n parti\u00f3 la feliz idea pero es una tradici\u00f3n que no debe desaparecer, as\u00ed como la de montar belenes en las ciudades. Y digo esto porque, desgraciadamente, los est\u00e1n suprimiendo en bastantes localidades.<\/p>\n<p style=\"text-align: justify;\">\n<p style=\"text-align: justify;\">\u00a0\u00a0\u00a0\u00a0\u00a0\u00a0\u00a0\u00a0\u00a0 Y hasta aqu\u00ed, lo que sabemos sobre los Reyes Magos, pero no necesitamos m\u00e1s. Con su aureola m\u00edtica y la ilusi\u00f3n con que los ni\u00f1os los han envuelto, se han convertido en personajes legendarios y, junto al Ni\u00f1o Dios, en protagonistas de nuestra Navidad, pese a ese \u201cpersonaje\u201d importado que nos han impuesto, que no tiene nada que ver con nuestra sagrada tradici\u00f3n. Antiguo mu\u00f1eco color verde anunciando un refresco de cola, que luego vistieron de rojo, tratando de desplazar a nuestros entra\u00f1ables <strong>Reyes Magos<\/strong> <strong>de Oriente.<\/strong><\/p>\n<p style=\"text-align: justify;\">\u00a0\u00a0\u00a0\u00a0\u00a0\u00a0\u00a0\u00a0\u00a0 Espero que, al paso que vamos, con los a\u00f1os no lo consigan y que podamos seguir celebrando ilusionados muchas noches de Reyes y los ni\u00f1os no olviden que a quien hemos de adorar es al <strong>Ni\u00f1o Jes\u00fas<\/strong>, protagonista absoluto de la <strong>Navidad.<\/strong><\/p>\n<p style=\"text-align: justify;\">\n<p style=\"text-align: justify;\">\u00a0\u00a0\u00a0\u00a0\u00a0\u00a0\u00a0\u00a0\u00a0 En honor de los Reyes Magos incluyo este tierno poema na\u00eff de <strong>Gloria Fuertes<\/strong>, la amiga de los ni\u00f1os. Poema que representaron un a\u00f1o mis peque\u00f1os alumnos de 1\u00ba, recitando de memoria sus versos y actuando como grandes \u201cprofesionales\u201d.<\/p>\n<p>&nbsp;<\/p>\n<p style=\"text-align: center;\">EL CAMELLO COJITO<\/p>\n<p style=\"text-align: center;\">(Auto de los Reyes Magos)<\/p>\n<p style=\"text-align: center;\">\n<p style=\"text-align: center;\">El camello se pinch\u00f3<\/p>\n<p style=\"text-align: center;\">con un cardo en el camino<\/p>\n<p style=\"text-align: center;\">y el mec\u00e1nico Melchor<\/p>\n<p style=\"text-align: center;\">le dio vino.<\/p>\n<p style=\"text-align: center;\">\n<p style=\"text-align: center;\">Baltasar fue a repostar<\/p>\n<p style=\"text-align: center;\">m\u00e1s all\u00e1 del quinto pino\u2026<\/p>\n<p style=\"text-align: center;\">E intranquilo el gran Melchor<\/p>\n<p style=\"text-align: center;\">consultaba su \u201cLonginos\u201d.<\/p>\n<p style=\"text-align: center;\">\n<p style=\"text-align: center;\">-\u00a1No llegamos,<\/p>\n<p style=\"text-align: center;\">no llegamos<\/p>\n<p style=\"text-align: center;\">y el santo parto ha venido!<\/p>\n<p style=\"text-align: center;\">Son las doce y tres minutos<\/p>\n<p style=\"text-align: center;\">y tres reyes se han perdido.<\/p>\n<p style=\"text-align: center;\">\n<p style=\"text-align: center;\">El camello cojeando<\/p>\n<p style=\"text-align: center;\">m\u00e1s medio muerto que vivo<\/p>\n<p style=\"text-align: center;\">va espeluchando su felpa<\/p>\n<p style=\"text-align: center;\">entre los troncos de olivo.<\/p>\n<p style=\"text-align: center;\">\n<p style=\"text-align: center;\">Acerc\u00e1ndose a Gaspar,<\/p>\n<p style=\"text-align: center;\">Melchor le dijo al o\u00eddo:<\/p>\n<p style=\"text-align: center;\">-Vaya birria de camello<\/p>\n<p style=\"text-align: center;\">que en Oriente te han vendido.<\/p>\n<p style=\"text-align: center;\">\n<p style=\"text-align: center;\">A la entrada de Bel\u00e9n<\/p>\n<p style=\"text-align: center;\">al camello le dio hipo.<\/p>\n<p style=\"text-align: center;\">\u00a1Ay, qu\u00e9 tristeza tan grande<\/p>\n<p style=\"text-align: center;\">en su belfo y en su tipo!<\/p>\n<p style=\"text-align: center;\">\n<p style=\"text-align: center;\">Se iba cayendo la mirra<\/p>\n<p style=\"text-align: center;\">a lo largo del camino,<\/p>\n<p style=\"text-align: center;\">Baltasar lleva los cofres,<\/p>\n<p style=\"text-align: center;\">Melchor empujaba el bicho.<\/p>\n<p style=\"text-align: center;\">\n<p style=\"text-align: center;\">Y a las tantas ya del alba<\/p>\n<p style=\"text-align: center;\">-ya cantaban pajarillos-<\/p>\n<p style=\"text-align: center;\">los tres reyes se quedaron<\/p>\n<p style=\"text-align: center;\">boquiabiertos e indecisos,<\/p>\n<p style=\"text-align: center;\">oyendo hablar como a un Hombre<\/p>\n<p style=\"text-align: center;\">a un Ni\u00f1o reci\u00e9n nacido.<\/p>\n<p style=\"text-align: center;\">\n<p style=\"text-align: center;\">-No quiero oro ni incienso<\/p>\n<p style=\"text-align: center;\">ni esos tesoros tan fr\u00edos,<\/p>\n<p style=\"text-align: center;\">quiero al camello, le quiero.<\/p>\n<p style=\"text-align: center;\">Le quiero, repiti\u00f3 el Ni\u00f1o.<\/p>\n<p style=\"text-align: center;\">\n<p style=\"text-align: center;\">A pie vuelven los tres reyes<\/p>\n<p style=\"text-align: center;\">cabizbajos y afligidos.<\/p>\n<p style=\"text-align: center;\">Mientras el camello echado<\/p>\n<p style=\"text-align: center;\">le hace cosquillas al Ni\u00f1o.<\/p>\n<p>&nbsp;<\/p>\n<h2 style=\"text-align: center;\"><span style=\"color: #ff0000;\">NAVIDAD 2020<\/span><\/h2>\n<p style=\"text-align: justify;\">\n<p style=\"text-align: justify;\"><strong>Q<\/strong>uerida familia de Granada Costa. De nuevo nos encontramos ante una nueva Navidad\u2026 diferente de todas las vividas a lo largo de nuestra vida. No habr\u00e1 alegres villancicos. Apenas podremos reunirnos con nuestros queridos familiares. Dicen que, incluso cuando nos juntemos los seis o diez comensales, que en esto tampoco se ponen de acuerdo, no nos quitemos las mascarillas. \u00bfNos dar\u00e1n permiso para hacerlo mientras cenemos? Habr\u00e1 que consultarlo\u2026<\/p>\n<p style=\"text-align: justify;\">Las cosas han venido as\u00ed y como obedientes ciudadanos cumpliremos con las normas. Tan solo nos queda el deseo de que del Cielo nos venga un rayo de Luz que ilumine estos d\u00edas oscuros y vuelva a reinar la claridad y la esperanza en nuestras almas.<\/p>\n<p style=\"text-align: justify;\">Yo, de coraz\u00f3n, os deseo todo aquello que querr\u00eda para m\u00ed y los m\u00edos: Paz, armon\u00eda, prosperidad, los momentos de felicidad que la vida pueda darnos\u2026 Pero, sobre todo, Salud, que es el mejor regalo que podemos recibir esta Navidad.<\/p>\n<p style=\"text-align: justify;\">Os dedico a todos la siguiente historia que me ocurri\u00f3 hace unos a\u00f1os. \u00bfQu\u00e9 no os lo cre\u00e9is? \u00a1Todo es posible en Navidad! Hasta que se lleve para siempre este bicho, hu\u00e9sped indeseable al que nadie ha invitado.<\/p>\n<p style=\"text-align: justify;\">\u00a1Feliz Navidad 2020!<\/p>\n<p style=\"text-align: justify;\">\n<h2 style=\"text-align: center;\"><span style=\"color: #ff0000;\">LA ALUCINACI\u00d3N<\/span><\/h2>\n<p style=\"text-align: justify;\">\n<p style=\"text-align: justify;\"><strong>\u00a0A<\/strong>quella noche de diciembre volv\u00eda yo de regreso de una de las asociaciones literarias a las que pertenezco, despu\u00e9s de haberse celebrado all\u00ed el recital de poes\u00edas navide\u00f1as que suele hacerse siempre que se acerca la Navidad. Gracias a estas asociaciones, que tanto han proliferado estos \u00faltimos tiempos, la poes\u00eda, cenicienta de la literatura, sigue en auge pues, por fortuna, mientras haya personas llenas de sensibilidad que escriban bellos poemas, la poes\u00eda existir\u00e1 siempre. Yo, profesional pero sin sentir ese esp\u00edritu navide\u00f1o que alegra los corazones y llena de paz a las gentes, aunque s\u00f3lo sea por unos d\u00edas, recit\u00e9 como una m\u00e1s de los componentes del grupo mi poema, el cual iba dedicado al Ni\u00f1o Dios. Convencida de la hipocres\u00eda de esas fiestas, hac\u00eda mucho tiempo que no cre\u00eda en ellas. La vida y sus avatares te va cambiando y te vuelve un poco indiferente a casi todo. Tampoco adornaba mi casa, como anta\u00f1o, con motivos navide\u00f1os escogidos con ilusi\u00f3n, cada vez diferentes y de distintos colores. Un a\u00f1o, en tonos azules, otro, en dorados, rojos, plateados\u2026 Por supuesto, no pensaba celebrar tampoco la cena de Nochebuena, aunque en mi mente todav\u00eda quedaban, como agazapados, los recuerdos de aquellas pasadas Navidades con toda la familia cantando villancicos alrededor del Bel\u00e9n. Eran otros tiempos. Ahora faltaban demasiados seres queridos y su ausencia en esas fechas se notaba a\u00fan m\u00e1s. Francamente, pasaba de las Navidades y de toda su parafernalia.<\/p>\n<p style=\"text-align: justify;\">\n<p style=\"text-align: justify;\"><strong>\u00a0\u00a0\u00a0\u00a0\u00a0\u00a0\u00a0\u00a0\u00a0 V<\/strong>olv\u00eda a casa, como dije, por aquel solitario paseo, un poco t\u00e9trico y oscuro a aquella hora. La noche, invierno cerrado, era bastante desapacible. Un fuerte viento, ululando en el silencio reinante, azotaba mi rostro y hac\u00eda caer las hojas secas de los \u00e1rboles alfombrando el suelo con ellas. Al pisarlas, parec\u00edan emitir un crujido como si fuese el lamento de sus vegetales almas al ser aplastadas. Una espesa neblina se esparc\u00eda por todo alrededor y ni las luces mortecinas de las farolas lograban alumbrar el paseo sembrado de \u00e1rboles a ambos lados. No pasaba ni un alma y tan s\u00f3lo se o\u00eda el repiqueteo de mis tacones como un eco a lo largo del camino como si alguien invisible me viniese siguiendo.<\/p>\n<p style=\"text-align: justify;\">Francamente, empec\u00e9 a sentir un poco de miedo, lamentando, por otro lado, la imprudencia de cruzar por aquel paraje solitario.<\/p>\n<p style=\"text-align: justify;\">\n<p style=\"text-align: justify;\">\u00a0\u00a0\u00a0\u00a0\u00a0\u00a0\u00a0\u00a0\u00a0 <strong>D<\/strong>e pronto, me di cuenta de que el viento hab\u00eda cesado, rein\u00f3 por completo el silencio y la oscuridad me envolvi\u00f3 totalmente. \u00bfQu\u00e9 me estaba pasando? Quer\u00eda echar a correr, huir de all\u00ed, pero mis piernas no me obedec\u00edan. Estaba como petrificada sin poder dar un solo paso. Intent\u00e9 pedir auxilio pero de mi garganta no sali\u00f3 ni un sonido. Y, de repente, una de las viejas palmeras del camino, condenada a ser talada por haberse secado hac\u00eda ya tiempo, baj\u00f3 sus ramas lentamente, parecidas a sarmientos, hasta casi tocar el suelo. Inesperadamente, de su interior\u00a0 sali\u00f3 una luz viv\u00edsima, un resplandor que ilumin\u00f3 toda la escena que yo, sin dar cr\u00e9dito a lo que ve\u00eda, contempl\u00e9 maravillada. Al pie del aquel \u00e1rbol reseco apareci\u00f3 ante mis ojos un hermoso portal de Bel\u00e9n con bellas pero est\u00e1ticas figuras adorando al Ni\u00f1o Dios, mientras unas voces celestiales, semejantes a un coro de \u00e1ngeles, cantaban la venida del Mes\u00edas llenando el aire de arm\u00f3nicas notas.<\/p>\n<p style=\"text-align: justify;\">\n<p style=\"text-align: justify;\"><strong>\u00a0\u00a0\u00a0\u00a0\u00a0\u00a0\u00a0\u00a0\u00a0 L<\/strong>as figuras que compon\u00edan la aparici\u00f3n eran de una gran belleza, casi parec\u00edan de carne y hueso. La Virgen Mar\u00eda era como una madonna italiana de rasgos serenos. Un manto azul, todo bordado de estrellas, la cubr\u00eda y una blanca t\u00fanica resplandec\u00eda como el alba. Arrodillada ante su hijo, lo proteg\u00eda con amor maternal. A su lado, de pie, Jos\u00e9 semejaba un patriarca que los amparase a todos. En su mano portaba un b\u00e1culo milagrosamente florido que esparc\u00eda un suave aroma alrededor. El Ni\u00f1o, de carita preciosa y carne sonrosada, parec\u00eda dormir pl\u00e1cidamente en su cunita de pajas que brillaban como el oro. Y de su cabecita brotaban luminosos rayos. Un \u00e1ngel con las alas plateadas contemplaba la escena mientras la Estrella de Oriente refulg\u00eda como un ascua de fuego. Por \u00faltimo, un aura envolv\u00eda a todos los personajes con una luz sobrenatural. Era el Nacimiento m\u00e1s hermoso que hab\u00eda visto en mi vida.<\/p>\n<p style=\"text-align: justify;\">\n<p style=\"text-align: justify;\">\u00a0\u00a0\u00a0\u00a0\u00a0\u00a0\u00a0\u00a0\u00a0 \u00bf<strong>Qu\u00e9 <\/strong>significaba aquello? Yo era por completo indiferente a toda creencia y lo que estaba sucediendo no pod\u00eda ser realidad. \u00bfQuiz\u00e1 sufr\u00ed un ligero mareo? \u00bfFue la causa la fuerza del viento que me hab\u00eda estado azotando\u2026? Pero la aparici\u00f3n segu\u00eda all\u00ed. Irreal, con sus quietos y mudos personajes cual estatuas esculpidas en piedra por un genial artista de otro mundo.<\/p>\n<p style=\"text-align: justify;\">\u00a0\u00a0\u00a0\u00a0\u00a0\u00a0\u00a0\u00a0\u00a0 Sin saber c\u00f3mo, not\u00e9 que una fuerza me empujaba hacia la palmera y, poco a poco, me fui acercando\u00a0 ella. Al observar de cerca la escena, un escalofr\u00edo recorri\u00f3 todo mi cuerpo, pero, al mismo tiempo, inund\u00f3 mi alma de una gran paz y felicidad: La figura est\u00e1tica del Ni\u00f1o Dios, me mir\u00f3 fijamente con ojos de ternura y dedic\u00e1ndome una sonrisa, con voz cari\u00f1osa me dec\u00eda: &#8211;<em>\u201cCree en M\u00ed\u201d.<\/em><\/p>\n<p style=\"text-align: justify;\"><em>\u00a0<\/em><\/p>\n<p style=\"text-align: justify;\">\u00a0\u00a0\u00a0\u00a0\u00a0\u00a0\u00a0\u00a0\u00a0 <strong>A<\/strong>l momento, como por ensalmo, todo desapareci\u00f3. Cesaron los cantos celestiales. Se apag\u00f3 el resplandor en el interior de la palmera y el fuerte viento comenz\u00f3 a silbar mientras las hojas muertas segu\u00edan cayendo a mi alrededor.<\/p>\n<p style=\"text-align: justify;\">\u00a0\u00a0\u00a0 \u00a0\u00a0\u00a0\u00a0\u00a0\u00a0Yo, incapaz de moverme, continuaba al pie de aquella palmera sin vida y, sin saber no s\u00e9 qu\u00e9 me impuls\u00f3 a hacerlo, al azar alc\u00e9 mis ojos hacia ella y\u2026 \u00bfQu\u00e9 estaba viendo? \u00a1No era posible! \u00a1Hab\u00eda reverdecido! Sus ramas, antes sarmentosas, eran ahora turgentes, frescas, y de ellas pend\u00edan jugosos d\u00e1tiles como doradas l\u00e1grimas de agradecimiento por haber cobijado \u00a1a todo un Dios!<\/p>\n<p style=\"text-align: justify;\">\n<p style=\"text-align: justify;\">\u00a0\u00a0\u00a0\u00a0\u00a0\u00a0\u00a0\u00a0\u00a0 \u00bf<strong>A<\/strong>lucinaci\u00f3n? \u00bfVah\u00eddo? \u00bfEnajenaci\u00f3n de mis sentidos? No encontraba explicaci\u00f3n alguna a lo que acababa de sucederme. Despacio, ech\u00e9 a andar hacia mi casa, inundada de una paz que hac\u00eda mucho tiempo que no ten\u00eda. \u00a1S\u00ed! \u00a1Ese a\u00f1o celebrar\u00eda de nuevo la Navidad! \u00a1La m\u00e1s hermosa Navidad de mi vida!<\/p>\n<p style=\"text-align: justify;\">\n<p style=\"text-align: justify;\"><a href=\"http:\/\/granadacostanacional.es\/wp-content\/uploads\/2020\/12\/image001-2.jpg\"><img decoding=\"async\" loading=\"lazy\" class=\"aligncenter size-large wp-image-26473\" src=\"http:\/\/granadacostanacional.es\/wp-content\/uploads\/2020\/12\/image001-2-831x1024.jpg\" alt=\"image001\" width=\"831\" height=\"1024\" \/><\/a><\/p>\n<p style=\"text-align: center;\"><em>Asomada a esta ventana de esperanza en una nueva Navidad mejor, aguardo un rayo de Luz que nos ilumine a todos. Paz para Granada Costa y todos sus componentes.<\/em><\/p>\n<p style=\"text-align: center;\"><em>Vuestra amiga Carmen Carrasco.<\/em><\/p>\n","protected":false},"excerpt":{"rendered":"<p>Afortunada Estrella de Oriente que adoraste a Dios. \u00a0 Las estrellas brillaban en la noche, cual peque\u00f1as luci\u00e9rnagas, flotando en&hellip;<\/p>\n","protected":false},"author":2,"featured_media":25356,"comment_status":"open","ping_status":"open","sticky":false,"template":"","format":"standard","meta":{"om_disable_all_campaigns":false,"_mi_skip_tracking":false,"_monsterinsights_sitenote_active":false,"_monsterinsights_sitenote_note":"","_monsterinsights_sitenote_category":0,"footnotes":""},"categories":[21,30],"tags":[],"aioseo_notices":[],"_links":{"self":[{"href":"https:\/\/granadacostaglobal.es\/index.php?rest_route=\/wp\/v2\/posts\/26472"}],"collection":[{"href":"https:\/\/granadacostaglobal.es\/index.php?rest_route=\/wp\/v2\/posts"}],"about":[{"href":"https:\/\/granadacostaglobal.es\/index.php?rest_route=\/wp\/v2\/types\/post"}],"author":[{"embeddable":true,"href":"https:\/\/granadacostaglobal.es\/index.php?rest_route=\/wp\/v2\/users\/2"}],"replies":[{"embeddable":true,"href":"https:\/\/granadacostaglobal.es\/index.php?rest_route=%2Fwp%2Fv2%2Fcomments&post=26472"}],"version-history":[{"count":0,"href":"https:\/\/granadacostaglobal.es\/index.php?rest_route=\/wp\/v2\/posts\/26472\/revisions"}],"wp:featuredmedia":[{"embeddable":true,"href":"https:\/\/granadacostaglobal.es\/index.php?rest_route=\/"}],"wp:attachment":[{"href":"https:\/\/granadacostaglobal.es\/index.php?rest_route=%2Fwp%2Fv2%2Fmedia&parent=26472"}],"wp:term":[{"taxonomy":"category","embeddable":true,"href":"https:\/\/granadacostaglobal.es\/index.php?rest_route=%2Fwp%2Fv2%2Fcategories&post=26472"},{"taxonomy":"post_tag","embeddable":true,"href":"https:\/\/granadacostaglobal.es\/index.php?rest_route=%2Fwp%2Fv2%2Ftags&post=26472"}],"curies":[{"name":"wp","href":"https:\/\/api.w.org\/{rel}","templated":true}]}}