{"id":26466,"date":"2020-12-17T09:39:41","date_gmt":"2020-12-17T09:39:41","guid":{"rendered":"http:\/\/granadacostanacional.es\/?p=26466"},"modified":"2020-12-17T09:39:41","modified_gmt":"2020-12-17T09:39:41","slug":"libro-recomendado-el-ultimo-tren-de-ma-luisa-moreau-y-jose-g-mesa","status":"publish","type":"post","link":"https:\/\/granadacostaglobal.es\/?p=26466","title":{"rendered":"Libro recomendado &#8220;El \u00faltimo Tren&#8221; de M\u00aa Luisa Moreau y Jos\u00e9 G Mesa"},"content":{"rendered":"<p style=\"text-align: justify;\">Podr\u00e1 leer el libro entero a trav\u00e9s de este enlace\u00a0<span style=\"color: #3366ff;\"><a style=\"color: #3366ff;\" href=\"http:\/\/granadacostanacional.es\/downloads\/Libro El \u00faltimo tren.pdf\">&#8220;El \u00faltimo Tren&#8221;<\/a><\/span><\/p>\n<p style=\"text-align: justify;\">\n<h2 style=\"text-align: center;\">PR\u00d3LOGO<\/h2>\n<p style=\"text-align: justify;\">\nHoy me encuentro en la dif\u00edcil tarea de prologar un libro de poemas de dos personas autodidactas; \u00e9l, Jos\u00e9 G. Mesa, \u00abRib\u00e9\u00bb, influenciado por los autores sudamericanos, ya que estuvo algunos a\u00f1os en Argentina, realiza una poes\u00eda atrevida, palpitante y a su vez tierna, llena de pasi\u00f3n y a veces de coraje y valent\u00eda.<br \/>\nElla, Mar\u00eda Luisa Moreau, \u00abMarisi\u00bb por el contrario, transcurrida su ni\u00f1ez en una aldea de nuestra provincia, M\u00e1laga, en una estaci\u00f3n f\u00e9rrea ubicada junto a los descomunales riscos de la Cordillera Penib\u00e9tica , muy cerca de un frondoso pinar, un r\u00edo serpenteante, e infinidad de florecillas silvestres, que han influido para amar la naturaleza, lo que supone realizar unos poemas entra\u00f1ables, dulces, suaves que llegan al lector con candor, belleza e ilusi\u00f3n y que su autora realiza con amor y candidez.<br \/>\n\u00abRib\u00e9\u00bb nace en M\u00e1laga; sus abuelos vivieron dentro de nuestra querida Alcazaba; sus padres en el lugar privilegiado por sus vistas a nuestro puerto, teniendo a sus pies la Ciudad, emigran a la naci\u00f3n a la que al principio dej\u00e9 constancia, regresando algunos a\u00f1os despu\u00e9s a su tierra natal.<br \/>\nRecorre varios pa\u00edses del mundo, entre ellos Canad\u00e1 y Estados Unidos; realiza una novela, \u00abEl Bosque de Cemento\u00bb, en proceso de edici\u00f3n, adem\u00e1s de su autobiograf\u00eda, participando en varios concursos po\u00e9ticos que le han servido de experiencia en este dif\u00edcil mundo literario.<br \/>\n\u00abMarisi\u00bb, malague\u00f1a de pura cepa, con su ni\u00f1ez en una familia de clase media, su padre Jefe de Estaci\u00f3n, al llegar a la adolescencia viene a nuestra ciudad y posteriormente, su existencia transcurre en el extranjero en donde aprende y se expresa en diferentes idiomas. Pero su verdadera vocaci\u00f3n ha sido la de poetisa y que ahora, con m\u00e1s tiempo para dedicarse a ello, realiza con ardor y como prueba de lo que digo, puedes juzgar querido lector por ti mismo en el libro que tienes en tus manos.<br \/>\n\u00abRib\u00e9\u00bb nos enamora con sus poemas y dice frases tan significativas como:<br \/>\n\u00ab&#8230; reacci\u00f3n inerte el de convencerte &#8230; no perder el tren\u00bb del poema \u00abEl \u00faltimo tren\u00bb; o el del titulado \u00abCita previa\u00bb \u00ab&#8230;como aquella tarde que t\u00fa me dijiste&#8230; abr\u00e1zame fuerte y \u00e1mame en silencio pero sin mentirme &#8230; en \u00abPan duro\u00bb \u00ab&#8230; y un poco de pan blandito \/ y dejar el duro atr\u00e1s.\u00bb Y, por \u00faltimo, el de \u00abOto\u00f1o gris\u00bb con \u00abEsos grises nubarrones en los cielos \/ que provocan transparentes diamantinas \/ gotas de agua que se aferran a cristales&#8230;\u00bb<br \/>\n\u00abMarisi\u00bb nos deleita con poemas como: \u00ab\u00bfViejos? \/ \u00a1Pero qui\u00e9n dijo que el amor ten\u00eda edad! del titulado \u00abEnamorada\u00bb; \u2026sentimos el flechazo dulce y lento \/ y charlamos&#8230; de \u00abEstremecida\u00bb; \u00a1Pobres ilusos! Nunca podr\u00e1n comunicarse &#8230;\/ bajo la tierra\/ espl\u00e9ndidas ra\u00edces alargaron &#8230; del poema \u00abEn el valle\u00bb; &#8230; nos sold\u00f3 como a hierro &#8230; la fragua &#8230; del titulado \u00abEvocaci\u00f3n\u00bb.<br \/>\nEste poemario es una referencia al amor, en todas sus vertientes, tanto a los amores de j\u00f3venes como en la edad madura que puede ser m\u00e1s tierno y perdurable que en la juventud; por experiencia, lucidez y paliar la soledad que a tantas personas mayores envuelve.<\/p>\n<p style=\"text-align: right;\">Juan Moreau Tamayo<\/p>\n<p style=\"text-align: right;\">\n","protected":false},"excerpt":{"rendered":"<p>Podr\u00e1 leer el libro entero a trav\u00e9s de este enlace\u00a0&#8220;El \u00faltimo Tren&#8221; PR\u00d3LOGO Hoy me encuentro en la dif\u00edcil tarea&hellip;<\/p>\n","protected":false},"author":2,"featured_media":26467,"comment_status":"open","ping_status":"open","sticky":false,"template":"","format":"standard","meta":{"om_disable_all_campaigns":false,"_mi_skip_tracking":false,"_monsterinsights_sitenote_active":false,"_monsterinsights_sitenote_note":"","_monsterinsights_sitenote_category":0,"footnotes":""},"categories":[21,29,30],"tags":[],"aioseo_notices":[],"_links":{"self":[{"href":"https:\/\/granadacostaglobal.es\/index.php?rest_route=\/wp\/v2\/posts\/26466"}],"collection":[{"href":"https:\/\/granadacostaglobal.es\/index.php?rest_route=\/wp\/v2\/posts"}],"about":[{"href":"https:\/\/granadacostaglobal.es\/index.php?rest_route=\/wp\/v2\/types\/post"}],"author":[{"embeddable":true,"href":"https:\/\/granadacostaglobal.es\/index.php?rest_route=\/wp\/v2\/users\/2"}],"replies":[{"embeddable":true,"href":"https:\/\/granadacostaglobal.es\/index.php?rest_route=%2Fwp%2Fv2%2Fcomments&post=26466"}],"version-history":[{"count":0,"href":"https:\/\/granadacostaglobal.es\/index.php?rest_route=\/wp\/v2\/posts\/26466\/revisions"}],"wp:featuredmedia":[{"embeddable":true,"href":"https:\/\/granadacostaglobal.es\/index.php?rest_route=\/"}],"wp:attachment":[{"href":"https:\/\/granadacostaglobal.es\/index.php?rest_route=%2Fwp%2Fv2%2Fmedia&parent=26466"}],"wp:term":[{"taxonomy":"category","embeddable":true,"href":"https:\/\/granadacostaglobal.es\/index.php?rest_route=%2Fwp%2Fv2%2Fcategories&post=26466"},{"taxonomy":"post_tag","embeddable":true,"href":"https:\/\/granadacostaglobal.es\/index.php?rest_route=%2Fwp%2Fv2%2Ftags&post=26466"}],"curies":[{"name":"wp","href":"https:\/\/api.w.org\/{rel}","templated":true}]}}