{"id":26453,"date":"2020-12-16T16:04:41","date_gmt":"2020-12-16T16:04:41","guid":{"rendered":"http:\/\/granadacostanacional.es\/?p=26453"},"modified":"2020-12-16T16:04:41","modified_gmt":"2020-12-16T16:04:41","slug":"asociacion-arte-sur-almunecar","status":"publish","type":"post","link":"https:\/\/granadacostaglobal.es\/?p=26453","title":{"rendered":"Asociaci\u00f3n ARTE SUR \u2013 Almu\u00f1\u00e9car"},"content":{"rendered":"<p style=\"text-align: justify;\"><strong>\u00daLTIMA EXPOSICI\u00d3N COLECTIVA DEL A\u00d1O: <\/strong>La asociaci\u00f3n almu\u00f1equera ha inaugurado su \u00faltima exposici\u00f3n colectiva del a\u00f1o, denominada \u201cJOS\u00c9 CABRERA y sus Invitados\u201d,\u00a0 con una treintena de obras de sus artistas asociados. Se trata de cuadros de diferente t\u00e9cnica, tama\u00f1os, estilos, \u00f3leos, acr\u00edlicos, acuarelas, pastel, de pintores de muy diferentes or\u00edgenes afincados en esta ciudad: espa\u00f1oles locales, motrile\u00f1os, granadinos, malague\u00f1os, vascos, de Madrid, de Colorado (USA), Inglaterra e Italia. Esta muestra estuvo coordinada por Jos\u00e9 Cabrera, pintor local que la ven\u00eda realizando desde hace unos 20 a\u00f1os, con la que quiso recibir a los nuevos integrantes de la asociaci\u00f3n.<\/p>\n<p style=\"text-align: justify;\">El s\u00e1bado 5 fue el acto inaugural, en la Sala Rowland Fade \u00a0de la Casa de la Cultura, cont\u00e1ndose con la presencia del Concejal de Cultura y Educaci\u00f3n: Alberto Garc\u00eda Gilabert, y el presidente de la Asociaci\u00f3n Arte-Sur: \u00a0Francisco Ariza Oller, pintores y amigos de la cultura.<\/p>\n<p style=\"text-align: justify;\">\u00a0De esta manera la asociaci\u00f3n cultural sexitana ha cerrado un a\u00f1o de m\u00faltiples actividades, pese a las dificultades provocadas por la pandemia, con muestras pict\u00f3ricas colectivas en diferentes ciudades de nuestra Andaluc\u00eda (Granada, M\u00e1laga, Almer\u00eda), recitales po\u00e9ticos-musicales mensuales, publicaciones de libros de varios asociados, y exposiciones virtuales \u00a0por internet. Tambi\u00e9n se ofreci\u00f3 una lectura de poemas del socio Antonio Medina Olivares.<\/p>\n<p style=\"text-align: justify;\">Los artistas pl\u00e1sticos participantes fueron: Jos\u00e9 Cabrera Alaminos, como figura principal, Rafael S. Barbero, Rafael Deliso, B\u00e1rbara D. Alaminos, Emilio Dom\u00ednguez, Ornella Gibelli, Juan Ilarraz Sarobe, Jos\u00e9 A. Lerta M\u00e1rmol, Mart\u00edn Morales, Helen Newman, Danielle Paglio Belin e In\u00e9s Pecharoman.<\/p>\n<p style=\"text-align: justify;\">En su breve discurso el Concejal Garc\u00eda Gilabert agradeci\u00f3 y destac\u00f3 la importante actividad que el colectivo Arte Sur bien desarrollando en estos \u00faltimos cinco a\u00f1os, al servicio del arte y la cultura de su pueblo, habi\u00e9ndose convertido en todo un referente art\u00edstico cultural.<\/p>\n<p style=\"text-align: justify;\">La muestra colectiva cuenta con \u00a0la colaboraci\u00f3n y auspicio de \u00a0la Concejal\u00eda de Cultura del Ayuntamiento de Almu\u00f1\u00e9car \u00a0y se podr\u00e1 visitar hasta el d\u00eda 19 de diciembre, en horario de ma\u00f1ana y tarde: de 11 a 13 horas, y de 16 a 18 horas, respectivamente.<\/p>\n<p style=\"text-align: justify;\">La exposici\u00f3n se desarrolla con el protocolo correspondiente en cuanto a las medidas de seguridad por la Covid-19, reduciendo el aforo y manteniendo las normas correspondientes marcadas por los responsables sanitarios.<\/p>\n<p style=\"text-align: justify;\"><a href=\"http:\/\/granadacostanacional.es\/wp-content\/uploads\/2020\/12\/image001-1.jpg\"><img decoding=\"async\" loading=\"lazy\" class=\"aligncenter size-large wp-image-26454\" src=\"http:\/\/granadacostanacional.es\/wp-content\/uploads\/2020\/12\/image001-1-1024x768.jpg\" alt=\"image001\" width=\"1024\" height=\"768\" \/><\/a><\/p>\n<p style=\"text-align: center;\">Artistas expositores con el presidente de Asoc. ARTE SUR-Almu\u00f1\u00e9car, Paco Ariza y el concejal de Cultura, Alberto Garc\u00eda Gilabert<\/p>\n<p style=\"text-align: justify;\"><a href=\"http:\/\/granadacostanacional.es\/wp-content\/uploads\/2020\/12\/image002.jpg\"><img decoding=\"async\" loading=\"lazy\" class=\"aligncenter size-large wp-image-26455\" src=\"http:\/\/granadacostanacional.es\/wp-content\/uploads\/2020\/12\/image002-1024x790.jpg\" alt=\"image002\" width=\"1024\" height=\"790\" \/><\/a><\/p>\n<p style=\"text-align: center;\">El artista central de la muestra Jos\u00e9 Cabrera, con sus retratos de gran tama\u00f1o<\/p>\n<p style=\"text-align: center;\"><a href=\"http:\/\/granadacostanacional.es\/wp-content\/uploads\/2020\/12\/image003.png\"><img decoding=\"async\" loading=\"lazy\" class=\"aligncenter size-large wp-image-26456\" src=\"http:\/\/granadacostanacional.es\/wp-content\/uploads\/2020\/12\/image003-1024x768.png\" alt=\"image003\" width=\"1024\" height=\"768\" \/><\/a><\/p>\n<p style=\"text-align: center;\">El expositor Jos\u00e9 Lerta M\u00e1rmol, el presidente Paco Ariza y el concejal Alberto Garc\u00eda Gilabert<\/p>\n<p style=\"text-align: justify;\"><a href=\"http:\/\/granadacostanacional.es\/wp-content\/uploads\/2020\/12\/image004-1.jpg\"><img decoding=\"async\" loading=\"lazy\" class=\"aligncenter size-large wp-image-26457\" src=\"http:\/\/granadacostanacional.es\/wp-content\/uploads\/2020\/12\/image004-1-1024x695.jpg\" alt=\"image004\" width=\"1024\" height=\"695\" \/><\/a><\/p>\n<p style=\"text-align: center;\">Rafael \u00a0S. Barbero posando con sus acuarelas<\/p>\n<p style=\"text-align: center;\"><a href=\"http:\/\/granadacostanacional.es\/wp-content\/uploads\/2020\/12\/image005.jpg\"><img decoding=\"async\" loading=\"lazy\" class=\"aligncenter size-large wp-image-26458\" src=\"http:\/\/granadacostanacional.es\/wp-content\/uploads\/2020\/12\/image005-1024x749.jpg\" alt=\"image005\" width=\"1024\" height=\"749\" \/><\/a><\/p>\n<p style=\"text-align: center;\">\u00a0\u00a0 B\u00e1rbara D\u00edaz Alaminos con sus creaciones<\/p>\n<p style=\"text-align: center;\"><a href=\"http:\/\/granadacostanacional.es\/wp-content\/uploads\/2020\/12\/image006.jpg\"><img decoding=\"async\" loading=\"lazy\" class=\"aligncenter size-large wp-image-26459\" src=\"http:\/\/granadacostanacional.es\/wp-content\/uploads\/2020\/12\/image006-1024x768.jpg\" alt=\"image006\" width=\"1024\" height=\"768\" \/><\/a><\/p>\n<p style=\"text-align: center;\">Danielle Paglino Belin junto a sus cuadros<\/p>\n<p style=\"text-align: center;\"><a href=\"http:\/\/granadacostanacional.es\/wp-content\/uploads\/2020\/12\/image007.jpg\"><img decoding=\"async\" loading=\"lazy\" class=\"aligncenter size-large wp-image-26460\" src=\"http:\/\/granadacostanacional.es\/wp-content\/uploads\/2020\/12\/image007-1024x854.jpg\" alt=\"image007\" width=\"1024\" height=\"854\" \/><\/a><\/p>\n<p style=\"text-align: center;\">\u00a0El poeta Antonio Medina Olivares leyendo poes\u00edas en el acto inaugural<\/p>\n<p style=\"text-align: justify;\"><a href=\"http:\/\/granadacostanacional.es\/wp-content\/uploads\/2020\/12\/image008.jpg\"><img decoding=\"async\" loading=\"lazy\" class=\"aligncenter size-large wp-image-26461\" src=\"http:\/\/granadacostanacional.es\/wp-content\/uploads\/2020\/12\/image008-768x1024.jpg\" alt=\"image008\" width=\"768\" height=\"1024\" \/><\/a><\/p>\n<p style=\"text-align: center;\">La artista brit\u00e1nica Helen Newman y su obra pict\u00f3rica<\/p>\n<p style=\"text-align: center;\">\n<p style=\"text-align: right;\"><em><strong>Silvio Rivas<\/strong><\/em><\/p>\n","protected":false},"excerpt":{"rendered":"<p>\u00daLTIMA EXPOSICI\u00d3N COLECTIVA DEL A\u00d1O: La asociaci\u00f3n almu\u00f1equera ha inaugurado su \u00faltima exposici\u00f3n colectiva del a\u00f1o, denominada \u201cJOS\u00c9 CABRERA y&hellip;<\/p>\n","protected":false},"author":2,"featured_media":26454,"comment_status":"open","ping_status":"open","sticky":false,"template":"","format":"standard","meta":{"om_disable_all_campaigns":false,"_mi_skip_tracking":false,"_monsterinsights_sitenote_active":false,"_monsterinsights_sitenote_note":"","_monsterinsights_sitenote_category":0,"footnotes":""},"categories":[21,22,30],"tags":[],"aioseo_notices":[],"_links":{"self":[{"href":"https:\/\/granadacostaglobal.es\/index.php?rest_route=\/wp\/v2\/posts\/26453"}],"collection":[{"href":"https:\/\/granadacostaglobal.es\/index.php?rest_route=\/wp\/v2\/posts"}],"about":[{"href":"https:\/\/granadacostaglobal.es\/index.php?rest_route=\/wp\/v2\/types\/post"}],"author":[{"embeddable":true,"href":"https:\/\/granadacostaglobal.es\/index.php?rest_route=\/wp\/v2\/users\/2"}],"replies":[{"embeddable":true,"href":"https:\/\/granadacostaglobal.es\/index.php?rest_route=%2Fwp%2Fv2%2Fcomments&post=26453"}],"version-history":[{"count":0,"href":"https:\/\/granadacostaglobal.es\/index.php?rest_route=\/wp\/v2\/posts\/26453\/revisions"}],"wp:featuredmedia":[{"embeddable":true,"href":"https:\/\/granadacostaglobal.es\/index.php?rest_route=\/"}],"wp:attachment":[{"href":"https:\/\/granadacostaglobal.es\/index.php?rest_route=%2Fwp%2Fv2%2Fmedia&parent=26453"}],"wp:term":[{"taxonomy":"category","embeddable":true,"href":"https:\/\/granadacostaglobal.es\/index.php?rest_route=%2Fwp%2Fv2%2Fcategories&post=26453"},{"taxonomy":"post_tag","embeddable":true,"href":"https:\/\/granadacostaglobal.es\/index.php?rest_route=%2Fwp%2Fv2%2Ftags&post=26453"}],"curies":[{"name":"wp","href":"https:\/\/api.w.org\/{rel}","templated":true}]}}