{"id":26450,"date":"2020-12-16T15:57:13","date_gmt":"2020-12-16T15:57:13","guid":{"rendered":"http:\/\/granadacostanacional.es\/?p=26450"},"modified":"2020-12-16T15:57:13","modified_gmt":"2020-12-16T15:57:13","slug":"libro-recomendado-las-alas-del-viento-de-maria-vives-gomila","status":"publish","type":"post","link":"https:\/\/granadacostaglobal.es\/?p=26450","title":{"rendered":"Libro recomendado &#8220;Las Alas del Viento&#8221; de Mar\u00eda Vives Gomila"},"content":{"rendered":"<p>Podr\u00e1 leer el libro entero a trav\u00e9s de este enlace\u00a0<span style=\"color: #3366ff;\"><a style=\"color: #3366ff;\" href=\"http:\/\/granadacostanacional.es\/downloads\/Libro Premio Literatura Granada Costa 2019 web.pdf\">&#8220;Las Alas del Viento&#8221;<\/a><\/span><\/p>\n<p>&nbsp;<\/p>\n<h2 style=\"text-align: center;\">Premio Humanidades<br \/>\nDra. D\u00f1a. Mar\u00eda Vives Gomila<\/h2>\n<p>&nbsp;<\/p>\n<p style=\"text-align: justify;\">Reunido el jurado de premios y distinciones del Proyecto Nacional de Cultura Granada Costa en sesi\u00f3n extraordinaria, a propuesta del Delegado Nacional de Literatura y Subdirector de la Academia de las Ciencias, Bellas Artes y Buenas Letras Granada Costa, Don Diego Sabiote Navarro, el d\u00eda 17 de mayo de 2019, se acuerda por unanimidad, conceder el Premio Humanidades de Literatura 2019 a la Dra. D\u00f1a. Mar\u00eda Vives Gomila, en reconocimiento a los m\u00e9ritos excepcionales de los que ha venido dando prueba durante tant\u00edsimos a\u00f1os, en defensa de los derechos humanos y literarios en su labor como investigadora sobre Psicolog\u00eda, especialmente aplicada a un p\u00fablico juvenil y la aplicaci\u00f3n del test de Rorschach, campo en el que ha publicado numerosas obras y art\u00edculos de investigaci\u00f3n aclamados por p\u00fablico y cr\u00edtica. Igualmente, hemos de destacar la publicaci\u00f3n de diversas novelas y el continuo proceso de escritura que la Doctora Mar\u00eda Vives mantiene, y su labor como docente, a niveles escolares y universitarios, a nivel local e internacional, incitando siempre a los alumnos a la lectura y atendiendo siempre a sus necesidades e interes\u00e1ndolos en el mundo de la Psicolog\u00eda.<br \/>\nMotivos, todos los anteriores, en los que se basa este jurado para concederle el Premio Humanidades en la modalidad de Literatura Proyecto Nacional de Cultura Granada Costa.<br \/>\nLa entrega de la distinci\u00f3n se efectuar\u00e1 en el Hotel Miguel \u00c1ngel de Madrid, el d\u00eda 29 de febrero de 2020 a las 18:00 horas.<br \/>\nY, para que conste y se cumpla lo aqu\u00ed acordado, se firma este documento en Granada a diecisiete de mayo de 2019.<\/p>\n<p style=\"text-align: right;\">Jos\u00e9 Segura Haro<br \/>\nPresidente del Jurado de premios y distinciones del<br \/>\nProyecto Nacional de Cultura Granada Costa<\/p>\n","protected":false},"excerpt":{"rendered":"<p>Podr\u00e1 leer el libro entero a trav\u00e9s de este enlace\u00a0&#8220;Las Alas del Viento&#8221; &nbsp; Premio Humanidades Dra. D\u00f1a. Mar\u00eda Vives&hellip;<\/p>\n","protected":false},"author":2,"featured_media":26451,"comment_status":"open","ping_status":"open","sticky":false,"template":"","format":"standard","meta":{"om_disable_all_campaigns":false,"_mi_skip_tracking":false,"_monsterinsights_sitenote_active":false,"_monsterinsights_sitenote_note":"","_monsterinsights_sitenote_category":0,"footnotes":""},"categories":[21,29,30],"tags":[],"aioseo_notices":[],"_links":{"self":[{"href":"https:\/\/granadacostaglobal.es\/index.php?rest_route=\/wp\/v2\/posts\/26450"}],"collection":[{"href":"https:\/\/granadacostaglobal.es\/index.php?rest_route=\/wp\/v2\/posts"}],"about":[{"href":"https:\/\/granadacostaglobal.es\/index.php?rest_route=\/wp\/v2\/types\/post"}],"author":[{"embeddable":true,"href":"https:\/\/granadacostaglobal.es\/index.php?rest_route=\/wp\/v2\/users\/2"}],"replies":[{"embeddable":true,"href":"https:\/\/granadacostaglobal.es\/index.php?rest_route=%2Fwp%2Fv2%2Fcomments&post=26450"}],"version-history":[{"count":0,"href":"https:\/\/granadacostaglobal.es\/index.php?rest_route=\/wp\/v2\/posts\/26450\/revisions"}],"wp:featuredmedia":[{"embeddable":true,"href":"https:\/\/granadacostaglobal.es\/index.php?rest_route=\/"}],"wp:attachment":[{"href":"https:\/\/granadacostaglobal.es\/index.php?rest_route=%2Fwp%2Fv2%2Fmedia&parent=26450"}],"wp:term":[{"taxonomy":"category","embeddable":true,"href":"https:\/\/granadacostaglobal.es\/index.php?rest_route=%2Fwp%2Fv2%2Fcategories&post=26450"},{"taxonomy":"post_tag","embeddable":true,"href":"https:\/\/granadacostaglobal.es\/index.php?rest_route=%2Fwp%2Fv2%2Ftags&post=26450"}],"curies":[{"name":"wp","href":"https:\/\/api.w.org\/{rel}","templated":true}]}}