{"id":26444,"date":"2020-12-16T12:41:56","date_gmt":"2020-12-16T12:41:56","guid":{"rendered":"http:\/\/granadacostanacional.es\/?p=26444"},"modified":"2020-12-16T12:41:56","modified_gmt":"2020-12-16T12:41:56","slug":"luis-salvador-la-presion-de-cs-ha-sido-fundamental-para-que-la-segunda-circunvalacion-sea-una-realidad-una-infraestructura-imprescindible-que-se-ha-demorado-demasiado-tiempo","status":"publish","type":"post","link":"https:\/\/granadacostaglobal.es\/?p=26444","title":{"rendered":"Luis Salvador: \u201cLa presi\u00f3n de Cs ha sido fundamental para que la Segunda Circunvalaci\u00f3n sea una realidad, una infraestructura imprescindible que se ha demorado demasiado tiempo\u201d"},"content":{"rendered":"<p style=\"text-align: justify;\"><strong>Granada, 16 de diciembre de 2020.<\/strong> El coordinador de Ciudadanos (Cs) en la provincia de Granada y alcalde de la capital, Luis Salvador, ha celebrado esta ma\u00f1ana la apertura de la Segunda Circunvalaci\u00f3n de Granada, \u201cuna infraestructura <strong>fundamental para Granada, su \u00e1rea metropolitana y toda la provincia<\/strong> que deber\u00eda haber llegado hace mucho tiempo\u201d.<\/p>\n<p style=\"text-align: justify;\">\u201cPese a los <strong>continuos retrasos, paralizaciones y tambi\u00e9n mucha ineptitud en la ejecuci\u00f3n,<\/strong> hoy Granada ve satisfecha por fin una de sus principales demandas, tan importante como lo fue la Autov\u00eda a la Costa, la A-7 o la llegada del AVE\u201d, ha se\u00f1alado Salvador tras enfatizar que ha sido \u201cgracias a la <strong>constante presi\u00f3n, insistencia y empuje de Ciudadanos<\/strong> que esta v\u00eda es ya una realidad en nuestra tierra\u201d.<\/p>\n<p style=\"text-align: justify;\">En este sentido, el coordinador provincial ha recordado que <strong>la formaci\u00f3n naranja llev\u00f3 al Congreso de los Diputados hasta tres iniciativas<\/strong> para agilizar y poner en marcha la Segunda Circunvalaci\u00f3n granadina. \u201cPara Cs, esta autov\u00eda alternativa ha sido siempre una prioridad\u201d, ha asegurado Salvador, tras explicar que uno de esos motivos hacen referencia a que por la actual Circunvalaci\u00f3n transitan 150.000 veh\u00edculos\/d\u00eda, \u201cconvirti\u00e9ndose en <strong>un anillo de CO2<\/strong> que aumenta exponencialmente la contaminaci\u00f3n en la capital y los pueblos del \u00e1rea metropolitana\u201d.<\/p>\n<p style=\"text-align: justify;\">\u201cCon esta nueva infraestructura adem\u00e1s de mejorar los niveles de contaminaci\u00f3n, se permitir\u00e1 una mayor fluidez en el tr\u00e1fico, por lo que aunque los granadinos se merec\u00edan que esta infraestructura hubiera llegado hace muchos tiempo, desde Cs le damos la bienvenida y esperemos que d\u00e9 un gran resultado\u201d, ha concluido.<\/p>\n<p style=\"text-align: justify;\"><a href=\"https:\/\/www.valenzuela.es\/\"><img decoding=\"async\" loading=\"lazy\" class=\"aligncenter size-full wp-image-26234\" src=\"http:\/\/granadacostanacional.es\/wp-content\/uploads\/2020\/11\/Valenzuela.gif\" alt=\"Valenzuela\" width=\"1244\" height=\"1024\" \/><\/a><\/p>\n","protected":false},"excerpt":{"rendered":"<p>Granada, 16 de diciembre de 2020. El coordinador de Ciudadanos (Cs) en la provincia de Granada y alcalde de la&hellip;<\/p>\n","protected":false},"author":2,"featured_media":26445,"comment_status":"open","ping_status":"open","sticky":false,"template":"","format":"standard","meta":{"om_disable_all_campaigns":false,"_mi_skip_tracking":false,"_monsterinsights_sitenote_active":false,"_monsterinsights_sitenote_note":"","_monsterinsights_sitenote_category":0,"footnotes":""},"categories":[22],"tags":[],"aioseo_notices":[],"_links":{"self":[{"href":"https:\/\/granadacostaglobal.es\/index.php?rest_route=\/wp\/v2\/posts\/26444"}],"collection":[{"href":"https:\/\/granadacostaglobal.es\/index.php?rest_route=\/wp\/v2\/posts"}],"about":[{"href":"https:\/\/granadacostaglobal.es\/index.php?rest_route=\/wp\/v2\/types\/post"}],"author":[{"embeddable":true,"href":"https:\/\/granadacostaglobal.es\/index.php?rest_route=\/wp\/v2\/users\/2"}],"replies":[{"embeddable":true,"href":"https:\/\/granadacostaglobal.es\/index.php?rest_route=%2Fwp%2Fv2%2Fcomments&post=26444"}],"version-history":[{"count":0,"href":"https:\/\/granadacostaglobal.es\/index.php?rest_route=\/wp\/v2\/posts\/26444\/revisions"}],"wp:featuredmedia":[{"embeddable":true,"href":"https:\/\/granadacostaglobal.es\/index.php?rest_route=\/"}],"wp:attachment":[{"href":"https:\/\/granadacostaglobal.es\/index.php?rest_route=%2Fwp%2Fv2%2Fmedia&parent=26444"}],"wp:term":[{"taxonomy":"category","embeddable":true,"href":"https:\/\/granadacostaglobal.es\/index.php?rest_route=%2Fwp%2Fv2%2Fcategories&post=26444"},{"taxonomy":"post_tag","embeddable":true,"href":"https:\/\/granadacostaglobal.es\/index.php?rest_route=%2Fwp%2Fv2%2Ftags&post=26444"}],"curies":[{"name":"wp","href":"https:\/\/api.w.org\/{rel}","templated":true}]}}