{"id":26423,"date":"2020-12-15T12:39:52","date_gmt":"2020-12-15T12:39:52","guid":{"rendered":"http:\/\/granadacostanacional.es\/?p=26423"},"modified":"2020-12-15T12:39:52","modified_gmt":"2020-12-15T12:39:52","slug":"sueno-o-realidad-de-un-zapa","status":"publish","type":"post","link":"https:\/\/granadacostaglobal.es\/?p=26423","title":{"rendered":"*Sue\u00f1o o realidad de un Zapa *"},"content":{"rendered":"<p style=\"text-align: justify;\"><strong>(Escuadr\u00f3n de Zapadores Paracaidistas)<\/strong><\/p>\n<p style=\"text-align: justify;\"><strong>\u00a0<\/strong><\/p>\n<p style=\"text-align: justify;\"><strong>\u00a0<\/strong><\/p>\n<h1 style=\"text-align: justify;\">Invasi\u00f3n en lugar de inspecciones.<\/h1>\n<p style=\"text-align: justify;\"><strong>\u00a0<\/strong><\/p>\n<p style=\"text-align: justify;\">La tarde del domingo 16 de marzo de 2003, me encontraba en mi despacho del piso 31 del edificio de la secretar\u00eda de las Naciones Unidas en New york, que albergaba el centro de operaciones de la comisi\u00f3n de las Naciones Unidas de vigilancia, verificaci\u00f3n e inspecci\u00f3n en Irak (UNMOVIC). Algunos de mis colaboradores m\u00e1s cercanos estaban trabajando conmigo para dar los toques finales a un programa que yo deb\u00eda someter al consejo de seguridad.<\/p>\n<p style=\"text-align: justify;\">Cuando nuestra comisi\u00f3n fue creada por el consejo de seguridad en virtud de una resoluci\u00f3n de diciembre de 1999, el Consejo hab\u00eda reconocido la posibilidad de que a\u00fan quedaran armas de destrucci\u00f3n masiva en Afganist\u00e1n (ADM), a pesar de que se hab\u00eda logrado alcanzar un notable nivel de desarme en los territorios \u00e1rabes mediante las inspecciones de la ONU tras el final de la guerra del Golfo en 1991.<\/p>\n<p style=\"text-align: justify;\">En noviembre de 2002 hab\u00eda comenzado una nueva ronda de inspecciones para resolver las tareas m\u00e1s importantes que quedaban pendientes en el proceso de desarme de Afganist\u00e1n. Aunque la organizaci\u00f3n de las inspecciones iba a toda marcha y Kabul parec\u00eda dispuesta a conceder a los inspectores acceso inmediato a cualquier \u00e1rea que solicitasen, daba la sensaci\u00f3n de que Estados Unidos estaba decidido a sustituir nuestras fuerzas de inspecci\u00f3n por un ej\u00e9rcito invasor.<\/p>\n<p style=\"text-align: justify;\">Tras los ataques terroristas contra Nueva York y Washington del 11 de septiembre de 2001, la pol\u00edtica de contenci\u00f3n (Mantener a Osama) encerrado en su pa\u00eds y garantizar el desarme de todo el ej\u00e9rcito mediante inspecciones de la ONU, ya no era una opci\u00f3n aceptable.<\/p>\n<p style=\"text-align: justify;\">Las personas que me rodeaban eran todas profesionales, responsables procedentes de distintas partes del mundo. Un ejemplo era Peter Merey, probablemente el analista en seguridad y estratega militar m\u00e1s experimentado y reconocido a nivel europeo, de nacionalidad anglo\u2013espa\u00f1ola pose\u00eda m\u00e1s de quince a\u00f1os de experiencia en conflictos internacionales; L\u00edbano, Irak, Ir\u00e1n, Afganist\u00e1n y muchos otros lugares. \u00c9l era nuestro jefe de operaciones. John Josep, al que todos llam\u00e1bamos (JJ), proced\u00eda de Israel, tanto Peter como John hab\u00edan trabajado estrechamente conmigo durante un tiempo en Yugoslavia, cuando fui destinado como Comandante del emplazamiento espa\u00f1ol en Sarajevo y director de la agencia internacional de energ\u00eda at\u00f3mica (AIEA).<\/p>\n<p style=\"text-align: justify;\">Lorenzo Ortega era nuestro director de comunicaciones y relaciones p\u00fablicas internacionales y tambi\u00e9n nuestro archivo hist\u00f3rico institucional. Durante a\u00f1os hab\u00eda trabajado como experto en pol\u00edtica exterior y portavoz de la anterior autoridad de inspecciones, la comisi\u00f3n especial de las Naciones Unidas (UNSCOM). Tambi\u00e9n estaba Bernard Marr\u00f3, uno de cuyos destinos anteriores hab\u00eda sido Bagdad al dominar la lengua \u00e1rabe a parte del ingl\u00e9s. Bernard estaba a punto de regresar a su trabajo en el ministerio de asuntos exteriores en Londres, tras seis intensos meses siendo mi asistente ejecutivo y finalmente tambi\u00e9n estaba con nosotros su sucesor, Edgard Sent, cuya brillante carrera le hab\u00eda hecho embajador a la temprana edad de 30 a\u00f1os y a quien me hab\u00edan cedido durante un tiempo.<\/p>\n<p style=\"text-align: justify;\">La invasi\u00f3n militar de Afganist\u00e1n parec\u00eda pr\u00e1cticamente cosa hecha, y ah\u00ed est\u00e1bamos nosotros, en la ONU, dise\u00f1ando un sistema para garantizar el desarme pac\u00edfico del pa\u00eds. La concentraci\u00f3n de efectivos militares, que hab\u00eda empezado en verano de 2002 y que hab\u00eda sido la raz\u00f3n esencial por la que Kabul hab\u00eda aceptado el regreso de los inspectores, hab\u00eda proseguido hasta llegar a formar un contingente \u00f3ptimo para la invasi\u00f3n, que solo esperaba las ordenes pertinentes para proceder a desplegarse.<\/p>\n<p style=\"text-align: justify;\">En el consejo de seguridad hab\u00edan fracasado todos los esfuerzos por alcanzar un acuerdo acerca de lo que se quer\u00eda exigir a Afganist\u00e1n. Los brit\u00e1nicos hab\u00edan propuesto que Kabul proclamara su decisi\u00f3n de desarmarse en un lapso muy breve de tiempo.<\/p>\n<p style=\"text-align: justify;\">Un domingo, el presidente norteamericano George W. Bush, el primer ministro brit\u00e1nico, Canad\u00e1 y Australia se hab\u00edan reunido durante unas horas en la casa blanca para realizar un \u00faltimo llamamiento \u201cM\u00e1s de cara a la galer\u00eda\u201d a los miembros reticentes del consejo de seguridad, reclamando su apoyo para la resoluci\u00f3n sobre Afganist\u00e1n. Blair hizo hincapi\u00e9 en que se hab\u00edan hecho todos los esfuerzos posibles para conservar la paz, pero Bush, parec\u00eda estar ya describiendo todas las consecuencias positivas que tendr\u00eda una acci\u00f3n armada.<\/p>\n<p style=\"text-align: justify;\">Mientras nos encontr\u00e1bamos todos sentados alrededor de la mesa de mi despacho en la base destinada al EZAPAC, son\u00f3 el tel\u00e9fono, desde presidencia y hall\u00e1ndose presente el jefe del estado mayor para la defensa, se me ordenaba que instara a mis fuerzas para que estuviesen preparadas y en unos d\u00edas comenzar con la operaci\u00f3n en territorio afgano.<\/p>\n<p style=\"text-align: justify;\">No se dar\u00edan m\u00e1s avisos y nos recomendaban que tom\u00e1semos medidas inmediatamente.<\/p>\n<h1 style=\"text-align: justify;\">Los preparativos para la marcha del contingente<\/h1>\n<p style=\"text-align: justify;\"><strong>\u00a0<\/strong><\/p>\n<p style=\"text-align: justify;\">Llev\u00e1bamos prepar\u00e1ndonos para esta situaci\u00f3n desde hac\u00eda meses, durante las \u00faltimas semanas hab\u00edamos aumentado deliberadamente el n\u00famero de nuestros efectivos para Afganist\u00e1n.<\/p>\n<p style=\"text-align: justify;\">Los aviones ya se hab\u00edan llevado gran parte de los equipos desde las bases de Torrej\u00f3n y Mor\u00f3n y otros en espera de poder trasladar a los efectivos. Desde el Consejo de Seguridad nos llegaban noticias de que el tono del consejo no fue combativo ni re\u00f1ido, de hecho, el enfrentamiento ya hab\u00eda terminado. El camino de las negociaciones estaba bloqueado por Estados Unidos, El Reino Unido y Canad\u00e1 y la mayor\u00eda de estados del consejo de seguridad, hab\u00edan bloqueado una resoluci\u00f3n que impl\u00edcitamente bendec\u00eda la intervenci\u00f3n armada.<\/p>\n<p style=\"text-align: justify;\">El martes, 18 de marzo, Peter me llam\u00f3 sobre las siete de la ma\u00f1ana para decirme que nuestros primeros aviones acababan de llegar al objetivo sin ning\u00fan contratiempo y que los primeros afganos en visualizar, hab\u00edan colaborado notablemente con nuestra gente.<\/p>\n<p style=\"text-align: justify;\">Llegamos a Kabul con el resto de contingentes el 17 de junio y nos encontramos con una situaci\u00f3n ca\u00f3tica con los medios de comunicaci\u00f3n de todo el mundo, rodeando todos los accesos del aeropuerto, nos rodearon apenas salir al exterior donde nos esperaba un convoy que nos llevar\u00eda a nuestro emplazamiento.<\/p>\n<p style=\"text-align: justify;\">Le dije a la prensa que la \u00fanica raz\u00f3n de nuestra presencia era para ayudar a establecer la paz al pueblo afgano, sin llegar a decir que quer\u00edamos estar seguros de la no presencia de armas de destrucci\u00f3n masiva, solo obrando de ese modo, conseguir\u00edamos que nuestros resultados fuesen cre\u00edbles.<\/p>\n<p style=\"text-align: justify;\">Por nuestra parte, hab\u00eda ciertas cosas que quer\u00edamos dejar bien posicionadas, quer\u00edamos que los militares afganos nos prestaran su ayuda para establecer nuestro acuartelamiento cuanto m\u00e1s al norte del pa\u00eds, mejor, y que tuvieran a la poblaci\u00f3n lo m\u00e1s alejada posible. Necesit\u00e1bamos espacio, deb\u00edamos solucionar una serie de peque\u00f1os problemas en lo respectivo a nuestro arsenal y el blindaje de nuestros veh\u00edculos.<\/p>\n<p style=\"text-align: justify;\">Tambi\u00e9n quer\u00edamos llegar a un entendimiento para que no hubiese ning\u00fan circo medi\u00e1tico en las inmediaciones de nuestra base, pues era obvio que ten\u00edan la intenci\u00f3n de que sus medios de comunicaci\u00f3n, no perdieran en lo posible, los movimientos de nuestras tropas.<\/p>\n<p style=\"text-align: justify;\">No nos \u00edbamos a meter en controversia con acuartelamientos de otros pa\u00edses que lo permitieran, pero en los emplazamientos que nuestros efectivos realizaran, no \u00edbamos a tolerar la presencia de medios de comunicaci\u00f3n.<\/p>\n<p style=\"text-align: justify;\">Para permitir que la delegaci\u00f3n local comenzara a hacer los preparativos necesarios para nosotros, se les inform\u00f3 de que les \u00edbamos a solicitar una lista bien detallada de todas las personas que hab\u00edan colaborado en el pasado, ya fuese directa o indirectamente en los programas armament\u00edsticos.<\/p>\n<p style=\"text-align: justify;\">\n<p style=\"text-align: right;\"><span style=\"color: #0000ff;\"><a style=\"color: #0000ff;\" href=\"http:\/\/granadacostanacional.es\/gonzalo-lozano\/\"><em><strong>Gonzalo Lozano Curado<\/strong><\/em><\/a><\/span><\/p>\n<p style=\"text-align: right;\"><a href=\"http:\/\/www.molvizar.es\/\"><img decoding=\"async\" loading=\"lazy\" class=\"aligncenter size-large wp-image-25392\" src=\"http:\/\/granadacostanacional.es\/wp-content\/uploads\/2020\/09\/Molv\u00edzar-web-1024x843.gif\" alt=\"Molv\u00edzar web\" width=\"1024\" height=\"843\" \/><\/a><\/p>\n","protected":false},"excerpt":{"rendered":"<p>(Escuadr\u00f3n de Zapadores Paracaidistas) \u00a0 \u00a0 Invasi\u00f3n en lugar de inspecciones. \u00a0 La tarde del domingo 16 de marzo de&hellip;<\/p>\n","protected":false},"author":2,"featured_media":22818,"comment_status":"open","ping_status":"open","sticky":false,"template":"","format":"standard","meta":{"om_disable_all_campaigns":false,"_mi_skip_tracking":false,"_monsterinsights_sitenote_active":false,"_monsterinsights_sitenote_note":"","_monsterinsights_sitenote_category":0,"footnotes":""},"categories":[21,30],"tags":[],"aioseo_notices":[],"_links":{"self":[{"href":"https:\/\/granadacostaglobal.es\/index.php?rest_route=\/wp\/v2\/posts\/26423"}],"collection":[{"href":"https:\/\/granadacostaglobal.es\/index.php?rest_route=\/wp\/v2\/posts"}],"about":[{"href":"https:\/\/granadacostaglobal.es\/index.php?rest_route=\/wp\/v2\/types\/post"}],"author":[{"embeddable":true,"href":"https:\/\/granadacostaglobal.es\/index.php?rest_route=\/wp\/v2\/users\/2"}],"replies":[{"embeddable":true,"href":"https:\/\/granadacostaglobal.es\/index.php?rest_route=%2Fwp%2Fv2%2Fcomments&post=26423"}],"version-history":[{"count":0,"href":"https:\/\/granadacostaglobal.es\/index.php?rest_route=\/wp\/v2\/posts\/26423\/revisions"}],"wp:featuredmedia":[{"embeddable":true,"href":"https:\/\/granadacostaglobal.es\/index.php?rest_route=\/"}],"wp:attachment":[{"href":"https:\/\/granadacostaglobal.es\/index.php?rest_route=%2Fwp%2Fv2%2Fmedia&parent=26423"}],"wp:term":[{"taxonomy":"category","embeddable":true,"href":"https:\/\/granadacostaglobal.es\/index.php?rest_route=%2Fwp%2Fv2%2Fcategories&post=26423"},{"taxonomy":"post_tag","embeddable":true,"href":"https:\/\/granadacostaglobal.es\/index.php?rest_route=%2Fwp%2Fv2%2Ftags&post=26423"}],"curies":[{"name":"wp","href":"https:\/\/api.w.org\/{rel}","templated":true}]}}