{"id":26392,"date":"2020-12-11T09:41:46","date_gmt":"2020-12-11T09:41:46","guid":{"rendered":"http:\/\/granadacostanacional.es\/?p=26392"},"modified":"2020-12-11T09:41:46","modified_gmt":"2020-12-11T09:41:46","slug":"ciudadanos-pregunta-al-gobierno-por-que-no-informo-ni-a-la-junta-ni-al-ayuntamiento-de-granada-sobre-el-traslado-de-los-200-migrantes-desde-canarias","status":"publish","type":"post","link":"https:\/\/granadacostaglobal.es\/?p=26392","title":{"rendered":"Ciudadanos pregunta al Gobierno por qu\u00e9 no inform\u00f3 ni a la Junta ni al Ayuntamiento de Granada sobre el traslado de los 200 migrantes desde Canarias"},"content":{"rendered":"<p style=\"text-align: justify;\"><strong>Granada, 11 de diciembre de 2020<\/strong>. El diputado andaluz de Ciudadanos (Cs) en el Congreso de los Diputados y portavoz de la Comisi\u00f3n de Interior en la C\u00e1mara Baja, Pau Cambronero, ha registrado en dicha instituci\u00f3n una bater\u00eda de preguntas, a las que solicita respuesta por escrito, relativas a la gesti\u00f3n del Gobierno central sobre la llegada este martes de m\u00e1s de doscientos inmigrantes al aeropuerto de Granada procedentes de Canarias.<\/p>\n<p style=\"text-align: justify;\">Entre las preguntas que realizan al Gobierno central tanto Cambronero como la portavoz nacional de la formaci\u00f3n naranja, In\u00e9s Arrimadas, se encuentra la<strong> raz\u00f3n por la cual el Ministerio de Interior no inform\u00f3 a las autoridades locales granadinas, ni a la Junta de Andaluc\u00eda<\/strong> de que iba a producirse el traslado de m\u00e1s de doscientos inmigrantes procedentes de Canarias a dicha ciudad. \u201cQueremos saber si al Gobierno le parece normal y adecuado que las autoridades locales granadinas hayan conocido esta situaci\u00f3n mediante un v\u00eddeo dom\u00e9stico grabado por un particular en el aeropuerto granadino\u201d, ha inquirido el diputado de Cs.<\/p>\n<p style=\"text-align: justify;\">Igualmente, el diputado andaluz ha se\u00f1alado que \u201clos granadinos merecen saber el motivo por el que este vuelo se realizase de madrugada\u201d y sobre todo si una vez aterrizados en Granada, \u201cel Gobierno puede explicarnos <strong>a d\u00f3nde se dirigi\u00f3 este grupo de personas, si se les facilit\u00f3 un lugar en el que pernoctar<\/strong> y qu\u00e9 medidas higi\u00e9nico-sanitarias y de prevenci\u00f3n de contagio se hab\u00edan adoptado antes de su aterrizaje en la ciudad andaluza\u201d.<\/p>\n<p style=\"text-align: justify;\">En este sentido, Cambronero ha lamentado que este episodio conforme \u201csolo un <strong>ejemplo m\u00e1s de la absoluta oscuridad\u201d con la que act\u00faa el Gobierno<\/strong> con relaci\u00f3n a las medidas que el propio ministro del Interior, Fernando Grande-Marlaska, adopta para controlar y manejar el nivel de inmigraci\u00f3n que se est\u00e1 produciendo en nuestro pa\u00eds. \u201cEl ministro del Interior manifest\u00f3 en entrevista radiof\u00f3nica hace apenas unos d\u00edas que las derivaciones a la pen\u00ednsula solo se producir\u00edan en situaciones extraordinarias, excepcionales y de urgencia con colectivos dif\u00edcilmente retornables dada su vulnerabilidad, sin llegar a ser ni claro ni expl\u00edcito sobre si los desplazamientos se estaban ya produciendo o no\u201d, ha explicado el diputado de la formaci\u00f3n naranja. \u201cPor todo ello, no solo hemos registrado una <strong>petici\u00f3n de comparecencia<\/strong> para para que explique las circunstancias en las que se ha producido este traslado sino que tambi\u00e9n queremos conocer <strong>si tiene previsto dimitir por su demostrada incapacidad para gestionar esta crisis\u201d<\/strong>, ha concluido.<\/p>\n<p style=\"text-align: justify;\"><a href=\"http:\/\/granadacostanacional.es\/la-tahiba\/\"><img decoding=\"async\" loading=\"lazy\" class=\"aligncenter wp-image-25412 size-large\" src=\"http:\/\/granadacostanacional.es\/wp-content\/uploads\/2020\/09\/Merendero-1024x918.gif\" alt=\"Merendero\" width=\"1024\" height=\"918\" \/><\/a><\/p>\n","protected":false},"excerpt":{"rendered":"<p>Granada, 11 de diciembre de 2020. El diputado andaluz de Ciudadanos (Cs) en el Congreso de los Diputados y portavoz&hellip;<\/p>\n","protected":false},"author":2,"featured_media":26393,"comment_status":"open","ping_status":"open","sticky":false,"template":"","format":"standard","meta":{"om_disable_all_campaigns":false,"_mi_skip_tracking":false,"_monsterinsights_sitenote_active":false,"_monsterinsights_sitenote_note":"","_monsterinsights_sitenote_category":0,"footnotes":""},"categories":[22],"tags":[],"aioseo_notices":[],"_links":{"self":[{"href":"https:\/\/granadacostaglobal.es\/index.php?rest_route=\/wp\/v2\/posts\/26392"}],"collection":[{"href":"https:\/\/granadacostaglobal.es\/index.php?rest_route=\/wp\/v2\/posts"}],"about":[{"href":"https:\/\/granadacostaglobal.es\/index.php?rest_route=\/wp\/v2\/types\/post"}],"author":[{"embeddable":true,"href":"https:\/\/granadacostaglobal.es\/index.php?rest_route=\/wp\/v2\/users\/2"}],"replies":[{"embeddable":true,"href":"https:\/\/granadacostaglobal.es\/index.php?rest_route=%2Fwp%2Fv2%2Fcomments&post=26392"}],"version-history":[{"count":0,"href":"https:\/\/granadacostaglobal.es\/index.php?rest_route=\/wp\/v2\/posts\/26392\/revisions"}],"wp:featuredmedia":[{"embeddable":true,"href":"https:\/\/granadacostaglobal.es\/index.php?rest_route=\/"}],"wp:attachment":[{"href":"https:\/\/granadacostaglobal.es\/index.php?rest_route=%2Fwp%2Fv2%2Fmedia&parent=26392"}],"wp:term":[{"taxonomy":"category","embeddable":true,"href":"https:\/\/granadacostaglobal.es\/index.php?rest_route=%2Fwp%2Fv2%2Fcategories&post=26392"},{"taxonomy":"post_tag","embeddable":true,"href":"https:\/\/granadacostaglobal.es\/index.php?rest_route=%2Fwp%2Fv2%2Ftags&post=26392"}],"curies":[{"name":"wp","href":"https:\/\/api.w.org\/{rel}","templated":true}]}}