{"id":26380,"date":"2020-12-10T10:43:19","date_gmt":"2020-12-10T10:43:19","guid":{"rendered":"http:\/\/granadacostanacional.es\/?p=26380"},"modified":"2020-12-10T10:43:19","modified_gmt":"2020-12-10T10:43:19","slug":"ciudadanos-propondra-en-decenas-de-ayuntamientos-de-la-provincia-actualizar-el-precio-hora-de-la-ayuda-a-domicilio-congelado-desde-hace-10-anos","status":"publish","type":"post","link":"https:\/\/granadacostaglobal.es\/?p=26380","title":{"rendered":"Ciudadanos propondr\u00e1 en decenas de Ayuntamientos de la provincia actualizar el precio hora de la ayuda a domicilio, congelado desde hace 10 a\u00f1os"},"content":{"rendered":"<ul>\n<li style=\"text-align: justify;\">\n<h2 style=\"text-align: justify;\">Alrededor de una quincena de Ayuntamientos donde la formaci\u00f3n naranja tiene representaci\u00f3n municipal registrar\u00e1n en los pr\u00f3ximos d\u00edas una moci\u00f3n o enmiendas orientadas a que se pueda optar a un aumento en el precio hora en la ayuda a domicilio, \u201cuna cifra <strong>que ha estado congelada desde 1997 por los gobiernos socialistas de la Junta\u201d<\/strong><\/h2>\n<\/li>\n<\/ul>\n<p style=\"text-align: justify;\">\n<p style=\"text-align: justify;\"><strong>Granada, jueves 10 de diciembre.<\/strong> Alrededor de una quincena de grupos municipales donde Ciudadanos (Cs) tiene representaci\u00f3n presentar\u00e1n en los pr\u00f3ximos d\u00edas una <strong>moci\u00f3n o enmiendas orientadas a que se pueda optar a un aumento en el precio hora<\/strong> de los profesionales de la ayuda a domicilio con el super\u00e1vit del 20\/21.<\/p>\n<p style=\"text-align: justify;\">Entre los municipios que ya han registrado dicha moci\u00f3n o van a hacerlo a lo largo de los pr\u00f3ximos d\u00edas se encuentran <strong>Baza<\/strong>, <strong>Valderrubio, Cijuela, Vegas del Genil, \u00d3rgiva, Gor, Jun, \u00cdllora, Salobre\u00f1a, C\u00e1jar, Chauchina, Las Gabias, Cogollos de Guadix o D\u00farcal,<\/strong> aunque prev\u00e9n incorporarse m\u00e1s localidades en las pr\u00f3ximas semanas.<\/p>\n<p style=\"text-align: justify;\">\u201cEn <strong>nuestra provincia este colectivo lo conforman m\u00e1s de 8.000 personas<\/strong>, en su mayor\u00eda mujeres. Y realizan un trabajo invisible, pero fundamental para que los dependientes granadinos vivan en unas condiciones dignas. Sin embargo, han sido <strong>los grandes olvidados durante muchos a\u00f1os por el partido socialista en Andaluc\u00eda<\/strong>\u201d, ha manifestado el portavoz del grupo municipal de Cs en Baza, Fernando Serrano.<\/p>\n<p style=\"text-align: justify;\">Adem\u00e1s, el portavoz de la formaci\u00f3n naranja ha subrayado que \u201ces incomprensible que un partido que se considere socialista y que abandera el cuidado de los trabajadores andaluces, durante a\u00f1os haya mantenido a este colectivo y a estos trabajadores en un absoluto abandono\u201d. \u201cEsta ayuda es <strong>compatible con los 61 millones que la Consejer\u00eda de Igualdad, que dirige Cs en el Gobierno andaluz<\/strong>, ha anunciado que va a incluir en los presupuestos de 2021 para descongelar por fin ese precio hora\u201d, ha a\u00f1adido.<\/p>\n<p style=\"text-align: justify;\">\u201cEn la situaci\u00f3n de emergencia que atravesamos a nivel econ\u00f3mico, sanitario y social, ninguna persona dependiente va a ser desatendida, gracias al esfuerzo de estos profesionales. La iniciativa la vamos a hacer extensiva a todos los rincones de Andaluc\u00eda, es una obligaci\u00f3n moral\u201d, ha concluido Serrano.<\/p>\n<p style=\"text-align: justify;\"><a href=\"http:\/\/granadacostanacional.es\/meson-baena\/\"><img decoding=\"async\" loading=\"lazy\" class=\"aligncenter size-full wp-image-25874\" src=\"http:\/\/granadacostanacional.es\/wp-content\/uploads\/2020\/10\/baena.gif\" alt=\"baena\" width=\"696\" height=\"567\" \/><\/a><\/p>\n","protected":false},"excerpt":{"rendered":"<p>Alrededor de una quincena de Ayuntamientos donde la formaci\u00f3n naranja tiene representaci\u00f3n municipal registrar\u00e1n en los pr\u00f3ximos d\u00edas una moci\u00f3n&hellip;<\/p>\n","protected":false},"author":2,"featured_media":26381,"comment_status":"open","ping_status":"open","sticky":false,"template":"","format":"standard","meta":{"om_disable_all_campaigns":false,"_mi_skip_tracking":false,"_monsterinsights_sitenote_active":false,"_monsterinsights_sitenote_note":"","_monsterinsights_sitenote_category":0,"footnotes":""},"categories":[22],"tags":[],"aioseo_notices":[],"_links":{"self":[{"href":"https:\/\/granadacostaglobal.es\/index.php?rest_route=\/wp\/v2\/posts\/26380"}],"collection":[{"href":"https:\/\/granadacostaglobal.es\/index.php?rest_route=\/wp\/v2\/posts"}],"about":[{"href":"https:\/\/granadacostaglobal.es\/index.php?rest_route=\/wp\/v2\/types\/post"}],"author":[{"embeddable":true,"href":"https:\/\/granadacostaglobal.es\/index.php?rest_route=\/wp\/v2\/users\/2"}],"replies":[{"embeddable":true,"href":"https:\/\/granadacostaglobal.es\/index.php?rest_route=%2Fwp%2Fv2%2Fcomments&post=26380"}],"version-history":[{"count":0,"href":"https:\/\/granadacostaglobal.es\/index.php?rest_route=\/wp\/v2\/posts\/26380\/revisions"}],"wp:featuredmedia":[{"embeddable":true,"href":"https:\/\/granadacostaglobal.es\/index.php?rest_route=\/"}],"wp:attachment":[{"href":"https:\/\/granadacostaglobal.es\/index.php?rest_route=%2Fwp%2Fv2%2Fmedia&parent=26380"}],"wp:term":[{"taxonomy":"category","embeddable":true,"href":"https:\/\/granadacostaglobal.es\/index.php?rest_route=%2Fwp%2Fv2%2Fcategories&post=26380"},{"taxonomy":"post_tag","embeddable":true,"href":"https:\/\/granadacostaglobal.es\/index.php?rest_route=%2Fwp%2Fv2%2Ftags&post=26380"}],"curies":[{"name":"wp","href":"https:\/\/api.w.org\/{rel}","templated":true}]}}