{"id":26341,"date":"2020-12-07T14:56:44","date_gmt":"2020-12-07T14:56:44","guid":{"rendered":"http:\/\/granadacostanacional.es\/?p=26341"},"modified":"2020-12-07T14:56:44","modified_gmt":"2020-12-07T14:56:44","slug":"ciudadanos-celebra-la-capacidad-de-adaptacion-y-el-impulso-digital-de-la-junta-para-los-centros-educativos-granadinos","status":"publish","type":"post","link":"https:\/\/granadacostaglobal.es\/?p=26341","title":{"rendered":"Ciudadanos celebra la capacidad de adaptaci\u00f3n y el impulso digital de la Junta para los centros educativos granadinos"},"content":{"rendered":"<ul>\n<li style=\"text-align: justify;\">\n<h2>La diputada de Ciudadanos (Cs) en el Parlamento andaluz por Granada, Mar S\u00e1nchez, destaca la \u201cfirme apuesta\u201d de la Junta de Andaluc\u00eda por una estrategia de transformaci\u00f3n digital educativa gracias a la adquisici\u00f3n de <strong>nuevas licencias telem\u00e1ticas para alrededor de 12.000 estudiantes granadinos <\/strong>y alianzas inform\u00e1ticas \u201ca lo grande\u201d con empresas l\u00edderes como Google o Microsoft<\/h2>\n<\/li>\n<\/ul>\n<p style=\"text-align: justify;\"><strong>\u00a0<\/strong><\/p>\n<p style=\"text-align: justify;\"><strong>Granada, 7 de diciembre de 2020. <\/strong>\u201cLa Consejer\u00eda de Educaci\u00f3n en la Junta de Andaluc\u00eda no solo ha sabido adaptar los centros educativos granadinos a las complicadas circunstancias actuales sino que adem\u00e1s ha impulsado de manera decidida la transformaci\u00f3n digital en los centros escolares de Andaluc\u00eda y de Granada\u201d, ha asegurado la diputada de Ciudadanos (Cs) en el Parlamento andaluz por la provincia granadina, Mar S\u00e1nchez.<\/p>\n<p style=\"text-align: justify;\">S\u00e1nchez, que tambi\u00e9n es portavoz de Educaci\u00f3n en la C\u00e1mara andaluza, ha estimado en <strong>alrededor de 12.000 alumnos y profesores de la provincia los beneficiados de las nuevas licencias<\/strong> que acaba de adquirir la Consejer\u00eda naranja de Educaci\u00f3n para atender telem\u00e1ticamente en el contexto de la crisis sanitaria para los centros que as\u00ed lo soliciten, una <strong>inversi\u00f3n de m\u00e1s de 78.000 euros para los m\u00e1s de 100.000 alumnos y docentes que se beneficiar\u00e1n a nivel andaluz.<\/strong><\/p>\n<p style=\"text-align: justify;\">\u201cLa Consejer\u00eda de Educaci\u00f3n refuerza as\u00ed la transmisi\u00f3n de v\u00eddeo y voz en vivo, la utilizaci\u00f3n de pizarras virtuales, la compartici\u00f3n de ampliaciones y otras caracter\u00edsticas de colaboraci\u00f3n y formaci\u00f3n\u201d, ha explicado S\u00e1nchez, para asegurar que \u201cde esta manera <strong>con Cs en el Gobierno andaluz se garantiza la ense\u00f1anza online<\/strong> para aquellos centros docentes que hayan optado por esta modalidad en el marco de su autonom\u00eda pedag\u00f3gica\u201d.<\/p>\n<p style=\"text-align: justify;\">En esta misma l\u00ednea, la diputada de Cs ha celebrado que <strong>el Gobierno andaluz \u201csiempre piense a lo grande cuando se trata de la educaci\u00f3n de los escolares andaluces y granadinos,\u201d<\/strong> ha dicho S\u00e1nchez, poniendo como ejemplo que el consejero naranja responsable del ramo, Javier Imbroda, haya firmado recientemente convenios tanto con Google como con Microsoft para disponer de un buffet de servicios y herramientas inform\u00e1ticas que permitir\u00e1n a los centros educativos p\u00fablicos andaluces acceder a los servicios educativos en la nube de estas dos compa\u00f1\u00edas de forma gratuita.<\/p>\n<p style=\"text-align: justify;\">S\u00e1nchez ha concluido afirmando que la <strong>Estrategia Digital de Educaci\u00f3n que la Consejer\u00eda<\/strong> ha puesto en marcha este curso en todos los centros docentes \u201csigue dando pasos de gigante para liderar los procesos de transformaci\u00f3n digital educativa a nivel nacional y europeo\u201d.<\/p>\n<p style=\"text-align: justify;\"><a href=\"https:\/\/www.frutaselporton.es\/apps\/wa1\/Pizarra.html\"><img decoding=\"async\" loading=\"lazy\" class=\"aligncenter size-full wp-image-25341\" src=\"http:\/\/granadacostanacional.es\/wp-content\/uploads\/2020\/09\/El-port\u00f3n.gif\" alt=\"El port\u00f3n\" width=\"787\" height=\"394\" \/><\/a><\/p>\n","protected":false},"excerpt":{"rendered":"<p>La diputada de Ciudadanos (Cs) en el Parlamento andaluz por Granada, Mar S\u00e1nchez, destaca la \u201cfirme apuesta\u201d de la Junta&hellip;<\/p>\n","protected":false},"author":2,"featured_media":26342,"comment_status":"open","ping_status":"open","sticky":false,"template":"","format":"standard","meta":{"om_disable_all_campaigns":false,"_mi_skip_tracking":false,"_monsterinsights_sitenote_active":false,"_monsterinsights_sitenote_note":"","_monsterinsights_sitenote_category":0,"footnotes":""},"categories":[22],"tags":[],"aioseo_notices":[],"_links":{"self":[{"href":"https:\/\/granadacostaglobal.es\/index.php?rest_route=\/wp\/v2\/posts\/26341"}],"collection":[{"href":"https:\/\/granadacostaglobal.es\/index.php?rest_route=\/wp\/v2\/posts"}],"about":[{"href":"https:\/\/granadacostaglobal.es\/index.php?rest_route=\/wp\/v2\/types\/post"}],"author":[{"embeddable":true,"href":"https:\/\/granadacostaglobal.es\/index.php?rest_route=\/wp\/v2\/users\/2"}],"replies":[{"embeddable":true,"href":"https:\/\/granadacostaglobal.es\/index.php?rest_route=%2Fwp%2Fv2%2Fcomments&post=26341"}],"version-history":[{"count":0,"href":"https:\/\/granadacostaglobal.es\/index.php?rest_route=\/wp\/v2\/posts\/26341\/revisions"}],"wp:featuredmedia":[{"embeddable":true,"href":"https:\/\/granadacostaglobal.es\/index.php?rest_route=\/"}],"wp:attachment":[{"href":"https:\/\/granadacostaglobal.es\/index.php?rest_route=%2Fwp%2Fv2%2Fmedia&parent=26341"}],"wp:term":[{"taxonomy":"category","embeddable":true,"href":"https:\/\/granadacostaglobal.es\/index.php?rest_route=%2Fwp%2Fv2%2Fcategories&post=26341"},{"taxonomy":"post_tag","embeddable":true,"href":"https:\/\/granadacostaglobal.es\/index.php?rest_route=%2Fwp%2Fv2%2Ftags&post=26341"}],"curies":[{"name":"wp","href":"https:\/\/api.w.org\/{rel}","templated":true}]}}