{"id":26317,"date":"2020-12-05T10:22:02","date_gmt":"2020-12-05T10:22:02","guid":{"rendered":"http:\/\/granadacostanacional.es\/?p=26317"},"modified":"2020-12-05T10:22:02","modified_gmt":"2020-12-05T10:22:02","slug":"espana-empobrecida","status":"publish","type":"post","link":"https:\/\/granadacostaglobal.es\/?p=26317","title":{"rendered":"ESPA\u00d1A   EMPOBRECIDA"},"content":{"rendered":"<p style=\"text-align: justify;\">No hace muchos a\u00f1os sol\u00edas encontrarte por la calle a\u00a0 alg\u00fan pobre de cualquier edad y sexo, a veces, pobremente vestido, y otras, desharrapados, y tambi\u00e9n alg\u00fan que otro pilluelo que con voz compungida y triste, hecha ya h\u00e1bito,\u00a0 te ped\u00eda una limosna diciendo: \u201c\u00a1una limosna que Dios te lo pagar\u00e1! \u00a1una limosna por\u00a0 amor a Dios!\u201d, al tiempo que te alargaba la mano. Hoy te encuentras cientos de pobres y miserables que te asaltan por las calles, en las puertas de las iglesias, en los supermercados\u2026 en todas partes.\u00a0 Y estos pobres de ahora que han hecho de su pobreza o de su vaganza o de su cara dura un oficio, no te piden\u00a0 \u00a1por amor a Dios ni te dicen que Dios te lo pagar\u00e1: \u00a1tienen derechos! Antes se dec\u00eda de estos que eran \u201cpobres de solemnidad, es decir, que no ten\u00edan nada o que\u00a0 ten\u00edan muy poco. Hoy tenemos a estos y a otros muchos que se les suele llamar \u201cpobres vergonzantes\u201d que entran en la sociedad como personas con bienes pero que por una u otra causa no\u00a0 pueden hacer frente a una vida normal. Se les ve en la fila de los comedores de C\u00e1ritas o de los comedores parroquiales y en alguna que otra asociaci\u00f3n caritativa. Hay otros muchos pobres\u00a0 vergonzantes que el hambre y la necesidad le hacen perder algo de verg\u00fcenza y se ponen en cualquier calle, plaza o iglesia con un cestillo y un r\u00fastico cartel: \u201ctengo 2, 3 \u00f3 4 hijos y estoy en el paro\u201d. (Es normal, pues ya pasamos de los 4 millones de parados) Pero como todav\u00eda les queda algo de verg\u00fcenza pues llevan sombrero, gorra o un velo si es mujer que en parte les cubre la cara, y cuando les echas una moneda se les oye decir sin levantar la cabeza un t\u00edmido \u201cgracias o Dios se lo pague\u201d. Por el contrario, los que ya han hecho de la mendicidad \u201csu oficio\u201d, mientras miran lo que les has dado, que siempre les parece poco, no te dan las gracias y a veces te sueltan\u00a0 un gesto de desprecio o de mala uva.<\/p>\n<p style=\"text-align: justify;\">\u00a0\u00a0\u00a0\u00a0\u00a0\u00a0\u00a0\u00a0 Esto de la pobreza en Espa\u00f1a\u00a0 es una triste y penosa realidad, y ante esta situaci\u00f3n nos preguntamos: <strong>\u00bfEs Espa\u00f1a un<\/strong> <strong>pa\u00eds pobre?\u00a0\u00a0 En absoluto<\/strong>, Espa\u00f1a es extensa, bien situada geogr\u00e1ficamente, tiene un clima privilegiado y diverso, y una tierra pr\u00f3diga para toda clase de agricultura y ganader\u00eda, rodeada de mar, con abundante pesca y con playas de ensue\u00f1o, prestigiosas universidades, buenos empresarios y gente con ingenio y emprendedora, prestigiosas universidades un buen repertorio de cient\u00edficos, buenos profesionales\u2026 Entonces \u00bfQu\u00e9 es lo que nos falta?\u00a0 Sencillamente <strong>buenos pol\u00edticos<\/strong> que son los que todo lo dirigen, gobiernan o desgobiernan, construyen o destruyen; y a la vista de los hechos s\u00f3lo parece que destruyen, por su incompetencia de la mayor\u00eda de ellos.<\/p>\n<p style=\"text-align: justify;\">\u00a0\u00a0\u00a0 En el \u201cCrep\u00fasculo de las ideolog\u00edas\u201d Fern\u00e1ndez de la Mora\u00a0 dice:\u201dDesde hace m\u00e1s de un siglo, las oposiciones a pol\u00edtico generalmente consist\u00edan en jurar lealtad a unas vagas consignas y a un partido que las encarnaba. Luego empezaba una carrera que empezaba en mu\u00f1idor electoral y pasando por alcalde, diputado, gobernador, director general y subsecretario, desembocaba en ministro. No era preciso saber finanzas para\u00a0 desempe\u00f1ar la cartera de Hacienda, o Pedagog\u00eda para la de Educaci\u00f3n, o Econom\u00eda para la de Comercio. La pol\u00edtica era una profesi\u00f3n instintiva, emp\u00edrica y de generalidades\u00a0 para lo que era\u00a0 superfluo dominar una disciplina concreta\u201d.<\/p>\n<p style=\"text-align: justify;\">Si reflexionamos con claridad e imparcialidad sobre el Gobierno que tenemos, nos daremos cuenta de que seguimos igual y a\u00fan peor, en un\u00a0 Gobierno que machaconamente se pronuncia como <strong>\u201cprogresista<\/strong>\u201d, naturalmente para ellos que ganan buenos sueldos, as\u00ed como los miles de asesores. La capacidad de algunos est\u00e1 a nivel del suelo, y as\u00ed nos va en la econom\u00eda, en el paro, en el tratamiento de la pandemia, con el endeudamiento de Espa\u00f1a; y lo \u00faltimo el tinglado que se ha formado con la Ley de Educaci\u00f3n y con la bajada de impuestos de la Comunidad de Madrid. Hay que subir impuestos pues hay que pagarle\u00a0 a esa enorme cantidad de cargos p\u00fablicos y a la caterva de personas que se designan con el nombre de \u201casesores\u201d. Esto demuestra la ineptitud de muchos cargos pol\u00edticos.<\/p>\n<p style=\"text-align: justify;\">\u00a0\u00a0\u00a0\u00a0\u00a0\u00a0\u00a0\u00a0 Si a la incompetencia pol\u00edtica a\u00f1adimos la inmoralidad existente en la sociedad actual pues podemos deducir hacia d\u00f3nde nos encaminamos. La Historia demuestra que siempre que hay crisis moral, de valores, lo inmediato es desembocar en una crisis econ\u00f3mica y todos los dem\u00e1s desastres. Y en esto estamos.<\/p>\n<p style=\"text-align: justify;\">\u00a0\u00a0\u00a0 Cabe hacernos esta pregunta \u00bfTiene remedio nuestra Espa\u00f1a? S\u00ed,\u00a0 sin duda, Espa\u00f1a es un gran pueblo, como en otros tiempos lo fue, pero con estas normas:<\/p>\n<p style=\"text-align: justify;\">\u00a0\u00a0\u00a0\u00a0\u00a0\u00a0\u00a0\u00a0 1\u00ba.- Cuando se ponga en vigor una ley que proh\u00edba ocupar cargos p\u00fablicos a incapacitados intelectualmente y personas de dudosa moralidad, o con antecedentes de terrorismo, separatismo y antipatriotas.<\/p>\n<p style=\"text-align: justify;\">\u00a0\u00a0\u00a0\u00a0\u00a0\u00a0\u00a0\u00a0 2\u00ba.- Cuando se cumpla la palabra dada y las promesas hechas en la campa\u00f1a electoral.<\/p>\n<p style=\"text-align: justify;\">\u00a0\u00a0\u00a0\u00a0\u00a0\u00a0\u00a0\u00a0 3\u00ba.- Cuando las Universidades sean libres y los catedr\u00e1ticos tambi\u00e9n libres, aptos e imparciales para que la ense\u00f1anza sea tambi\u00e9n libre.<\/p>\n<p style=\"text-align: justify;\">\u00a0\u00a0\u00a0\u00a0\u00a0\u00a0\u00a0\u00a0 4\u00ba.- Cuando no se pueda ejercer una profesi\u00f3n si no tiene la preparaci\u00f3n suficiente.<\/p>\n<p style=\"text-align: justify;\">\u00a0\u00a0\u00a0\u00a0\u00a0\u00a0\u00a0\u00a0 5\u00ba.- Cuando todos los espa\u00f1oles produzcan con su esfuerzo al menos la mitad de lo que se comen.<\/p>\n<p style=\"text-align: justify;\">\u00a0\u00a0\u00a0\u00a0\u00a0\u00a0\u00a0\u00a0 6\u00ba.- Cuando en vez de admirar y sonre\u00edr al p\u00edcaro, al sinverg\u00fcenza, lo reprobemos.<\/p>\n<p style=\"text-align: justify;\">\u00a0 \u00a0 \u00a0 \u00a0 \u00a07\u00ba.- \u201cCuando el sentimiento de justicia sea un valor moral y nacional\u201d, los ladrones devuelvan lo robado y vayan a la c\u00e1rcel, y cuando los traidores a la Patria reciban el castigo seg\u00fan el da\u00f1o ocasionado, as\u00ed como los que incumplan la Constituci\u00f3n y las leyes<\/p>\n<p style=\"text-align: justify;\"><strong>\u00a0 \u00a0 \u00a0 \u00a0Y\u00a0\u00a0 como ordenaba el Fuero Juzgo: \u201cque se castigue a los jueces que falten a la Justicia, ya sea por ignorancia, por miedo o por soborno\u201d.<\/strong><\/p>\n<p style=\"text-align: justify;\">\n<p style=\"text-align: justify;\">\n<p style=\"text-align: justify;\">\n","protected":false},"excerpt":{"rendered":"<p>No hace muchos a\u00f1os sol\u00edas encontrarte por la calle a\u00a0 alg\u00fan pobre de cualquier edad y sexo, a veces, pobremente&hellip;<\/p>\n","protected":false},"author":2,"featured_media":16054,"comment_status":"open","ping_status":"open","sticky":false,"template":"","format":"standard","meta":{"om_disable_all_campaigns":false,"_mi_skip_tracking":false,"_monsterinsights_sitenote_active":false,"_monsterinsights_sitenote_note":"","_monsterinsights_sitenote_category":0,"footnotes":""},"categories":[21,30],"tags":[],"aioseo_notices":[],"_links":{"self":[{"href":"https:\/\/granadacostaglobal.es\/index.php?rest_route=\/wp\/v2\/posts\/26317"}],"collection":[{"href":"https:\/\/granadacostaglobal.es\/index.php?rest_route=\/wp\/v2\/posts"}],"about":[{"href":"https:\/\/granadacostaglobal.es\/index.php?rest_route=\/wp\/v2\/types\/post"}],"author":[{"embeddable":true,"href":"https:\/\/granadacostaglobal.es\/index.php?rest_route=\/wp\/v2\/users\/2"}],"replies":[{"embeddable":true,"href":"https:\/\/granadacostaglobal.es\/index.php?rest_route=%2Fwp%2Fv2%2Fcomments&post=26317"}],"version-history":[{"count":0,"href":"https:\/\/granadacostaglobal.es\/index.php?rest_route=\/wp\/v2\/posts\/26317\/revisions"}],"wp:featuredmedia":[{"embeddable":true,"href":"https:\/\/granadacostaglobal.es\/index.php?rest_route=\/"}],"wp:attachment":[{"href":"https:\/\/granadacostaglobal.es\/index.php?rest_route=%2Fwp%2Fv2%2Fmedia&parent=26317"}],"wp:term":[{"taxonomy":"category","embeddable":true,"href":"https:\/\/granadacostaglobal.es\/index.php?rest_route=%2Fwp%2Fv2%2Fcategories&post=26317"},{"taxonomy":"post_tag","embeddable":true,"href":"https:\/\/granadacostaglobal.es\/index.php?rest_route=%2Fwp%2Fv2%2Ftags&post=26317"}],"curies":[{"name":"wp","href":"https:\/\/api.w.org\/{rel}","templated":true}]}}