{"id":26280,"date":"2020-12-02T09:38:33","date_gmt":"2020-12-02T09:38:33","guid":{"rendered":"http:\/\/granadacostanacional.es\/?p=26280"},"modified":"2020-12-02T09:38:33","modified_gmt":"2020-12-02T09:38:33","slug":"ciudadanos-busca-que-la-diputacion-se-pronuncie-unanimemente-sobre-la-declaracion-de-la-provincia-como-zona-catastrofica","status":"publish","type":"post","link":"https:\/\/granadacostaglobal.es\/?p=26280","title":{"rendered":"Ciudadanos busca que la Diputaci\u00f3n se pronuncie un\u00e1nimemente sobre la declaraci\u00f3n de la provincia como \u2018zona catastr\u00f3fica\u2019"},"content":{"rendered":"<ul>\n<li style=\"text-align: justify;\">\n<h2>El portavoz de Ciudadanos (Cs) en la Diputaci\u00f3n de Granada, Francisco Jos\u00e9 Rodr\u00edguez, busca \u201cla <strong>misma altura de miras y el mismo consenso\u201d<\/strong> que el que demostraron todas las formaciones pol\u00edticas en la declaraci\u00f3n institucional aprobada la semana pasada en el Ayuntamiento de Granada<\/h2>\n<\/li>\n<\/ul>\n<p style=\"text-align: justify;\">\n<p style=\"text-align: justify;\"><strong>Granada, 1 de diciembre de 2020.<\/strong> El portavoz de Ciudadanos (Cs) en la Diputaci\u00f3n de Granada, Francisco Jos\u00e9 Rodr\u00edguez, ha registrado esta ma\u00f1ana en la instituci\u00f3n provincial una mocion destinada a <strong>solicitar a la Junta de Andaluc\u00eda y al Gobierno central \u201ccuantas medidas espec\u00edficas y exclusivas sean necesarias<\/strong> hasta recuperarse de los efectos econ\u00f3micos producidos por la paralizaci\u00f3n de la actividad no esencial desde el 10 de noviembre\u201d.<\/p>\n<p style=\"text-align: justify;\">\u201cAl igual que el grupo de Cs en el Ayuntamiento impuls\u00f3 con \u00e9xito la semana pasada en el Ayuntamiento de Granada una declaraci\u00f3n institucional para la designaci\u00f3n de la capital como \u2018zona catastr\u00f3fica\u2019, hoy queremos que la instituci\u00f3n que representa a toda la provincia se pronuncie igualmente para unas <strong>restricciones que han afectado por igual a los 174 municipios de nuestra provincia<\/strong>\u201d, ha se\u00f1alado Rodr\u00edguez.<\/p>\n<p style=\"text-align: justify;\">El diputado provincial de la formaci\u00f3n Cs ha asegurado que \u201ces fundamental que todos vayamos en la misma direcci\u00f3n y seamos capaces de <strong>dejar de un lado los intereses partidistas para primar el inter\u00e9s general <\/strong>de todos los granadinos y granadinas que se han visto afectados por una situaci\u00f3n que est\u00e1 siendo especialmente dolorosa para sectores econ\u00f3micos como el comercial o el hostelero\u201d. \u201c<strong>La Junta de Andaluc\u00eda ya se ha comprometido a un Plan Especial para la provincia de Granada<\/strong>, ahora esperamos que lo haga igualmente el Gobierno central\u201d, ha a\u00f1adido.<\/p>\n<p style=\"text-align: justify;\">El portavoz de la formaci\u00f3n naranja ha recordado que la declaraci\u00f3n de \u2018zona gravemente afectada por una emergencia\u2019 o \u2018zona catastr\u00f3fica es un instrumento de la pol\u00edtica de Seguridad P\u00fablica que garantiza una respuesta adecuada ante situaciones naturales o derivadas de la acci\u00f3n humana, sea esta accidental o intencionada. \u201cLamentablemente, en nuestra tierra se cumplen todos los requisitos, adaptados a esta pandemia natural que nos ha tocado sufrir, por lo que creemos fundamental activar cuanto antes ese mecanismo\u201d, ha se\u00f1alado. \u201cDesde Cs seguiremos trabajando para alcanzar cuantos acuerdos sean posibles en aras de impulsar <strong>medidas de recuperaci\u00f3n favorables para las familias, los aut\u00f3nomos y las pymes,<\/strong> que contribuyan a paliar los efectos de la crisis por el per\u00edodo de tiempo en el que la situaci&amp;o acute;n de Granada siga sin ser equiparable a la del resto del territorio\u201d, ha concluido.<\/p>\n<p style=\"text-align: justify;\"><a href=\"https:\/\/www.restauranteelpenon.es\/\"><img decoding=\"async\" loading=\"lazy\" class=\"aligncenter size-full wp-image-25846\" src=\"http:\/\/granadacostanacional.es\/wp-content\/uploads\/2020\/10\/Pe\u00f1\u00f3n-s.gif\" alt=\"Pe\u00f1\u00f3n s\" width=\"850\" height=\"562\" \/><\/a><\/p>\n","protected":false},"excerpt":{"rendered":"<p>El portavoz de Ciudadanos (Cs) en la Diputaci\u00f3n de Granada, Francisco Jos\u00e9 Rodr\u00edguez, busca \u201cla misma altura de miras y&hellip;<\/p>\n","protected":false},"author":2,"featured_media":26281,"comment_status":"open","ping_status":"open","sticky":false,"template":"","format":"standard","meta":{"om_disable_all_campaigns":false,"_mi_skip_tracking":false,"_monsterinsights_sitenote_active":false,"_monsterinsights_sitenote_note":"","_monsterinsights_sitenote_category":0,"footnotes":""},"categories":[22],"tags":[],"aioseo_notices":[],"_links":{"self":[{"href":"https:\/\/granadacostaglobal.es\/index.php?rest_route=\/wp\/v2\/posts\/26280"}],"collection":[{"href":"https:\/\/granadacostaglobal.es\/index.php?rest_route=\/wp\/v2\/posts"}],"about":[{"href":"https:\/\/granadacostaglobal.es\/index.php?rest_route=\/wp\/v2\/types\/post"}],"author":[{"embeddable":true,"href":"https:\/\/granadacostaglobal.es\/index.php?rest_route=\/wp\/v2\/users\/2"}],"replies":[{"embeddable":true,"href":"https:\/\/granadacostaglobal.es\/index.php?rest_route=%2Fwp%2Fv2%2Fcomments&post=26280"}],"version-history":[{"count":0,"href":"https:\/\/granadacostaglobal.es\/index.php?rest_route=\/wp\/v2\/posts\/26280\/revisions"}],"wp:featuredmedia":[{"embeddable":true,"href":"https:\/\/granadacostaglobal.es\/index.php?rest_route=\/"}],"wp:attachment":[{"href":"https:\/\/granadacostaglobal.es\/index.php?rest_route=%2Fwp%2Fv2%2Fmedia&parent=26280"}],"wp:term":[{"taxonomy":"category","embeddable":true,"href":"https:\/\/granadacostaglobal.es\/index.php?rest_route=%2Fwp%2Fv2%2Fcategories&post=26280"},{"taxonomy":"post_tag","embeddable":true,"href":"https:\/\/granadacostaglobal.es\/index.php?rest_route=%2Fwp%2Fv2%2Ftags&post=26280"}],"curies":[{"name":"wp","href":"https:\/\/api.w.org\/{rel}","templated":true}]}}