{"id":2628,"date":"2015-10-26T16:02:25","date_gmt":"2015-10-26T16:02:25","guid":{"rendered":"http:\/\/granadacosta.es\/?p=2628"},"modified":"2015-10-26T16:02:25","modified_gmt":"2015-10-26T16:02:25","slug":"iv-feria-de-entidades-culturales-valencianistas-en-la-explanada-de-la-plaza-de-toros-de-valencia","status":"publish","type":"post","link":"https:\/\/granadacostaglobal.es\/?p=2628","title":{"rendered":"IV FERIA DE ENTIDADES CULTURALES VALENCIANISTAS  EN LA EXPLANADA DE LA PLAZA DE TOROS DE VALENCIA"},"content":{"rendered":"<p>&nbsp;<\/p>\n<p><strong>\u00a0<\/strong><\/p>\n<p><strong>\u00a0 \u00a0 \u00a0 \u00a0 \u00a0<\/strong>Los d\u00edas 17 y 18 de octubre (s\u00e1bado y domingo, respectivamente), tuvo lugar la\u00a0 celebraci\u00f3n de la <strong>4\u00aa<\/strong> <strong>Feria <\/strong>de Entidades Culturales Valencianistas, con gran \u00e9xito, como en las otras tres ocasiones anteriores; que, con un horario de largo recorrido, se extend\u00eda desde las once de la ma\u00f1ana hasta las ocho de la tarde, clausur\u00e1ndose el domingo a las veinte horas. <strong>\u00a0<\/strong><\/p>\n<p><a href=\"http:\/\/granadacosta.es\/wp-content\/uploads\/2015\/10\/008.jpg\"><img decoding=\"async\" loading=\"lazy\" class=\"alignnone size-medium wp-image-2631\" src=\"http:\/\/granadacosta.es\/wp-content\/uploads\/2015\/10\/008-300x225.jpg\" alt=\"008\" width=\"300\" height=\"225\" \/><\/a> <a href=\"http:\/\/granadacosta.es\/wp-content\/uploads\/2015\/10\/007.jpg\"><img decoding=\"async\" loading=\"lazy\" class=\"alignnone size-medium wp-image-2630\" src=\"http:\/\/granadacosta.es\/wp-content\/uploads\/2015\/10\/007-300x225.jpg\" alt=\"007\" width=\"300\" height=\"225\" \/><\/a><\/p>\n<p>Estaban presentes en la misma Entidades tales como <strong>el Ateneo Mercantil de Valencia<\/strong>, la <strong>Real Academia de Cultura Valenciana<\/strong>, la Instituci\u00f3n centenaria <strong>Lo Rat Penat<\/strong>, la Asociaci\u00f3n de <strong>escritores en Lengua Valenciana<\/strong>, el <strong>Rogle Cultural Constant\u00ed Llombart<\/strong>, la <strong>Palma Daurada de Elche<\/strong>, el <strong>Grup de D\u00f2nes Valencianes<\/strong>, el <strong>Ateneo Cultural de Paterna<\/strong>, el <strong>Pil\u00f3 de Burjassot<\/strong>, la Asociaci\u00f3n <strong>Cardona y Vives de Castell\u00f3n<\/strong>, el <strong>Grup d\u00b4Acci\u00f3 Valencianista<\/strong>, el Grupo ilicitano <strong>Tonico Sansano<\/strong>, el <strong>Instituto de Estudios Valencianos<\/strong>, la <strong>Plataforma Valencianista<\/strong>, el <strong>C\u00edrculo C\u00edvico de Valencia<\/strong>, <strong>Curva Nord<\/strong>, Fomento de las <strong>Letras Valencianas<\/strong>, <strong>Convenci\u00f3n Valencianista<\/strong>, <strong>F\u00f2rum C\u00edvic de la Comunitat Valenciana, Maestros y Licenciados del Reino de Valencia<\/strong>, <strong>\u00a0<\/strong>Juventudes del<strong> GAV<\/strong>, Juventudes de<strong> Lo Rat Penat<\/strong>, Asociaci\u00f3n <strong>Vicente Blasco Ib\u00e1\u00f1ez<\/strong>, Asociaci\u00f3n de amigos de <strong>Vicente Gonz\u00e1lez Lizondo<\/strong>. Editorial <strong>Moseguello<\/strong>, Editorial <strong>Gom Libros<\/strong>, Libros <strong>Ana Rivera<\/strong>, <strong>Llum i claritat<\/strong>; entre otras entidades y asociaciones, que se reunieron para celebrar una fiesta asociada a la m\u00fasica, al arte, al folclore, a las danzas valencianas, les albaes, los\u00a0 juegos tradicionales infantiles, el Cant d\u00b4Estil, a la venta de libros en Lengua Valenciana, medallas, abanicos, llaveros y objetos de adorno.<\/p>\n<p><a href=\"http:\/\/granadacosta.es\/wp-content\/uploads\/2015\/10\/004.jpg\"><img decoding=\"async\" loading=\"lazy\" class=\"alignnone size-medium wp-image-2634\" src=\"http:\/\/granadacosta.es\/wp-content\/uploads\/2015\/10\/004-300x225.jpg\" alt=\"004\" width=\"300\" height=\"225\" \/><\/a> <a href=\"http:\/\/granadacosta.es\/wp-content\/uploads\/2015\/10\/003.jpg\"><img decoding=\"async\" loading=\"lazy\" class=\"alignnone size-medium wp-image-2633\" src=\"http:\/\/granadacosta.es\/wp-content\/uploads\/2015\/10\/003-300x225.jpg\" alt=\"003\" width=\"300\" height=\"225\" \/><\/a> <a href=\"http:\/\/granadacosta.es\/wp-content\/uploads\/2015\/10\/001.jpg\"><img decoding=\"async\" loading=\"lazy\" class=\"alignnone size-medium wp-image-2632\" src=\"http:\/\/granadacosta.es\/wp-content\/uploads\/2015\/10\/001-300x225.jpg\" alt=\"001\" width=\"300\" height=\"225\" \/><\/a><\/p>\n<p>Las dos jornadas de la <strong>Feria <\/strong>se desarrollaron en un ambiente alegre, festivo y de gran \u00e9xito de p\u00fablico que mostraba gran inter\u00e9s y deseo de contribuir a dar realce a la celebraci\u00f3n.<\/p>\n<p>&nbsp;<\/p>\n<p style=\"text-align: right;\"><em><strong>Amparo Bonal<\/strong><\/em><\/p>\n","protected":false},"excerpt":{"rendered":"<p>&nbsp; \u00a0 \u00a0 \u00a0 \u00a0 \u00a0 \u00a0Los d\u00edas 17 y 18 de octubre (s\u00e1bado y domingo, respectivamente), tuvo lugar la\u00a0&hellip;<\/p>\n","protected":false},"author":2,"featured_media":2634,"comment_status":"open","ping_status":"open","sticky":false,"template":"","format":"standard","meta":{"om_disable_all_campaigns":false,"_mi_skip_tracking":false,"_monsterinsights_sitenote_active":false,"_monsterinsights_sitenote_note":"","_monsterinsights_sitenote_category":0,"footnotes":""},"categories":[21],"tags":[],"aioseo_notices":[],"_links":{"self":[{"href":"https:\/\/granadacostaglobal.es\/index.php?rest_route=\/wp\/v2\/posts\/2628"}],"collection":[{"href":"https:\/\/granadacostaglobal.es\/index.php?rest_route=\/wp\/v2\/posts"}],"about":[{"href":"https:\/\/granadacostaglobal.es\/index.php?rest_route=\/wp\/v2\/types\/post"}],"author":[{"embeddable":true,"href":"https:\/\/granadacostaglobal.es\/index.php?rest_route=\/wp\/v2\/users\/2"}],"replies":[{"embeddable":true,"href":"https:\/\/granadacostaglobal.es\/index.php?rest_route=%2Fwp%2Fv2%2Fcomments&post=2628"}],"version-history":[{"count":0,"href":"https:\/\/granadacostaglobal.es\/index.php?rest_route=\/wp\/v2\/posts\/2628\/revisions"}],"wp:featuredmedia":[{"embeddable":true,"href":"https:\/\/granadacostaglobal.es\/index.php?rest_route=\/"}],"wp:attachment":[{"href":"https:\/\/granadacostaglobal.es\/index.php?rest_route=%2Fwp%2Fv2%2Fmedia&parent=2628"}],"wp:term":[{"taxonomy":"category","embeddable":true,"href":"https:\/\/granadacostaglobal.es\/index.php?rest_route=%2Fwp%2Fv2%2Fcategories&post=2628"},{"taxonomy":"post_tag","embeddable":true,"href":"https:\/\/granadacostaglobal.es\/index.php?rest_route=%2Fwp%2Fv2%2Ftags&post=2628"}],"curies":[{"name":"wp","href":"https:\/\/api.w.org\/{rel}","templated":true}]}}