{"id":26276,"date":"2020-12-01T09:33:00","date_gmt":"2020-12-01T09:33:00","guid":{"rendered":"http:\/\/granadacostanacional.es\/?p=26276"},"modified":"2020-12-01T09:33:00","modified_gmt":"2020-12-01T09:33:00","slug":"libro-recomendado-poemario-primigenio-de-baldomero-palomares-montero","status":"publish","type":"post","link":"https:\/\/granadacostaglobal.es\/?p=26276","title":{"rendered":"Libro recomendado &#8220;POEMARIO PRIMIGENIO&#8221; de Baldomero Palomares Montero"},"content":{"rendered":"<p style=\"text-align: justify;\">Podr\u00e1 leer el libro entero a trav\u00e9s de este enlace\u00a0<span style=\"color: #3366ff;\"><a style=\"color: #3366ff;\" href=\"http:\/\/granadacostanacional.es\/downloads\/Libro Poemario Primigenio.pdf\">&#8220;Poemario Primigenio&#8221;<\/a><\/span><\/p>\n<h2 style=\"text-align: center;\">PR\u00d3LOGO PARA UN MARINERO DE LA MANCHA<\/h2>\n<p style=\"text-align: justify;\">Ante m\u00ed, el libro <em>Poemario primitivo<\/em>, opera prima del poeta Baldomero Palomares Montero. Lo abro, leo el primer poema y me sumerjo en un paisaje on\u00edrico, rico en matices, colores y musicalidad. Es la descripci\u00f3n de una oto\u00f1al naturaleza plena de sentimientos y sensaciones, envuelto todo ello en l\u00edricas met\u00e1foras que vistiendo unos versos componen un hermoso poema, <em>Paisaje oto\u00f1al<\/em>:<\/p>\n<p style=\"text-align: justify;\"><em>Las ramas de los olmos centenarios, \/ secas, rotas, quebradas, \/ yacen silenciosas en el c\u00e9sped, \/ han quedado solas, calladas, sin vida \/ de aquel color verde de la primavera\u2026<\/em><\/p>\n<p style=\"text-align: justify;\">El presente poemario, segundo publicado por el poeta y primero editado por Editorial Granada Club Selecci\u00f3n, es un canto a su querida tierra, Cuenca, a la naturaleza conquense en todas sus estaciones, resaltando en especial el oto\u00f1o, con versos muy bellos, empleando un lenguaje rico en l\u00e9xico, elegante, en una palabra, po\u00e9tico, como debe ser el idioma de la poes\u00eda.<\/p>\n<p style=\"text-align: justify;\">Sigo adelante, ya sumergida por completo entre las p\u00e1ginas del libro, y navego en un mar sereno de poemas dedicados casi todos a los paisajes de Cuenca, La Mancha, la Serran\u00eda, acertadas descripciones de un poeta enamorado de su tierra como lo es Baldomero Palomares. V\u00e9ase, como muestra, este verso dedicado a la serran\u00eda conquense.<\/p>\n<p style=\"text-align: justify;\"><em>Como Venus emergida de los mares \/ as\u00ed florece la luna en la serran\u00eda\u2026<\/em><\/p>\n<p style=\"text-align: justify;\">O esta estrofa incluida en un poema a su ciudad, Cuenca:<\/p>\n<p style=\"text-align: justify;\"><em>Vuelvo a ti, querida madre \/ sin nav\u00edos ni oropeles. \/ Anclado para siempre permanezco \/ en el verde paisaje perenne de los pinos. \/ El aire de tu sierra \/ alimenta mi esp\u00edritu marchito\u2026<\/em><\/p>\n<p style=\"text-align: justify;\">\u00a0\u00a0\u00a0\u00a0\u00a0\u00a0\u00a0\u00a0\u00a0 O a su pueblo, Garaballa.<\/p>\n<p style=\"text-align: justify;\"><em>Y t\u00fa, Garaballa, madre de manos brav\u00edas \/ eres testigo todos los d\u00edas \/ de afanes de otros lares. \/ y esperas con impaciencia \/ el aire de otros mares\u2026<\/em><\/p>\n<p style=\"text-align: justify;\">Muy bellos, asimismo, son los poemas dedicados a las estaciones del a\u00f1o en los que hace una perfecta descripci\u00f3n de cada una de ellas como en \u00e9ste sobre el invierno.<\/p>\n<p style=\"text-align: justify;\"><em>Hay escarcha en la pradera \/ y en la c\u00faspide de las monta\u00f1as \/ anidan unos pocos copos de nieve\u2026<\/em> Bella met\u00e1fora. O este otro del oto\u00f1o.<\/p>\n<p style=\"text-align: justify;\"><em>Los olmos desnudos \/ respiran para el invierno \/ y en su letargo eterno \/ se han despojado de sus hojas\u2026<\/em><\/p>\n<p style=\"text-align: justify;\">El poeta tiene fijaci\u00f3n por los hermosos olmos del paisaje de su tierra. Tambi\u00e9n canta as\u00ed a la primavera:<\/p>\n<p style=\"text-align: justify;\"><em>Con olor de romero, tomillo y amapola \/ lleg\u00f3 la primavera a tu ventana. \/ Resurgir de besos y versos en las alamedas, \/ entre rosales y espigas verdes, \/ en el fulgor de los meses de abril y mayo\u2026<\/em><\/p>\n<p style=\"text-align: justify;\"><em>\u00a0<\/em><\/p>\n<p style=\"text-align: justify;\">Al est\u00edo, con estos inspirados versos:<\/p>\n<p style=\"text-align: justify;\"><em>Y las olas descansan bajo el sol. \/ Solo la playa vac\u00eda con la luz de la luna \/ espera otra alborada dorada \/ llena de rayos de sol\u2026<\/em><\/p>\n<p style=\"text-align: justify;\">Los poemas intimistas, en los que a trav\u00e9s de ellos se deja entrever su yo, sus sentimientos y estados de \u00e1nimo, son un fiel reflejo de s\u00ed mismo, siempre envuelto en el paisaje melanc\u00f3lico de su querida Cuenca, como si el poeta se encontrase en su soledad\u00a0 amparado con la naturaleza que lo rodea y lo protege, sinti\u00e9ndose marinero entre las olas de trigo perdidas en el horizonte:<\/p>\n<p style=\"text-align: justify;\"><em>Marinero, vas haciendo \/ senderos en la mar \/ de luces al atardecer. \/ Y miras la luna \/ cuando tus redes est\u00e1n vac\u00edas\u2026\u00a0 <\/em><\/p>\n<p style=\"text-align: justify;\">Quiz\u00e1 el poeta se identifica con sus versos y navega entre mares imaginarios por La Mancha buscando con sus redes po\u00e9ticas algo que ans\u00eda su esp\u00edritu sensible y que a\u00fan no ha encontrado. Tal vez a un ser et\u00e9reo, cuando escribe:<\/p>\n<p style=\"text-align: justify;\"><em>Hay un halo de esperanza \/ en tus ojos brillantes \/ que me espera ma\u00f1ana. \/ Mis l\u00e1grimas son \/ olas vertidas en la mar \/ y las luces de la noche, \/ claros destellos de mi amor\u2026<\/em><\/p>\n<p style=\"text-align: justify;\">Como Don Quijote, quiz\u00e1 busca Baldo tambi\u00e9n a su Dulcinea que a\u00fan camina por las llanuras de La Mancha en las noches de luna. No la sigas buscando, Baldo; tu Dulcinea es tu amada Cuenca.<\/p>\n<p style=\"text-align: justify;\">A veces, tambi\u00e9n se siente abatido y cual el hidalgo manchego, se lamenta con tristeza:<\/p>\n<p style=\"text-align: justify;\">\u00a0<em>Cabalgo en el silencio de los m\u00edos\u2026 Mis l\u00e1grimas son olas vertidas en la mar\u2026<\/em><\/p>\n<p style=\"text-align: justify;\">Esa mar imaginaria que atrae como un im\u00e1n al autor del poemario y que con insistencia canta en sus versos. No en vano, en su anterior libro publicado se siente marinero de unas aguas imaginarias, con poemas abstractos, reversos de la medalla del presente.<\/p>\n<p style=\"text-align: justify;\">Tambi\u00e9n, este pintor de la poes\u00eda, da unas pinceladas dedicadas a su Virgen de Tejeda, Patrona de Garaballa y joya divina de la serran\u00eda, narrando el milagro que la Virgen realiz\u00f3 haciendo caer la lluvia sobre el campo sediento de agua:<\/p>\n<p style=\"text-align: justify;\"><em>Enciende sus plegarias a Mar\u00eda de Tejeda \/ Peregrina cada septenario desde Garaballa \/ como joya divina de la serran\u00eda\u2026<\/em><\/p>\n<p style=\"text-align: justify;\">Cierro el libro, empapada de su poes\u00eda, y compruebo que mi esp\u00edritu se ha aislado de la realidad. Me siento relajada, serena, despu\u00e9s de haber navegado por estos mares po\u00e9ticos de Cuenca y sus paisajes, tan bien descritos por Baldomero Palomares Montero, feliz autor de este poemario.<\/p>\n<p style=\"text-align: justify;\">Enhorabuena, amigo Baldo, y sigue, marinero en tierras de secano, navegando entre los mares de tus versos hasta encontrar ese puerto que anhelan tus sue\u00f1os. Feliz traves\u00eda, marinero. Llevas la mejor rosa de los vientos: tu poes\u00eda.<\/p>\n<p style=\"text-align: right;\"><strong>Carmen Carrasco, <\/strong><\/p>\n<p style=\"text-align: right;\">delegada nacional de poes\u00eda Granada Costa.<\/p>\n<p style=\"text-align: justify;\"><a href=\"http:\/\/www.molvizar.es\/\"><img decoding=\"async\" loading=\"lazy\" class=\"aligncenter size-large wp-image-25392\" src=\"http:\/\/granadacostanacional.es\/wp-content\/uploads\/2020\/09\/Molv\u00edzar-web-1024x843.gif\" alt=\"Molv\u00edzar web\" width=\"1024\" height=\"843\" \/><\/a><\/p>\n","protected":false},"excerpt":{"rendered":"<p>Podr\u00e1 leer el libro entero a trav\u00e9s de este enlace\u00a0&#8220;Poemario Primigenio&#8221; PR\u00d3LOGO PARA UN MARINERO DE LA MANCHA Ante m\u00ed,&hellip;<\/p>\n","protected":false},"author":2,"featured_media":26277,"comment_status":"open","ping_status":"open","sticky":false,"template":"","format":"standard","meta":{"om_disable_all_campaigns":false,"_mi_skip_tracking":false,"_monsterinsights_sitenote_active":false,"_monsterinsights_sitenote_note":"","_monsterinsights_sitenote_category":0,"footnotes":""},"categories":[21,29,30],"tags":[],"aioseo_notices":[],"_links":{"self":[{"href":"https:\/\/granadacostaglobal.es\/index.php?rest_route=\/wp\/v2\/posts\/26276"}],"collection":[{"href":"https:\/\/granadacostaglobal.es\/index.php?rest_route=\/wp\/v2\/posts"}],"about":[{"href":"https:\/\/granadacostaglobal.es\/index.php?rest_route=\/wp\/v2\/types\/post"}],"author":[{"embeddable":true,"href":"https:\/\/granadacostaglobal.es\/index.php?rest_route=\/wp\/v2\/users\/2"}],"replies":[{"embeddable":true,"href":"https:\/\/granadacostaglobal.es\/index.php?rest_route=%2Fwp%2Fv2%2Fcomments&post=26276"}],"version-history":[{"count":0,"href":"https:\/\/granadacostaglobal.es\/index.php?rest_route=\/wp\/v2\/posts\/26276\/revisions"}],"wp:featuredmedia":[{"embeddable":true,"href":"https:\/\/granadacostaglobal.es\/index.php?rest_route=\/"}],"wp:attachment":[{"href":"https:\/\/granadacostaglobal.es\/index.php?rest_route=%2Fwp%2Fv2%2Fmedia&parent=26276"}],"wp:term":[{"taxonomy":"category","embeddable":true,"href":"https:\/\/granadacostaglobal.es\/index.php?rest_route=%2Fwp%2Fv2%2Fcategories&post=26276"},{"taxonomy":"post_tag","embeddable":true,"href":"https:\/\/granadacostaglobal.es\/index.php?rest_route=%2Fwp%2Fv2%2Ftags&post=26276"}],"curies":[{"name":"wp","href":"https:\/\/api.w.org\/{rel}","templated":true}]}}