{"id":26265,"date":"2020-11-30T08:31:19","date_gmt":"2020-11-30T08:31:19","guid":{"rendered":"http:\/\/granadacostanacional.es\/?p=26265"},"modified":"2020-11-30T08:31:19","modified_gmt":"2020-11-30T08:31:19","slug":"ciudadanos-trabajara-para-que-la-declaracion-de-zona-catastrofica-se-extienda-a-toda-la-provincia-de-granada","status":"publish","type":"post","link":"https:\/\/granadacostaglobal.es\/?p=26265","title":{"rendered":"Ciudadanos trabajar\u00e1 para que la declaraci\u00f3n de \u2018zona catastr\u00f3fica\u2019 se extienda a toda la provincia de Granada"},"content":{"rendered":"<ul>\n<li>\n<h2 style=\"text-align: justify;\">El coordinador provincial de Ciudadanos (Cs) y alcalde de la capital granadina, Luis Salvador, celebra que se haya encontrado <strong>unanimidad por parte de todos los grupos pol\u00edticos en el Ayuntamiento de Granada<\/strong> para solicitar al Gobierno de Espa\u00f1a que se declare la ciudad como \u2018zona gravemente afectada por una emergencia de protecci\u00f3n civil\u2019, aunque cree que \u201cesa consideraci\u00f3n debe hacerse extensible a toda la provincia\u201d<\/h2>\n<\/li>\n<\/ul>\n<p style=\"text-align: justify; line-height: 150%;\"><strong><span style=\"font-size: 12.0pt; line-height: 150%; font-family: 'Arial',sans-serif; color: #505050;\">Granada, domingo 29 de noviembre de 2020.<\/span><\/strong><span style=\"font-size: 12.0pt; line-height: 150%; font-family: 'Arial',sans-serif; color: #505050;\"> El coordinador provincial de la formaci\u00f3n naranja y alcalde de la capital granadina, Luis Salvador, ha asegurado esta ma\u00f1ana que \u201cCs trabajar\u00e1 para que toda la provincia de Granada sea declarada \u2018zona catastr\u00f3fica\u2019 por parte del Gobierno central\u201d y se le apliquen \u201ccuantas medidas espec\u00edficas y exclusivas sean necesarias\u201d <strong><span style=\"font-family: 'Arial',sans-serif;\">hasta recuperarse de los efectos econ\u00f3micos producidos por la paralizaci\u00f3n de la actividad no esencial desde el 10 de noviembre.<\/span><\/strong><\/span><\/p>\n<p style=\"text-align: justify; line-height: 150%;\"><span style=\"font-size: 12.0pt; line-height: 150%; font-family: 'Arial',sans-serif; color: #505050;\">Despu\u00e9s de que el Pleno en la capital nazar\u00ed acordara este viernes solicitar al Gobierno de Espa\u00f1a la declaraci\u00f3n de Granada como \u2018zona gravemente afectada por una emergencia\u2019, el coordinador provincial de Cs ha considerado <strong><span style=\"font-family: 'Arial',sans-serif;\">\u201coportuno y de justicia\u201d que esa declaraci\u00f3n se haga extensible a toda la provincia.<\/span><\/strong> \u201cAl igual que hemos encontrado la unanimidad en todos los colores pol\u00edticos a nivel municipal, esperamos que esa uni\u00f3n se replique y sea aplicable en todo el territorio provincial\u201d, ha dicho.<\/span><\/p>\n<p style=\"text-align: justify; line-height: 150%;\"><span style=\"font-size: 12.0pt; line-height: 150%; font-family: 'Arial',sans-serif; color: #505050;\">En este sentido, Salvador ha asegurado que esta \u201cpetici\u00f3n necesaria y urgente\u201d cuenta con el <strong><span style=\"font-family: 'Arial',sans-serif;\">apoyo tanto de la Diputaci\u00f3n provincial como de la Junta de Andaluc\u00eda<\/span><\/strong>. \u201cEs importante que todos vayamos en la misma direcci\u00f3n y seamos capaces de dejar de un lado los intereses partidistas para primar el inter\u00e9s general de todos los granadinos y granadinas que se han visto afectados por una situaci\u00f3n que est\u00e1 siendo especialmente dolorosa para sectores econ\u00f3micos como el comercial o el hostelero. La Junta de Andaluc\u00eda en esta l\u00ednea ya se ha comprometido a un Plan Especial para la provincia de Granada\u201d, ha a\u00f1adido.<\/span><\/p>\n<p style=\"text-align: justify; line-height: 150%;\"><span style=\"font-size: 12.0pt; line-height: 150%; font-family: 'Arial',sans-serif; color: #505050;\">El portavoz de la formaci\u00f3n naranja ha recordado que la declaraci\u00f3n de \u2018zona gravemente afectada por una emergencia\u2019 o \u2018zona catastr\u00f3fica es un instrumento de la pol\u00edtica de Seguridad P\u00fablica que garantiza una respuesta adecuada ante situaciones naturales o derivadas de la acci\u00f3n humana, sea esta accidental o intencionada. \u201cLamentablemente, en nuestra tierra se cumplen todos los requisitos, adaptados a esta pandemia natural que nos ha tocado sufrir, por lo que <strong><span style=\"font-family: 'Arial',sans-serif;\">creemos fundamental activar cuanto antes ese mecanismo<\/span><\/strong>\u201d, ha se\u00f1alado. \u201cDesde Cs seguiremos trabajando para alcanzar cuantos acuerdos sean posibles en aras de impulsar medidas de recuperaci\u00f3n favorables para las familias, los aut\u00f3nomos y las pymes, que contribuyan a paliar los efectos de la crisis por el per\u00edodo de tiempo en el que la situaci&amp;o acute;n de Granada siga sin ser equiparable a la del resto del territorio\u201d, ha concluido.<\/span><\/p>\n<p style=\"text-align: justify; line-height: 150%;\"><a href=\"http:\/\/www.frutasfajardo.com\/\"><img decoding=\"async\" loading=\"lazy\" class=\"aligncenter size-full wp-image-25928\" src=\"http:\/\/granadacostanacional.es\/wp-content\/uploads\/2020\/11\/Frutas-Fajardo-1.gif\" alt=\"Frutas Fajardo\" width=\"590\" height=\"425\" \/><\/a><\/p>\n","protected":false},"excerpt":{"rendered":"<p>El coordinador provincial de Ciudadanos (Cs) y alcalde de la capital granadina, Luis Salvador, celebra que se haya encontrado unanimidad&hellip;<\/p>\n","protected":false},"author":2,"featured_media":26266,"comment_status":"open","ping_status":"open","sticky":false,"template":"","format":"standard","meta":{"om_disable_all_campaigns":false,"_mi_skip_tracking":false,"_monsterinsights_sitenote_active":false,"_monsterinsights_sitenote_note":"","_monsterinsights_sitenote_category":0,"footnotes":""},"categories":[22],"tags":[],"aioseo_notices":[],"_links":{"self":[{"href":"https:\/\/granadacostaglobal.es\/index.php?rest_route=\/wp\/v2\/posts\/26265"}],"collection":[{"href":"https:\/\/granadacostaglobal.es\/index.php?rest_route=\/wp\/v2\/posts"}],"about":[{"href":"https:\/\/granadacostaglobal.es\/index.php?rest_route=\/wp\/v2\/types\/post"}],"author":[{"embeddable":true,"href":"https:\/\/granadacostaglobal.es\/index.php?rest_route=\/wp\/v2\/users\/2"}],"replies":[{"embeddable":true,"href":"https:\/\/granadacostaglobal.es\/index.php?rest_route=%2Fwp%2Fv2%2Fcomments&post=26265"}],"version-history":[{"count":0,"href":"https:\/\/granadacostaglobal.es\/index.php?rest_route=\/wp\/v2\/posts\/26265\/revisions"}],"wp:featuredmedia":[{"embeddable":true,"href":"https:\/\/granadacostaglobal.es\/index.php?rest_route=\/"}],"wp:attachment":[{"href":"https:\/\/granadacostaglobal.es\/index.php?rest_route=%2Fwp%2Fv2%2Fmedia&parent=26265"}],"wp:term":[{"taxonomy":"category","embeddable":true,"href":"https:\/\/granadacostaglobal.es\/index.php?rest_route=%2Fwp%2Fv2%2Fcategories&post=26265"},{"taxonomy":"post_tag","embeddable":true,"href":"https:\/\/granadacostaglobal.es\/index.php?rest_route=%2Fwp%2Fv2%2Ftags&post=26265"}],"curies":[{"name":"wp","href":"https:\/\/api.w.org\/{rel}","templated":true}]}}