{"id":26219,"date":"2020-11-25T09:42:47","date_gmt":"2020-11-25T09:42:47","guid":{"rendered":"http:\/\/granadacostanacional.es\/?p=26219"},"modified":"2020-11-25T09:42:47","modified_gmt":"2020-11-25T09:42:47","slug":"todos-a-una","status":"publish","type":"post","link":"https:\/\/granadacostaglobal.es\/?p=26219","title":{"rendered":"Todos a una"},"content":{"rendered":"<p style=\"text-align: justify;\">Mar\u00eda Vives Gomila<\/p>\n<p style=\"text-align: justify;\">Psic\u00f3loga cl\u00ednica, psicoterapeuta<\/p>\n<p style=\"text-align: justify;\">\n<p style=\"text-align: justify;\">Podr\u00edamos hablar de continuismos y de la <strong>dificultad para ejercitar el pensamiento cr\u00edtico<\/strong> porque seguimos con la misma necesidad de salir de un c\u00edrculo vicioso en el que estamos inmersos y poder constatar que las instituciones civiles, sanitarias y las encargadas de distribuir alimentos y apoyo a los m\u00e1s necesitados, disponen de los medios necesarios para solventar esta situaci\u00f3n sanitaria, bloqueada, a\u00fan, a tantos niveles.<\/p>\n<p style=\"text-align: justify;\">\u00a0\u00a0\u00a0\u00a0\u00a0\u00a0\u00a0 <strong>Estamos viviendo situaciones complejas, <\/strong>viendo c\u00f3mo algunas personas y grupos circulan alejados de lo que podr\u00eda ser un trabajo en equipo. No obstante, salir de una situaci\u00f3n poco clarificada e investigada y con un virus, no del todo identificado, parece complicado cuando puede repercutir en nuestra salud<\/p>\n<p style=\"text-align: justify;\">-f\u00edsica y mental- en la educaci\u00f3n, la econom\u00eda, la interacci\u00f3n social, y para determinadas personas en los deseos de vivir.<\/p>\n<p style=\"text-align: justify;\">\u00a0\u00a0\u00a0\u00a0\u00a0\u00a0\u00a0 <strong>Pasar de una mirada individualista a una perspectiva m\u00e1s amplia y generosa<\/strong> del <em>&#8216;si yo estoy bien, todo est\u00e1 bien&#8217; al &#8216;vamos a colaborar para que todos podamos estar bien&#8217; <\/em><strong>no es tarea f\u00e1cil.<\/strong> Parafraseando a J. Tolentino Mendon\u00e7a: <em>&#8220;La vida s\u00f3lo se resuelve individualmente a intervalos, ya que \u00fanicament alcanza su sentido en el acto de compartir i de darse&#8221;<strong>.<\/strong><\/em><\/p>\n<p style=\"text-align: justify;\">\u00a0\u00a0\u00a0\u00a0\u00a0\u00a0\u00a0 <strong>El hombre es un ser sociable, <\/strong>que necesita para crecer y desarrollarse de las personas de su entorno. Cuanto m\u00e1s fuerte sea este v\u00ednculo en la primera infancia, mejor ser\u00e1 la respuesta del ni\u00f1o. Si los padres observan, comprenden y tratan de interpretar sus gestos, movimientos balbuceos, primeros pasos y le ayudan a\u00a0 conocer su necesidad y demanda, tendr\u00e1 una evoluci\u00f3n m\u00e1s cuidada y adecuada.<\/p>\n<p style=\"text-align: justify;\">\u00a0\u00a0\u00a0\u00a0\u00a0\u00a0\u00a0 De ah\u00ed,<strong> la importancia de saber escuchar, desde las primeras etapas al ni\u00f1o, y al adolescente en las siguientes, <\/strong>para que pueda discernir y favorecer gradualmente su autoconocimiento. Si el adolescente, y posteriormente el joven, se conoce podr\u00e1 plantearse con mayor responsabilidad el procedimiento a seguir para alcanzar los objetivos que desea y poder alejarse de una actitud ambivalente y contradictoria.<\/p>\n<p style=\"text-align: justify;\">\u00a0\u00a0\u00a0\u00a0\u00a0\u00a0\u00a0 Lo mismo puede darse en la elecci\u00f3n y relaci\u00f3n de pareja, donde el autoconocimiento contin\u00faa siendo importante para no hipotecarse de por vida, sin tener que depender o estar sometido a la voluntad de las otras personas por falta de conocimiento y autoestima.<\/p>\n<p style=\"text-align: justify;\">\u00a0\u00a0\u00a0\u00a0\u00a0\u00a0\u00a0 <strong>Se trata de saber entender las se\u00f1ales de los ni\u00f1os <\/strong>cuando reclaman ayuda <strong>y m\u00e1s adelante las que utilizan adolescentes y j\u00f3venes <\/strong>para que, gradualmente, aprendan a conocerse y puedan convertir sus sensaciones en sentimientos.<\/p>\n<p style=\"text-align: justify;\">\u00a0 \u00a0\u00a0\u00a0\u00a0\u00a0 <strong>Las caracter\u00edsticas de personalidad no pueden separarse de las influencias del medio<\/strong>. En este caso, nos espera una \u00e9poca de cambios y esto genera temor. <strong>Es <\/strong>conveniente, incluso<strong> necesario <\/strong>para subsistir,<strong> saber adaptarse a las nuevas circunstancies y aceptarlas.<\/strong> Me refiero a las implicaciones del Covid-19 y sus consecuencias. Hasta que no aceptemos lo que es nuevo, o diferente de lo conocido hasta ahora, no hay nada que hacer. No desaparecen, sin m\u00e1s, la ansiedad, el malestar, la tristeza o el miedo.<\/p>\n<p style=\"text-align: justify;\">\u00a0\u00a0\u00a0\u00a0\u00a0\u00a0\u00a0 <strong>La ansiedad y el miedo no son insalvables <\/strong>si tratamos de conocer sus or\u00edgenes y los medios para superarlos. La ansiedad va unida a una actitud de fragilidad, a un sentimiento de impotencia vinculado a una baja autoestima, a veces enmascarada. Puede ir unida a sentimientos depresivos y a depresi\u00f3n.<\/p>\n<p style=\"text-align: justify;\">\u00a0\u00a0\u00a0\u00a0\u00a0\u00a0\u00a0 En esta \u00e9poca de pandemia, el miedo y la angustia pueden aparecer libremente y sin control alguno. La parte negativa del miedo es la que tiende a aislarnos y a separarnos de nuestros deseos, objetivos y de la relaci\u00f3n con los dem\u00e1s. De aqu\u00ed provienen la fragilidad, la tristeza o el des\u00e1nimo. En cambio, el aspecto protector del miedo nos ayuda a prevenir, incluso a defendernos del peligro.<\/p>\n<p style=\"text-align: justify;\">\u00a0\u00a0\u00a0\u00a0\u00a0\u00a0\u00a0 <strong>Un buen punto de referencia <\/strong>consiste en conocer, juntamente\u00a0 con la\u00a0 fragilidad, la influencia y alcance de nuestras posibilidades\u00a0 para que pueda ayudarnos a superar tanto el miedo a lo desconocido (ansiedad, angustia) como el miedo a enfermar, conocimiento que, una vez entendido, nos puede tranquilizar<\/p>\n<p style=\"text-align: justify;\">\u00a0suavemente.<\/p>\n<p style=\"text-align: justify;\">\u00a0\u00a0\u00a0\u00a0\u00a0\u00a0\u00a0 <strong>En momentos de incertidumbre, de fragilidad y otros sentimientos <\/strong>es cuando <strong>podemos conocer nuestras capacidades<\/strong> para utilizarlas en beneficio propio y en el de los dem\u00e1s tratando de evitar, as\u00ed, comportamientos de aislamiento o actitudes contrarias a las que generan responsabilidad (por ejemplo, puede ayudarnos tener proyectos\u00a0 y realizarlos por humildes que sean sus objetivos).<\/p>\n<p style=\"text-align: justify;\">\u00a0\u00a0\u00a0\u00a0\u00a0\u00a0\u00a0 M\u00e1s all\u00e1 de nuestras capacidades y expectativas para seguir recorriendo nuestro camino, <strong>necesitamos esperar de quienes te\u00f3ricamente dirigen un pa\u00eds y quieren gobernarlo <\/strong>que efect\u00faen las inversiones m\u00e1s convenientes y necesarias en los medios sanitarios, educativos y de bienestar social para no ahogar el futuro de las personas que conviven en \u00e9l y que necesitar\u00e1n de los distintos procedimientos para afrontar el porvenir con esperanza. Pienso especialmente en el desarrollo de los m\u00e1s peque\u00f1os, la soledad de las personas mayores y en el esfuerzo que realizan las de mediana edad para sostener al mismo tiempo a sus hijos y padres. Tambi\u00e9n hay otro grupo de persones que viven solas sin ning\u00fan tipo de ayuda, sea emocional o fam\u00edliar, y no olvidemos las bolsas de pobreza en constante crecimiento.<\/p>\n<p style=\"text-align: justify;\">\u00a0\u00a0\u00a0\u00a0\u00a0\u00a0\u00a0 <strong>Salir de la incertidumbre de un presente y contar con criterios definidos<\/strong> <strong>constituye <\/strong>en este tiempo de inquietud <strong>una necesidad<\/strong> para poder proyectar el futuro con una mirada diferente y confiada.<\/p>\n<p style=\"text-align: justify;\">\u00a0\u00a0\u00a0\u00a0\u00a0\u00a0\u00a0 Es evidente que <strong>la autoestima ayuda,<\/strong> como <strong>tambi\u00e9n<\/strong> <strong>comprobar que los procedimientos sanitarios y sociales est\u00e9n bien definidos.<\/strong> Esto puede contribuir, sin duda, a incrementar no solamente la tan zarandeada confianza en nosotros mismos y en el ma\u00f1ana sino, especialmente, para llegar a configurar un futuro mejor que el actual con una cobertura sanitaria, educativa y psico-social adecuada.<\/p>\n<p style=\"text-align: justify;\"><strong>\u00a0\u00a0\u00a0\u00a0\u00a0\u00a0\u00a0 Podr\u00edamos decir,<\/strong> <strong>parafraseando a Lope de Vega <\/strong>en una de sus obras: Vamos! <strong><em>&#8220;todos a una&#8221;.<\/em><\/strong><\/p>\n<p style=\"text-align: justify;\"><a href=\"https:\/\/www.restauranteelpenon.es\/\"><img decoding=\"async\" loading=\"lazy\" class=\"aligncenter size-full wp-image-25846\" src=\"http:\/\/granadacostanacional.es\/wp-content\/uploads\/2020\/10\/Pe\u00f1\u00f3n-s.gif\" alt=\"Pe\u00f1\u00f3n s\" width=\"850\" height=\"562\" \/><\/a><\/p>\n<p style=\"text-align: justify;\">\n","protected":false},"excerpt":{"rendered":"<p>Mar\u00eda Vives Gomila Psic\u00f3loga cl\u00ednica, psicoterapeuta Podr\u00edamos hablar de continuismos y de la dificultad para ejercitar el pensamiento cr\u00edtico porque&hellip;<\/p>\n","protected":false},"author":2,"featured_media":21818,"comment_status":"open","ping_status":"open","sticky":false,"template":"","format":"standard","meta":{"om_disable_all_campaigns":false,"_mi_skip_tracking":false,"_monsterinsights_sitenote_active":false,"_monsterinsights_sitenote_note":"","_monsterinsights_sitenote_category":0,"footnotes":""},"categories":[21,30],"tags":[],"aioseo_notices":[],"_links":{"self":[{"href":"https:\/\/granadacostaglobal.es\/index.php?rest_route=\/wp\/v2\/posts\/26219"}],"collection":[{"href":"https:\/\/granadacostaglobal.es\/index.php?rest_route=\/wp\/v2\/posts"}],"about":[{"href":"https:\/\/granadacostaglobal.es\/index.php?rest_route=\/wp\/v2\/types\/post"}],"author":[{"embeddable":true,"href":"https:\/\/granadacostaglobal.es\/index.php?rest_route=\/wp\/v2\/users\/2"}],"replies":[{"embeddable":true,"href":"https:\/\/granadacostaglobal.es\/index.php?rest_route=%2Fwp%2Fv2%2Fcomments&post=26219"}],"version-history":[{"count":0,"href":"https:\/\/granadacostaglobal.es\/index.php?rest_route=\/wp\/v2\/posts\/26219\/revisions"}],"wp:featuredmedia":[{"embeddable":true,"href":"https:\/\/granadacostaglobal.es\/index.php?rest_route=\/"}],"wp:attachment":[{"href":"https:\/\/granadacostaglobal.es\/index.php?rest_route=%2Fwp%2Fv2%2Fmedia&parent=26219"}],"wp:term":[{"taxonomy":"category","embeddable":true,"href":"https:\/\/granadacostaglobal.es\/index.php?rest_route=%2Fwp%2Fv2%2Fcategories&post=26219"},{"taxonomy":"post_tag","embeddable":true,"href":"https:\/\/granadacostaglobal.es\/index.php?rest_route=%2Fwp%2Fv2%2Ftags&post=26219"}],"curies":[{"name":"wp","href":"https:\/\/api.w.org\/{rel}","templated":true}]}}