{"id":26203,"date":"2020-11-23T10:51:50","date_gmt":"2020-11-23T10:51:50","guid":{"rendered":"http:\/\/granadacostanacional.es\/?p=26203"},"modified":"2020-11-23T10:51:50","modified_gmt":"2020-11-23T10:51:50","slug":"gloria-fuertes","status":"publish","type":"post","link":"https:\/\/granadacostaglobal.es\/?p=26203","title":{"rendered":"GLORIA FUERTES"},"content":{"rendered":"<p style=\"text-align: justify;\">La poeta autodidacta, pregonera de las vivencias sociales de la humanidad y de las propias suyas.<\/p>\n<p style=\"text-align: justify;\">Gloria Fuertes naci\u00f3 en Madrid en 1.937, y muri\u00f3 en el mismo lugar el 27 de noviembre de 1.998.<\/p>\n<p style=\"text-align: justify;\">Escribi\u00f3 un verso f\u00e1cil sin atenerse, estrictamente, a reglas m\u00e9tricas. Sus versos, en apariencia infantiles, estaban plenos de contenido sentimental y dramatismo humano. Dicen que escribi\u00f3 para ni\u00f1os, pero tambi\u00e9n lo hizo para mayores. Su obra fue extensa. Exageraba cuando dec\u00eda no haber tenido tiempo para contar los libros que hab\u00eda escrito, que fueron cerca de cien.<\/p>\n<p style=\"text-align: justify;\">Gloria fue una mujer apasionada y sentimental; pr\u00f3diga y generosa en amores, que le ocasionaron muchos sufrimientos a lo largo de su vida. Entre tantos amores, s\u00f3lo recuerda a uno de ellos que la despreci\u00f3 porque no le agradaban sus versos. Su primer novio fue un obrero de la FAI, que desapareci\u00f3 en el fragor violento de la guerra el a\u00f1o 1.937. Ella ten\u00eda entonces veinte a\u00f1os.<\/p>\n<p style=\"text-align: justify;\">\u00bfConocemos bien a Gloria Fuertes\u2026? Yo creo que no; a pesar de haber le\u00eddo su obra; y lo m\u00e1s probable era que ni ella misma se conoc\u00eda acertadamente. Para unos era una gran poeta, para otros despreciativamente la tachaban de vulgar porque su verso no ten\u00eda nada de po\u00e9tico. Pero entiendo que ni falta que le hac\u00eda ce\u00f1irse a reglas m\u00e9tricas. Su verso se puede definir como libre, pero de una profundidad sentimental y real claridad que conmueven, convencen y emocionan. Ella dec\u00eda que la poes\u00eda era un oficio a tiempo completo. O sea, que hab\u00eda que estar entregado a ella permanentemente. En sus tertulias literarias con otros poetas, les dec\u00eda: &#8220;Debi\u00e9ramos hacer un arte \u00fatil y tal vez necesario, como ser\u00eda llevar nuestros libros al pueblo, no escribir para unos cuantos intelectuales, l\u00edricos, cr\u00edticos fr\u00edos y \u00f1o\u00f1os&#8221;.<\/p>\n<p style=\"text-align: justify;\">Para conocer a Gloria Fuertes s\u00f3lo basta leer sus versos, pues en ellos refleja la tragedia personal y emocional de su azorada vida.<\/p>\n<p style=\"text-align: justify;\">Dir\u00edamos que su obra es un verdadero diario \u00edntimo y personal. Nos dice en sus versos que tuvo una infancia triste e infeliz, porque sus padres no la quer\u00edan.<\/p>\n<p style=\"text-align: justify;\">Gloria dej\u00f3 escrito que, sin la tragedia de la guerra civil, tal vez no hubiera comenzado a escribir versos.<\/p>\n<p style=\"text-align: justify;\">No pose\u00eda estudios superiores, ni experiencia en la ense\u00f1anza, a pesar de ello, fue profesora en una Universidad de los Estados Unidos desde 1.961 a 1.963, cuando era Presidente Kennedy, empe\u00f1ado en la guerra del Vietnam.<\/p>\n<p style=\"text-align: justify;\">Sus temas preferidos fueron siempre los dram\u00e1ticos de la vida social y humana; las guerras en el mundo y la anhelada paz. Todo cuan\u00adto escribi\u00f3 sobre las guerras quer\u00eda reunirlo en un solo volumen y antes de morir ya ten\u00eda pensado su t\u00edtulo: &#8220;Garra de la Guerra&#8221;.<\/p>\n<p style=\"text-align: justify;\">C\u00f3mo defin\u00eda Gloria Fuertes la poes\u00eda: \u201cLa poes\u00eda cotidiana debe ser al pan, pan y al vino, vino,&#8221;&#8216; pero con belleza, que para eso es poes\u00eda. Ir a lo directo, emotivo y con gracia. Demostrar que cualquier sentimiento, idea, tema, cualquier cosa tiene poes\u00eda. No hay -nada en lo que no irradie la poes\u00eda, (a no ser el verbo matar y sus derivados). Cuando la poes\u00eda es clara y jugosa, (sin salirse del tiesto), escrita con emoci\u00f3n y con gracia se hace popular y \u00fatil. Si es as\u00ed llega a todos los p\u00fablicos, aunque est\u00e9 falta de educaci\u00f3n de reglas y cultura, porque para sentir lo po\u00e9tico no hace falta ser bachiller. No es un problema educacional, ya que hay cierta clase de poes\u00eda con la que se hace llorar o re\u00edr a un analfabeto. \u201cLo digo por propia experiencia\u201d.<\/p>\n<p style=\"text-align: justify;\">Quien quiera saber muchas cosas de Gloria Fuertes tendr\u00e1 que leer sus libros, porque ya no est\u00e1 la autora para recit\u00e1rnoslos por TV, con su peculiar voz y su arte y manera de decirlos, con lo cual nos despertaba emoci\u00f3n y ternura.<\/p>\n<p style=\"text-align: justify;\">As\u00ed pues, dejemos las guerras y leamos a Gloria Fuertes en paz.<\/p>\n<p style=\"text-align: right;\"><strong>Rafael Camacho<\/strong><\/p>\n<p>&nbsp;<\/p>\n<p style=\"text-align: center;\"><strong>ALGUNOS VERSOS DE GLORIA FUERTES<\/strong><\/p>\n<p style=\"text-align: center;\"><strong>FRANCISCANISMO<\/strong><\/p>\n<p style=\"text-align: center;\">Hermana nube, hermano p\u00e1jaro,<\/p>\n<p style=\"text-align: center;\">y t\u00fa, perro polic\u00eda,<\/p>\n<p style=\"text-align: center;\">y t\u00fa, polic\u00eda armado,<\/p>\n<p style=\"text-align: center;\">\u00a1Todos sois hermanos m\u00edos!<\/p>\n<p style=\"text-align: center;\">Pero dime t\u00fa, Francisco:<\/p>\n<p style=\"text-align: center;\">\u00bfSon los bacilos de Koch<\/p>\n<p style=\"text-align: center;\">tambi\u00e9n hermanos m\u00edos?<\/p>\n<p style=\"text-align: center;\">\u00a0\u00a0\u00a0\u00a0\u00a0\u00a0\u00a0\u00a0\u00a0\u00a0\u00a0\u00a0\u00a0 (Del libro &#8220;Garra de la guerra)<\/p>\n<p style=\"text-align: center;\"><strong>CABRA SOLA<\/strong><\/p>\n<p style=\"text-align: center;\">Hay quien dice que estoy como una cabra;<\/p>\n<p style=\"text-align: center;\">Lo dicen, lo repiten, ya lo creo;<\/p>\n<p style=\"text-align: center;\">pero soy una cabra muy extra\u00f1a<\/p>\n<p style=\"text-align: center;\">que lleva una medalla y siete cuernos.<\/p>\n<p style=\"text-align: center;\">\u00a1Cabra! En vez de mala leche yo doy llanto.<\/p>\n<p style=\"text-align: center;\">\u00a1Cabra! Por lo m\u00e1s peligroso me paseo.<\/p>\n<p style=\"text-align: center;\">\u00a1Cabra! Me llevo bien con alima\u00f1as, todas.<\/p>\n<p style=\"text-align: center;\">\u00a1Cabra! Y escribo en los tebeos.<\/p>\n<p style=\"text-align: center;\">Vivo sola, cabra sola<\/p>\n<p style=\"text-align: center;\">-que no quise cabrito en compa\u00f1\u00eda-.<\/p>\n<p style=\"text-align: center;\">Cuando subo a lo alto del valle,<\/p>\n<p style=\"text-align: center;\">siempre encuentro un lirio de alegr\u00eda.<\/p>\n<p style=\"text-align: center;\">Y vivo por mi cuenta, cabra sola;<\/p>\n<p style=\"text-align: center;\">que yo a ning\u00fan reba\u00f1o pertenezco.<\/p>\n<p style=\"text-align: center;\">Si sufrir es estar como una cabra,<\/p>\n<p style=\"text-align: center;\">entonces s\u00ed lo estoy, no dudar de ello.<\/p>\n<p style=\"text-align: center;\">(Del libro &#8220;Poeta de guardia&#8221;)<\/p>\n<p style=\"text-align: center;\"><strong>NO ESTOY CHIFLADA<\/strong><\/p>\n<p style=\"text-align: center;\">Me gusta el mar,<\/p>\n<p style=\"text-align: center;\">el monte, el r\u00edo,<\/p>\n<p style=\"text-align: center;\">la cascada;<\/p>\n<p style=\"text-align: center;\">me gusta el libro,<\/p>\n<p style=\"text-align: center;\">la m\u00fasica, la amistad,<\/p>\n<p style=\"text-align: center;\">la playa.<\/p>\n<p style=\"text-align: center;\">Me chifla todo,<\/p>\n<p style=\"text-align: center;\">estoy chiflada.<\/p>\n<p style=\"text-align: center;\">Me gusta la lluvia,<\/p>\n<p style=\"text-align: center;\">la nevada;<\/p>\n<p style=\"text-align: center;\">me gusta el bosque,<\/p>\n<p style=\"text-align: center;\">el duende, el hada.<\/p>\n<p style=\"text-align: center;\">Me chifla todo,<\/p>\n<p style=\"text-align: center;\">estoy chiflada.<\/p>\n<p style=\"text-align: center;\">Me gustan los gamusinos azules,<\/p>\n<p style=\"text-align: center;\">las verdes ranas,<\/p>\n<p style=\"text-align: center;\">las g\u00e1rgolas de piedra,<\/p>\n<p style=\"text-align: center;\">las campanas.<\/p>\n<p style=\"text-align: center;\">Me chifla todo,<\/p>\n<p style=\"text-align: center;\">estoy chiflada.<\/p>\n<p style=\"text-align: center;\">Me gustan los ni\u00f1os:<\/p>\n<p style=\"text-align: center;\">blancos, negritos,<\/p>\n<p style=\"text-align: center;\">esquimales, gitanitos,<\/p>\n<p style=\"text-align: center;\">indios, chinitos\u2026<\/p>\n<p style=\"text-align: center;\">Me chiflan todos.<\/p>\n<p style=\"text-align: center;\">\u00a1No estoy chiflada!<\/p>\n<p style=\"text-align: center;\">\u00a0(Del libro &#8220;Versos fritos&#8221;)<\/p>\n<p style=\"text-align: center;\"><a href=\"http:\/\/churrianadelavega.org\/\"><img decoding=\"async\" loading=\"lazy\" class=\"aligncenter size-full wp-image-26009\" src=\"http:\/\/granadacostanacional.es\/wp-content\/uploads\/2020\/11\/Churriana-de-la-Vega-web-1.gif\" alt=\"Churriana de la Vega web\" width=\"689\" height=\"567\" \/><\/a><\/p>\n","protected":false},"excerpt":{"rendered":"<p>La poeta autodidacta, pregonera de las vivencias sociales de la humanidad y de las propias suyas. Gloria Fuertes naci\u00f3 en&hellip;<\/p>\n","protected":false},"author":3,"featured_media":26204,"comment_status":"open","ping_status":"open","sticky":false,"template":"","format":"standard","meta":{"om_disable_all_campaigns":false,"_mi_skip_tracking":false,"_monsterinsights_sitenote_active":false,"_monsterinsights_sitenote_note":"","_monsterinsights_sitenote_category":0,"footnotes":""},"categories":[21],"tags":[],"aioseo_notices":[],"_links":{"self":[{"href":"https:\/\/granadacostaglobal.es\/index.php?rest_route=\/wp\/v2\/posts\/26203"}],"collection":[{"href":"https:\/\/granadacostaglobal.es\/index.php?rest_route=\/wp\/v2\/posts"}],"about":[{"href":"https:\/\/granadacostaglobal.es\/index.php?rest_route=\/wp\/v2\/types\/post"}],"author":[{"embeddable":true,"href":"https:\/\/granadacostaglobal.es\/index.php?rest_route=\/wp\/v2\/users\/3"}],"replies":[{"embeddable":true,"href":"https:\/\/granadacostaglobal.es\/index.php?rest_route=%2Fwp%2Fv2%2Fcomments&post=26203"}],"version-history":[{"count":0,"href":"https:\/\/granadacostaglobal.es\/index.php?rest_route=\/wp\/v2\/posts\/26203\/revisions"}],"wp:featuredmedia":[{"embeddable":true,"href":"https:\/\/granadacostaglobal.es\/index.php?rest_route=\/"}],"wp:attachment":[{"href":"https:\/\/granadacostaglobal.es\/index.php?rest_route=%2Fwp%2Fv2%2Fmedia&parent=26203"}],"wp:term":[{"taxonomy":"category","embeddable":true,"href":"https:\/\/granadacostaglobal.es\/index.php?rest_route=%2Fwp%2Fv2%2Fcategories&post=26203"},{"taxonomy":"post_tag","embeddable":true,"href":"https:\/\/granadacostaglobal.es\/index.php?rest_route=%2Fwp%2Fv2%2Ftags&post=26203"}],"curies":[{"name":"wp","href":"https:\/\/api.w.org\/{rel}","templated":true}]}}