{"id":26098,"date":"2020-11-20T12:07:23","date_gmt":"2020-11-20T12:07:23","guid":{"rendered":"http:\/\/granadacostanacional.es\/?p=26098"},"modified":"2020-11-20T12:07:23","modified_gmt":"2020-11-20T12:07:23","slug":"en-el-ciclo-de-jornadas-una-mirada-hacia-el-nino-propuesta-de-reflexion-alrededor-de-la-sexualidad-en-la-infancia-hoy-dia-de-la-infancia","status":"publish","type":"post","link":"https:\/\/granadacostaglobal.es\/?p=26098","title":{"rendered":"En el ciclo de jornadas: Una  mirada hacia el ni\u00f1o, propuesta de reflexi\u00f3n alrededor de la sexualidad en la  infancia. Hoy d\u00eda de la INFANCIA"},"content":{"rendered":"<div style=\"text-align: justify;\"><b>la Dra To\u00f1y Castillo participa como Coordinadora\u00a0del Grupo de Pedagogia y Salud del Colegio Oficial de Pedagogos de Catalu\u00f1a ( Col.legi Oficial de Pedagogs de Catalunya)\u00a0 en el ciclo de jornadas La mirada sobre el ni\u00f1o, organizado por la Iniciativa Intercol\u00b7legial para la Infancia y la Adolescencia que esta edici\u00f3n aborda\u00a0 una propuesta de reflexi\u00f3n alrededor de la sexualidad a la infancia.<\/b><\/div>\n<div style=\"text-align: justify;\"><\/div>\n<div style=\"text-align: justify;\"><a href=\"http:\/\/granadacostanacional.es\/wp-content\/uploads\/2020\/11\/WhatsApp-Image-2020-11-20-at-12.41.42-7.jpeg\"><img decoding=\"async\" loading=\"lazy\" class=\"size-medium wp-image-26121 alignleft\" src=\"http:\/\/granadacostanacional.es\/wp-content\/uploads\/2020\/11\/WhatsApp-Image-2020-11-20-at-12.41.42-7-169x300.jpeg\" alt=\"WhatsApp Image 2020-11-20 at 12.41.42 (7)\" width=\"169\" height=\"300\" \/><\/a>La sexualidad representa, como pocos otros aspectos de nuestra vida, un espacio de confluencia entre el cuerpo y la mente, entre los afectos, los sentidos y el placer, entre la relaci\u00f3n con uno\/a mismo\/a y la relaci\u00f3n con los\/las otros&#8230; En definitiva, un espacio donde interseccionen elementos propios de la reproducci\u00f3n -como concebimos- con otros pertenecientes a la identidad -como nos concebimos-.<\/div>\n<div style=\"text-align: justify;\"><\/div>\n<div style=\"text-align: justify;\">Justamente esta caracter\u00edstica poli\u00e9drica de la sexualidad la hace id\u00f3nea para ser abordada desde perspectivas diversas y transversales. Con este objetivo, contaremos nuevamente con la participaci\u00f3n de profesionales procedentes de \u00e1mbitos como la sociolog\u00eda, la pediatr\u00eda, la psicolog\u00eda, la educaci\u00f3n, la pedagog\u00eda, la enfermer\u00eda y el trabajo social.<\/div>\n<div style=\"text-align: justify;\"><\/div>\n<div style=\"text-align: justify;\">La Jornada se\u00a0 ha estructurado en tres bloques diferenciados. Para empezar, una conferencia inaugural a cargo de Joan Manuel Del Pozo, profesor de filosof\u00eda de la Universtitat de Girona, que nos habl\u00f3 de los retos educativos en relaci\u00f3n al abordaje de la sexualidad en la escuela. En segundo lugar, una mesa redonda, Hipersexualitat e infancia: el sexo y sus circunstancias, que abord\u00f3 diferentes elementos del contexto en el que se desarrollan sexualmente nuestros ni\u00f1os, desde una visi\u00f3n multidisciplinar. Para acabar,\u00a0 con una segunda mesa redonda, Construcciones de la sexualidad, sobre la corporalidad, la identidad y sus posibles transiciones.<\/div>\n<div style=\"text-align: justify;\"><\/div>\n<div style=\"text-align: justify;\"><\/div>\n<div style=\"text-align: justify;\">Programa:<\/div>\n<div style=\"text-align: justify;\"><\/div>\n<div style=\"text-align: justify;\"><a href=\"http:\/\/granadacostanacional.es\/wp-content\/uploads\/2020\/11\/WhatsApp-Image-2020-11-20-at-12.41.42.jpeg\"><img decoding=\"async\" loading=\"lazy\" class=\" wp-image-26128 alignleft\" src=\"http:\/\/granadacostanacional.es\/wp-content\/uploads\/2020\/11\/WhatsApp-Image-2020-11-20-at-12.41.42-300x225.jpeg\" alt=\"WhatsApp Image 2020-11-20 at 12.41.42\" width=\"208\" height=\"156\" \/><\/a>&#8211; 9.00 &#8211; 9.10h: Apertura jornada a cargo de Dolors Liria: Comisionada de Desarrollo Profesional y Empleabilidad de la Junta de Gobierno del COPC.<\/div>\n<div style=\"text-align: justify;\"><\/div>\n<div style=\"text-align: justify;\"><\/div>\n<div style=\"text-align: justify;\"><\/div>\n<div style=\"text-align: justify;\"><\/div>\n<div style=\"text-align: justify;\"><\/div>\n<div style=\"text-align: justify;\"><\/div>\n<div style=\"text-align: justify;\"><\/div>\n<div style=\"text-align: justify;\">&#8211; 9.10 &#8211; 10.15h: Conferencia Inaugural: \u201cLa sexualidad en un contexto de valores c\u00edvicos y educativos\u201d a cargo de Joan Manuel del Pozo, Doctor en filosof\u00eda. Modera Francesc Vil\u00e0<\/div>\n<div><a href=\"http:\/\/granadacostanacional.es\/wp-content\/uploads\/2020\/11\/WhatsApp-Image-2020-11-20-at-12.41.42-2.jpeg\"><img decoding=\"async\" loading=\"lazy\" class=\"size-medium wp-image-26126 aligncenter\" src=\"http:\/\/granadacostanacional.es\/wp-content\/uploads\/2020\/11\/WhatsApp-Image-2020-11-20-at-12.41.42-2-300x225.jpeg\" alt=\"WhatsApp Image 2020-11-20 at 12.41.42 (2)\" width=\"300\" height=\"225\" \/><\/a><\/div>\n<div style=\"text-align: justify;\"><\/div>\n<div style=\"text-align: justify;\"><\/div>\n<div style=\"text-align: justify;\"><\/div>\n<div style=\"text-align: justify;\"><\/div>\n<div style=\"text-align: justify;\"><\/div>\n<div style=\"text-align: justify;\"><\/div>\n<div style=\"text-align: justify;\"><\/div>\n<div style=\"text-align: justify;\"><\/div>\n<div style=\"text-align: justify;\"><\/div>\n<div style=\"text-align: justify;\"><\/div>\n<div style=\"text-align: justify;\"><\/div>\n<div style=\"text-align: justify;\"><b>&#8211;\u00a010.15 &#8211; 13.30h: Mesas redondas: \u201cHipersexualitat e infancia: el sexo y sus circunstancias\u201d y\u00a0<em><strong>\u00a0&#8220;<\/strong><strong>Construccions de la sexualitat&#8221;<\/strong><\/em><\/b><\/div>\n<div style=\"text-align: justify;\">\n<p class=\"nombre\"><a href=\"http:\/\/granadacostanacional.es\/wp-content\/uploads\/2020\/11\/WhatsApp-Image-2020-11-20-at-12.41.42-3.jpeg\"><img decoding=\"async\" loading=\"lazy\" class=\"alignnone size-medium wp-image-26125\" src=\"http:\/\/granadacostanacional.es\/wp-content\/uploads\/2020\/11\/WhatsApp-Image-2020-11-20-at-12.41.42-3-300x225.jpeg\" alt=\"WhatsApp Image 2020-11-20 at 12.41.42 (3)\" width=\"300\" height=\"225\" \/><\/a><a href=\"http:\/\/granadacostanacional.es\/wp-content\/uploads\/2020\/11\/WhatsApp-Image-2020-11-20-at-12.55.25.jpeg\"><img decoding=\"async\" loading=\"lazy\" class=\"alignnone size-medium wp-image-26132\" src=\"http:\/\/granadacostanacional.es\/wp-content\/uploads\/2020\/11\/WhatsApp-Image-2020-11-20-at-12.55.25-300x225.jpeg\" alt=\"WhatsApp Image 2020-11-20 at 12.55.25\" width=\"300\" height=\"225\" \/><\/a><\/p>\n<p class=\"nombre\"><strong>Ana Barbe<\/strong><strong>ro\u00a0<\/strong>Licenciada en Medicina por la UB, especialista en Pediatr\u00eda.\u00a0Master\u00a0en Psicoterapia Anal\u00edtica Grupal y psicoterapeuta acreditada por la F.E.A.P.\u00a0Medico colaboradora\u00a0del Servicio de\u00a0Oncohematologia\u00a0Pedi\u00e1trica\u00a0HMI\u00a0Vall de Hebr\u00f3n del 2001-2003. Pediatra de Atenci\u00f3n Primaria en el Instituto Catal\u00e1n de la Salud (2003-2018). Fue coordinadora de la Unidad de Pediatr\u00eda Familiar y Adopci\u00f3n de Cl\u00ednica\u00a0Corachan\u00a0Neurociencias. Miembro del equipo de Online\u00a0Medicus\u00a0y\u00a0Tu Pediatra Online\u00a0desde 2018. Actualmente ejerce desde su Consulta en el sector privado, como pediatra y psicoterapeuta familiar e infanto-juvenil.<\/p>\n<\/div>\n<div style=\"text-align: justify;\"><strong>Carme Guill\u00e9n\u00a0<\/strong>Psic\u00f3loga cl\u00ednica, psicoanalista. Coordinadora del\u00a0GT\u00a0Psicoan\u00e1lisis y Sociedad del\u00a0COPC\u00a0y miembro del\u00a0CIAC\u00a0(Comit\u00e9 de Infancia y adolescencia) del\u00a0COPC.<\/div>\n<div style=\"text-align: justify;\"><\/div>\n<div style=\"text-align: justify;\"><strong>Francesc Vil\u00e0\u00a0<\/strong>Psicoanalista.\u00a0AME\u00a0de la\u00a0ELP\u00a0y\u00a0AMP. Investigador en\u00a0salud\u00a0mental\u00a0comunitaria.<\/div>\n<div style=\"text-align: justify;\"><\/div>\n<div style=\"text-align: justify;\"><strong>Ignasi Puig Rodas\u00a0<\/strong>Psic\u00f3logo\u00a0especializado en el\u00a0ambito de la sexolog\u00eda y la terapia de pareja. Su especialidad est\u00e1 en las sexualidades no-normativas, las identidades sexuales y las relaciones\u00a0sexo-afectivas\u00a0no-monog\u00e0micas. Es miembro de la Sociedad Catalana de Sexolog\u00eda, del\u00a0GT\u00a0de Psicolog\u00eda\u00a0LGTBIQA+\u00a0del\u00a0COPC\u00a0y ocupa la presidencia del\u00a0CI\u00a0en Sociolog\u00eda de las Sexualidades de la Federaci\u00f3n Espa\u00f1ola de Sociolog\u00eda. Actualmente est\u00e1 realizando su tesis doctoral en las subculturas\u00a0BDSM\u00a0de la Estado Espa\u00f1ol.<\/div>\n<div style=\"text-align: justify;\"><\/div>\n<div style=\"text-align: justify;\"><strong>Joan Manuel del Pozo\u00a0<\/strong>Doctor en Filosof\u00eda, profesor em\u00e9rito y s\u00edndico de la UdG. Autor de libros y art\u00edculos y conferenciante sobre autores cl\u00e1sicos, filosof\u00eda, educaci\u00f3n, \u00e9tica y pol\u00edtica. Ha estado diputado en el Congreso y en el Parlamento, teniente de alcalde del Ayuntamiento de Girona y consejero de Educaci\u00f3n y Universidades al \u00faltimo gobierno de Pasqual Maragall&#8221;.<\/div>\n<div style=\"text-align: justify;\"><\/div>\n<div style=\"text-align: justify;\"><strong>Jos\u00e9 Antonio Zafra Agea<\/strong>\u00a0Enfermero y profesor en la Universidad de Enfermer\u00eda de Mar,\u00a0ESIMar. Doctor por la Universidad Rovira i Virgili. Investigador en Promoci\u00f3n de la Salud en la adolescencia. Coordinador M\u00e1ster Universitario en Enfermer\u00eda y Salud Escolar.<\/div>\n<div style=\"text-align: justify;\"><\/div>\n<div style=\"text-align: justify;\"><strong>Dra Laura Tur\u00a0<\/strong>Pediatra de Atenci\u00f3n Primaria, actualmente forma parte del Equipo de Pediatr\u00eda de Atenci\u00f3n Primaria del Alto Pened\u00e9s-Garraf. Siempre ha cre\u00eddo que el efecto de los determinantes sociales sobre la salud de los ni\u00f1os es muy importante y por tanto, es fundamental tenerlos en cuenta e intervenir sobre estos desde la Atenci\u00f3n Primaria. Por este motivo decidi\u00f3 ampliar su formaci\u00f3n con el puesto grado de Pediatr\u00eda Social de la Universitat de Barcelona.<\/div>\n<div style=\"text-align: justify;\">\n<p class=\"nombre\"><strong>Miquel Miss\u00e9<\/strong>\u00a0Soci\u00f3logo y activista trans.<\/p>\n<div class=\"texto\">\n<p class=\"nombre\"><strong>Montserrat Puig\u00a0<\/strong>Psiquiatra, psicoanalista. Miembro de la Escuela Lacaniana de Psicoan\u00e1lisis.<\/p>\n<div class=\"texto\">\n<p class=\"nombre\"><strong>Rosa Almirall\u00a0<\/strong>Doctora en Ginecolog\u00eda y Obstetricia M\u00e1ster en sexualidad humana. Directora de\u00a0diveros\u00a0servicios de atenci\u00f3n a la salud sexual y reproductiva del Instituto Catal\u00e1n de la Salud. Mujer\u00a0cis\u00a0transfeminista. Creadora el a\u00f1o 2012 del servicio Tr\u00e1fico, promoci\u00f3n de la salud de las personas trans* de Catalu\u00f1a con un modelo de atenci\u00f3n\u00a0despatologitzador, que gracias a la lucha de la Plataforma Transforma la Salud, es reconocido el a\u00f1o 2016 como servicio de referencia en Catalu\u00f1a.<\/p>\n<\/div>\n<\/div>\n<div class=\"texto\">\n<p class=\"nombre\"><strong>Rosa Rodr\u00edguez\u00a0<\/strong>Pedagoga. Presidenta del Colegio Oficial de Pedagog\u00eda de Catalu\u00f1a.<\/p>\n<div class=\"texto\"><strong>To\u00f1y Castillo\u00a0<\/strong>Doctora por la Universitat de Lleida, Suficiencia Investigadora en el \u00c1rea de Psicologia y Salud. Docente del aula Hospitalaria Dr. Antoni\u00a0Cambrod\u00ed\u00a0del Hospital Arnau de Vilanova. Directora Asesoria Psicopedag\u00f3gica Dra. Castillo.\u00a0 Coordinadora del Grupo de Investigaci\u00f3n de Pedagog\u00eda y Salud del Colegio de Pedagogos de Catalu\u00f1a.<\/div>\n<\/div>\n<\/div>\n<div style=\"text-align: justify;\"><\/div>\n<div style=\"text-align: justify;\"><strong>Mireia Cebrian\u00a0<\/strong>Licenciada en filosof\u00eda y m\u00e1ster en &#8220;estudios de mujeres, g\u00e9nero y ciudadan\u00eda&#8221;. Hace cinco a\u00f1os que se dedica en la educaci\u00f3n no formal sobre sexualidades y feminismos con j\u00f3venes, mujeres y profesionales. Su entrada al\u00a0CJAS\u00a0fue como brigadista del &#8220;No es No&#8221;, para erradicar las violencias machistas, actuando en espacios de ocio nocturno. Hace dos a\u00f1os que es referente del \u00e1rea de educaci\u00f3n del\u00a0CJAS, y sus roles van de\u00a0tallerista\u00a0a t\u00e9cnica de proyectos y coordinaci\u00f3n. El curso pasado estuvo implicada en el equipo de elaboraci\u00f3n del\u00a0Coeduca&#8217;t, el curr\u00edculum de educaci\u00f3n sexual integral para las escuelas de Catalu\u00f1a; este a\u00f1o, est\u00e1 elaborando una gu\u00eda pedag\u00f3gica sobre los Derechos Sexuales y Reproductivos de actuaci\u00f3n al \u00e1mbito del Ocio.<\/div>\n","protected":false},"excerpt":{"rendered":"<p>la Dra To\u00f1y Castillo participa como Coordinadora\u00a0del Grupo de Pedagogia y Salud del Colegio Oficial de Pedagogos de Catalu\u00f1a (&hellip;<\/p>\n","protected":false},"author":4,"featured_media":26136,"comment_status":"open","ping_status":"open","sticky":false,"template":"","format":"standard","meta":{"om_disable_all_campaigns":false,"_mi_skip_tracking":false,"_monsterinsights_sitenote_active":false,"_monsterinsights_sitenote_note":"","_monsterinsights_sitenote_category":0,"footnotes":""},"categories":[25,21,35,22,19,30],"tags":[],"aioseo_notices":[],"_links":{"self":[{"href":"https:\/\/granadacostaglobal.es\/index.php?rest_route=\/wp\/v2\/posts\/26098"}],"collection":[{"href":"https:\/\/granadacostaglobal.es\/index.php?rest_route=\/wp\/v2\/posts"}],"about":[{"href":"https:\/\/granadacostaglobal.es\/index.php?rest_route=\/wp\/v2\/types\/post"}],"author":[{"embeddable":true,"href":"https:\/\/granadacostaglobal.es\/index.php?rest_route=\/wp\/v2\/users\/4"}],"replies":[{"embeddable":true,"href":"https:\/\/granadacostaglobal.es\/index.php?rest_route=%2Fwp%2Fv2%2Fcomments&post=26098"}],"version-history":[{"count":0,"href":"https:\/\/granadacostaglobal.es\/index.php?rest_route=\/wp\/v2\/posts\/26098\/revisions"}],"wp:featuredmedia":[{"embeddable":true,"href":"https:\/\/granadacostaglobal.es\/index.php?rest_route=\/"}],"wp:attachment":[{"href":"https:\/\/granadacostaglobal.es\/index.php?rest_route=%2Fwp%2Fv2%2Fmedia&parent=26098"}],"wp:term":[{"taxonomy":"category","embeddable":true,"href":"https:\/\/granadacostaglobal.es\/index.php?rest_route=%2Fwp%2Fv2%2Fcategories&post=26098"},{"taxonomy":"post_tag","embeddable":true,"href":"https:\/\/granadacostaglobal.es\/index.php?rest_route=%2Fwp%2Fv2%2Ftags&post=26098"}],"curies":[{"name":"wp","href":"https:\/\/api.w.org\/{rel}","templated":true}]}}