{"id":26016,"date":"2020-11-10T09:59:46","date_gmt":"2020-11-10T09:59:46","guid":{"rendered":"http:\/\/granadacostanacional.es\/?p=26016"},"modified":"2020-11-10T09:59:46","modified_gmt":"2020-11-10T09:59:46","slug":"v-seminario-estatal-sobre-explotacion-sexual","status":"publish","type":"post","link":"https:\/\/granadacostaglobal.es\/?p=26016","title":{"rendered":"V SEMINARIO ESTATAL SOBRE EXPLOTACI\u00d3N SEXUAL"},"content":{"rendered":"<p style=\"text-align: justify;\">Dra. Carme Tello Casany<\/p>\n<p style=\"text-align: justify;\">Los pasados d\u00edas 26 al 29 de octubre se efectu\u00f3 en Madrid el V Seminario Estatal sobre Explotaci\u00f3n Sexual de la Infancia y la Adolescencia, Organizado por\u00a0FAPMI-ECPAT Espa\u00f1a\u00a0y\u00a0la\u00a0C\u00e1tedra Santander de los Derechos del Ni\u00f1o &#8211; ICADE\u00a0de la Universidad Pontificia Comillas, con el apoyo y financiaci\u00f3n del\u00a0Ministerio de Sanidad, Consumo y Bienestar Social.\u00a0FAPMI-ECPAT Espa\u00f1a, fue fundada en 1990, y desarrolla un amplio conjunto de actividades que intentan abarcar cualquier forma de violencia contra la infancia y adolescencia y crear espacios de colaboraci\u00f3n con todos los ciudadanos, profesionales, Administraciones, entidades y organizaciones con objetivos an\u00e1logos o complementarios a los nuestros: es decir la prevenci\u00f3n del maltrato infantil y la promoci\u00f3n del buen trato a la infancia como estrategia m\u00e1s eficaz.<\/p>\n<p style=\"text-align: justify;\">Este Seminario fue un espacio de encuentro entre todos los agentes involucrados (psic\u00f3logos, juristas, polic\u00eda, administraci\u00f3n) en la prevenci\u00f3n y detecci\u00f3n de la violencia sexual y la explotaci\u00f3n sexual de ni\u00f1os, ni\u00f1as y adolescentes desde una doble perspectiva: el compromiso para su erradicaci\u00f3n y la implementaci\u00f3n de dicho compromiso a trav\u00e9s de las aportaciones cient\u00edficas de la investigaci\u00f3n sobre este problema.<\/p>\n<p style=\"text-align: justify;\">\u00a0Durante estos cuatro d\u00edas en el seminario se trabajaron diferentes aspectos relacionados con la explotaci\u00f3n sexual en la infancia y adolescencia, centr\u00e1ndose en los tema de:<\/p>\n<ul style=\"text-align: justify;\">\n<li>Los nuevos retos con la que se encuentra la Explotaci\u00f3n Sexual Online de la Infancia y la Adolescencia.<\/li>\n<li>Las diferentes formas de victimizaci\u00f3n sexual online.<\/li>\n<li>El marco legal para poder hacer frente a la violencia sexual online contra ni\u00f1as, ni\u00f1os y adolescentes y propuestas de mejora.<\/li>\n<li>La investigaci\u00f3n policial y el procesamiento judicial a nivel de Espa\u00f1a e internacional<\/li>\n<\/ul>\n<ul style=\"text-align: justify;\">\n<li>La intervenci\u00f3n con los agresores y las victimas, y el papel de las instituciones penitenciarias<\/li>\n<\/ul>\n<p style=\"text-align: justify;\">Tambi\u00e9n se desarrollaron las diferentes las estrategias y programas para la lucha contra la explotaci\u00f3n sexual de la infancia y adolescencia <em>one line.<\/em> Tales como el programa de prevenci\u00f3n de FAPMI-Espa\u00f1a: que es la Campa\u00f1a de Prevenci\u00f3n de la Explotaci\u00f3n Sexual Online presentaci\u00f3n\/ Iniciativa <em>Make-IT-Safe. <\/em><strong>El programa MAKE IT SAFE<\/strong>\u00a0es una iniciativa de ECPAT Internacional, concebida como una campa\u00f1a global para la promoci\u00f3n\u00a0de una internet segura para los ni\u00f1os, ni\u00f1as y adolescentes. A finales de 2011, FAPMI asumi\u00f3 la representaci\u00f3n en Espa\u00f1a de la Red ECPAT Internacional y es por ello que desarrollamos este programa. Se enmarca dentro del conjunto de actuaciones en el \u00e1mbito de la prevenci\u00f3n de la explotaci\u00f3n sexual de la infancia y la adolescencia: son acciones de sensibilizaci\u00f3n y prevenci\u00f3n dirigidas al conjunto de la sociedad civil sobre la problem\u00e1tica del maltrato infantil, y\u00a0<strong>en especial en contexto online. <\/strong>Concretamente, este programa trata de abordar, por un lado,\u00a0<strong>el uso de las Tecnolog\u00edas de Relaci\u00f3n, Informaci\u00f3n y Comunicaci\u00f3n (TRICs) de forma segura y responsable<\/strong>\u00a0por parte de los ni\u00f1os\/as y adolescentes de los centros educativos y de aquellos pertenecientes a colectivos especialmente vulnerables (en centros de protecci\u00f3n, en riesgo de exclusi\u00f3n social, con discapacidad\/diversidad funcional, etc). Por otro, se pretende extender el buen uso de las TRICs a padres, madres, familias y colectivos profesionales en el \u00e1mbito de la infancia y la adolescencia (\u00e1mbito educativo, sanitario, social, jur\u00eddico y policial) para, en conjunto, contribuir\u00a0a la prevenci\u00f3n del maltrato, en especial en el contexto online, y al fomento del buen trato hacia los ni\u00f1os\/as y adolescentes, partiendo de la consideraci\u00f3n de que, como ciudadanos y miembros de la sociedad, ellos son tambi\u00e9n sujetos de Derechos y Responsabilidades.<\/p>\n<p style=\"text-align: justify;\">Se finaliz\u00f3 con \u00a0la presentaci\u00f3n del programa \u00a0del Proyecto 4NSEEK\u00a0<em>\u201cForensic Against Sexual Exploitation of Children&#8221; <\/em>que es un proyecto cofinanciado por la Uni\u00f3n Europea (UE).\u00a0 Los objetivos de este proyecto son:<\/p>\n<ul style=\"text-align: justify;\">\n<li>El fomento de la cooperaci\u00f3n policial internacional con el uso de herramientas y procedimientos forenses comunes, as\u00ed como la formaci\u00f3n avanzada en esta materia.<\/li>\n<li>La mejora de la herramienta de an\u00e1lisis forense 4NSEEK especializada en maltrato infantil incluyendo mejoras innovadoras basadas en las necesidades de los polic\u00edas implicados, reforzadas por la investigaci\u00f3n cient\u00edfica de las Universidades participantes.<\/li>\n<li>Y finalmente la elaboraci\u00f3n y difusi\u00f3n de gu\u00edas y otros materiales para detectar y prevenir el abuso sexual de menores a trav\u00e9s de un grupo de expertos en este tipo de delitos, integrado por psic\u00f3logos, trabajadores sociales, educadores, legisladores, polic\u00edas y fiscales.<\/li>\n<\/ul>\n<p style=\"text-align: justify;\">Durante estos cuatro d\u00edas se ha podido tener una visi\u00f3n de conjunto amplia de la terrible lacra que implican los abusos sexuales en la infancia i adolescencia en diferentes \u00e1mbitos. Los abusos sexuales <em>one line <\/em>son especialmente preocupantes por la dificultad que presenta el control de Internet desde su creaci\u00f3n. No olvidemos que en el origen, Internet,\u00a0 era un programa militar para evitar que se cortaran las comunicaciones. Ello implica que es un f\u00e1cil coladero para pederastas, psic\u00f3patas y perversos sexuales en general.\u00a0 Es dram\u00e1tica la dificultad de control de Internet especialmente en aquellos temas\u00a0 relacionados con la prostituci\u00f3n, tr\u00e1fico y vejaci\u00f3n de menores, muchos de ellos unos ni\u00f1os de apenas pocos a\u00f1os. Tambi\u00e9n ha sido muy interesante la descripci\u00f3n del papel de los pederastas y de la Internet profunda y oscura. O de c\u00f3mo la educaci\u00f3n sexual de los m\u00e1s j\u00f3venes parece lastrada por el uso indiscriminado de la pornograf\u00eda <em>one line.<\/em><\/p>\n<p style=\"text-align: justify;\">\n<p><a href=\"http:\/\/www.molvizar.es\/\"><img decoding=\"async\" loading=\"lazy\" class=\"aligncenter size-large wp-image-25392\" src=\"http:\/\/granadacostanacional.es\/wp-content\/uploads\/2020\/09\/Molv\u00edzar-web-1024x843.gif\" alt=\"Molv\u00edzar web\" width=\"1024\" height=\"843\" \/><\/a><\/p>\n","protected":false},"excerpt":{"rendered":"<p>Dra. Carme Tello Casany Los pasados d\u00edas 26 al 29 de octubre se efectu\u00f3 en Madrid el V Seminario Estatal&hellip;<\/p>\n","protected":false},"author":4,"featured_media":25985,"comment_status":"open","ping_status":"open","sticky":false,"template":"","format":"standard","meta":{"om_disable_all_campaigns":false,"_mi_skip_tracking":false,"_monsterinsights_sitenote_active":false,"_monsterinsights_sitenote_note":"","_monsterinsights_sitenote_category":0,"footnotes":""},"categories":[25,21,35,22,19,30],"tags":[],"aioseo_notices":[],"_links":{"self":[{"href":"https:\/\/granadacostaglobal.es\/index.php?rest_route=\/wp\/v2\/posts\/26016"}],"collection":[{"href":"https:\/\/granadacostaglobal.es\/index.php?rest_route=\/wp\/v2\/posts"}],"about":[{"href":"https:\/\/granadacostaglobal.es\/index.php?rest_route=\/wp\/v2\/types\/post"}],"author":[{"embeddable":true,"href":"https:\/\/granadacostaglobal.es\/index.php?rest_route=\/wp\/v2\/users\/4"}],"replies":[{"embeddable":true,"href":"https:\/\/granadacostaglobal.es\/index.php?rest_route=%2Fwp%2Fv2%2Fcomments&post=26016"}],"version-history":[{"count":0,"href":"https:\/\/granadacostaglobal.es\/index.php?rest_route=\/wp\/v2\/posts\/26016\/revisions"}],"wp:featuredmedia":[{"embeddable":true,"href":"https:\/\/granadacostaglobal.es\/index.php?rest_route=\/"}],"wp:attachment":[{"href":"https:\/\/granadacostaglobal.es\/index.php?rest_route=%2Fwp%2Fv2%2Fmedia&parent=26016"}],"wp:term":[{"taxonomy":"category","embeddable":true,"href":"https:\/\/granadacostaglobal.es\/index.php?rest_route=%2Fwp%2Fv2%2Fcategories&post=26016"},{"taxonomy":"post_tag","embeddable":true,"href":"https:\/\/granadacostaglobal.es\/index.php?rest_route=%2Fwp%2Fv2%2Ftags&post=26016"}],"curies":[{"name":"wp","href":"https:\/\/api.w.org\/{rel}","templated":true}]}}