{"id":25965,"date":"2020-11-09T09:20:39","date_gmt":"2020-11-09T09:20:39","guid":{"rendered":"http:\/\/granadacostanacional.es\/?p=25965"},"modified":"2020-11-09T09:20:39","modified_gmt":"2020-11-09T09:20:39","slug":"25965-2","status":"publish","type":"post","link":"https:\/\/granadacostaglobal.es\/?p=25965","title":{"rendered":"Educaci\u00f3n en diabetes, educaci\u00f3n en salud"},"content":{"rendered":"<div data-original-attrs=\"{&quot;style&quot;:&quot;&quot;}\">\n<div style=\"text-align: justify;\" data-original-attrs=\"{&quot;style&quot;:&quot;&quot;}\"><\/div>\n<div style=\"text-align: justify;\" data-original-attrs=\"{&quot;style&quot;:&quot;&quot;}\">\n<div style=\"text-align: justify;\" data-original-attrs=\"{&quot;style&quot;:&quot;&quot;}\"><\/div>\n<p style=\"text-align: justify;\"><a href=\"http:\/\/granadacostanacional.es\/wp-content\/uploads\/2020\/11\/to\u00f1y.jpg\"><img decoding=\"async\" loading=\"lazy\" class=\"alignnone size-medium wp-image-25979\" src=\"http:\/\/granadacostanacional.es\/wp-content\/uploads\/2020\/11\/to\u00f1y-225x300.jpg\" alt=\"to\u00f1y\" width=\"225\" height=\"300\" \/><\/a>La diabetes tipo 1, tambi\u00e9n conocida como diabetes juvenil o insulinodependiente , se caracteriza por un aumento de los niveles de glucosa en sangre debido a un d\u00e9ficit en la producci\u00f3n de insulina. Las personas sin diabetes fabrican su propia insulina y las personas con diabetes tipos 1 se lo lo han de aporta.<\/p>\n<\/div>\n<div style=\"text-align: justify;\" data-original-attrs=\"{&quot;style&quot;:&quot;&quot;}\">La diabetes no impide que el ni\u00f1o realice las actividades propias de su edad, a pesar de que hay que tener en cuenta su disfunci\u00f3n. A todos los efectos, los ni\u00f1os con diabetes tienen que poder participar en las mismas actividades que el resto de compa\u00f1eros y compa\u00f1eras. Es importante tener la situaci\u00f3n cr\u00f3nica el ni\u00f1o o joven controlada pero \u00a0necesaria \u00a0sin sobreprotegerlo y sin limitar su autonom\u00eda.<\/div>\n<\/div>\n<div data-original-attrs=\"{&quot;style&quot;:&quot;&quot;}\"><\/div>\n<div style=\"text-align: justify;\" data-original-attrs=\"{&quot;style&quot;:&quot;&quot;}\"><\/div>\n<div style=\"text-align: justify;\" data-original-attrs=\"{&quot;style&quot;:&quot;&quot;}\"><\/div>\n<div style=\"text-align: justify;\" data-original-attrs=\"{&quot;style&quot;:&quot;&quot;}\"><span data-keep-original-tag=\"false\" data-original-attrs=\"{&quot;style&quot;:&quot;&quot;}\"><strong>El\u00a0 viernes 6 de noviembre,<\/strong> tuvo lugar la XII Jornada de Formaci\u00f3n:<strong> La Diabetes en el \u00e1mbito escolar,<\/strong> a la cual han participado unos 50 Profesores de Centros de Primaria y secundaria\u00a0 En una Formaci\u00f3n v\u00eda On line.\u00a0<\/span><\/div>\n<div style=\"text-align: justify;\" data-original-attrs=\"{&quot;style&quot;:&quot;&quot;}\"><\/div>\n<div style=\"text-align: justify;\" data-original-attrs=\"{&quot;style&quot;:&quot;&quot;}\"><\/div>\n<div style=\"text-align: justify;\" data-original-attrs=\"{&quot;style&quot;:&quot;&quot;}\"><\/div>\n<div style=\"text-align: justify;\" data-original-attrs=\"{&quot;style&quot;:&quot;&quot;}\"><\/div>\n<div style=\"text-align: justify;\" data-original-attrs=\"{&quot;style&quot;:&quot;&quot;}\"><a href=\"http:\/\/granadacostanacional.es\/wp-content\/uploads\/2020\/11\/mosaico.jpg\"><img decoding=\"async\" loading=\"lazy\" class=\"alignnone size-medium wp-image-25981 alignleft\" src=\"http:\/\/granadacostanacional.es\/wp-content\/uploads\/2020\/11\/mosaico-300x225.jpg\" alt=\"mosaico\" width=\"300\" height=\"225\" \/><\/a>Organizada por los Servicios Territoriales en Lleida del Departamento de Educaci\u00f3n &#8211; Aula\u00a0 Hospitalaria Dr. Antoni Cambrod\u00ed, Equipo de Pediatr\u00eda del\u00a0 Hospital Universitario Arnau de Vilanova de Lleida y la Asociaci\u00f3n de Diabetes de Catalu\u00f1a, Delegaci\u00f3n Lleida.<\/div>\n<div style=\"text-align: justify;\" data-original-attrs=\"{&quot;style&quot;:&quot;&quot;}\"><\/div>\n<div style=\"text-align: justify;\" data-original-attrs=\"{&quot;style&quot;:&quot;&quot;}\"><\/div>\n<div style=\"text-align: justify;\" data-original-attrs=\"{&quot;style&quot;:&quot;&quot;}\"><\/div>\n<div style=\"text-align: justify;\" data-original-attrs=\"{&quot;style&quot;:&quot;&quot;}\"><\/div>\n<div style=\"text-align: justify;\" data-original-attrs=\"{&quot;style&quot;:&quot;&quot;}\"><\/div>\n<div style=\"text-align: justify;\" data-original-attrs=\"{&quot;style&quot;:&quot;&quot;}\"><\/div>\n<div style=\"text-align: justify;\" data-original-attrs=\"{&quot;style&quot;:&quot;&quot;}\"><\/div>\n<div style=\"text-align: justify;\" data-original-attrs=\"{&quot;style&quot;:&quot;&quot;}\"><\/div>\n<div style=\"text-align: justify;\" data-original-attrs=\"{&quot;style&quot;:&quot;&quot;}\"><\/div>\n<div data-original-attrs=\"{&quot;style&quot;:&quot;&quot;}\"><a href=\"http:\/\/granadacostanacional.es\/wp-content\/uploads\/2020\/11\/ed-sole.jpeg\"><img decoding=\"async\" loading=\"lazy\" class=\"size-medium wp-image-25982 aligncenter\" src=\"http:\/\/granadacostanacional.es\/wp-content\/uploads\/2020\/11\/ed-sole-300x300.jpeg\" alt=\"ed sole\" width=\"300\" height=\"300\" \/><\/a><\/div>\n<div data-original-attrs=\"{&quot;style&quot;:&quot;&quot;}\"><\/div>\n<div data-original-attrs=\"{&quot;style&quot;:&quot;&quot;}\"><\/div>\n<div style=\"text-align: justify;\" data-original-attrs=\"{&quot;style&quot;:&quot;&quot;}\">La jornada ha sido inaugurada por el<strong>\u00a0Dr. Eduard Sol\u00e9 Jefe de pediatr\u00eda Hospital Universitario Arnau de Vilanova de Lleida.<\/strong><\/div>\n<div style=\"text-align: justify;\" data-original-attrs=\"{&quot;style&quot;:&quot;&quot;}\"><\/div>\n<div style=\"text-align: justify;\" data-original-attrs=\"{&quot;style&quot;:&quot;&quot;}\"><\/div>\n<div data-original-attrs=\"{&quot;style&quot;:&quot;&quot;}\"><\/div>\n<div data-original-attrs=\"{&quot;style&quot;:&quot;&quot;}\"><a href=\"http:\/\/granadacostanacional.es\/wp-content\/uploads\/2020\/11\/carles-vernet.jpg\"><img decoding=\"async\" loading=\"lazy\" class=\"alignnone size-full wp-image-25983 aligncenter\" src=\"http:\/\/granadacostanacional.es\/wp-content\/uploads\/2020\/11\/carles-vernet.jpg\" alt=\"carles vernet\" width=\"217\" height=\"154\" \/><\/a><\/div>\n<div data-original-attrs=\"{&quot;style&quot;:&quot;&quot;}\"><\/div>\n<div style=\"text-align: justify;\" data-original-attrs=\"{&quot;style&quot;:&quot;&quot;}\"><strong>Sr. Carles Vernet Jefe de Programas y Servicios Educativos del Departamento de Educaci\u00f3n,\u00a0 Dra. To\u00f1y Castillo docente\u00a0 del Aula Hospitalaria Dr. Antoni Cambrod\u00ed de HUAVLl y coordinadora de las XII jornadas\u00a0 y el Sr. Francisco Fernandez Barqu\u00e9 Presidente de la Asociaci\u00f3n de Diabetes de Catalu\u00f1a.<\/strong><\/div>\n<div style=\"text-align: justify;\" data-original-attrs=\"{&quot;style&quot;:&quot;&quot;}\"><\/div>\n<p>&nbsp;<\/p>\n<p>&nbsp;<\/p>\n<p>&nbsp;<\/p>\n<p style=\"text-align: justify;\"><a href=\"http:\/\/granadacostanacional.es\/wp-content\/uploads\/2020\/11\/Jordi_Bosch_Munoz.jpg\"><img decoding=\"async\" loading=\"lazy\" class=\"size-medium wp-image-25984\" src=\"http:\/\/granadacostanacional.es\/wp-content\/uploads\/2020\/11\/Jordi_Bosch_Munoz-300x300.jpg\" alt=\"Jordi_Bosch_Munoz\" width=\"300\" height=\"300\" \/><\/a>En el transcurso de las jornadas se realiz\u00f3 las ponencias: abordaje, m\u00e9dico \u00bf Qu\u00e9 es la diabet\u00eds? A cargo del <strong>Dr. Jordi Bosch,<\/strong><strong> M\u00e9dico Pediatra Endocrino de HUAVL.<\/strong><\/p>\n<p style=\"text-align: justify;\"><a href=\"http:\/\/granadacostanacional.es\/wp-content\/uploads\/2020\/11\/tello-carmen.jpg\"><img decoding=\"async\" loading=\"lazy\" class=\"wp-image-25985 alignnone\" src=\"http:\/\/granadacostanacional.es\/wp-content\/uploads\/2020\/11\/tello-carmen.jpg\" alt=\"tello carmen\" width=\"275\" height=\"275\" \/><\/a>Afectaciones en la Edad escolar de las enfermedades cr\u00f3nicas a cargo de la <strong>Dra Carme Tello. \u00a0Psicologa Cl\u00ednica Presidenta por la per la Infancia Maltratada ACIM. Vicepresidenta Federaci\u00f3n de Asociaciones para la Prevenci\u00f3n del Maltrato Infantil FAPMI.<\/strong><\/p>\n<p>&nbsp;<\/p>\n<p>Modelo de atenci\u00f3n a ni\u00f1os y j\u00f3venes con diabetes Aula hospital\u00e0ria \/ ADC. <strong>Dra. To\u00f1y Castillo, Aula Hospital\u00e0ria Dr. Antoni Cambrod\u00ed del Hospital Universitario Arnau Vilanova de Lleida.<\/strong><\/p>\n<p>&nbsp;<\/p>\n<p><a href=\"http:\/\/granadacostanacional.es\/wp-content\/uploads\/2020\/11\/to\u00f1y3.jpg\"><img decoding=\"async\" loading=\"lazy\" class=\"size-medium wp-image-25991 alignleft\" src=\"http:\/\/granadacostanacional.es\/wp-content\/uploads\/2020\/11\/to\u00f1y3-300x295.jpg\" alt=\"to\u00f1y3\" width=\"300\" height=\"295\" \/><\/a><\/p>\n<ul style=\"text-align: justify;\">\n<li style=\"text-align: justify;\" data-original-attrs=\"{&quot;style&quot;:&quot;&quot;}\"><strong>Presentaci\u00f3n ADC, Delegaci\u00f3 de Lleida. Sr. Francesc Fern\u00e1ndez, Presidente de l\u2019Associaci\u00f3 de Diabetis de Catalunya y Coordinador de la Delegaci\u00f3 de Lleida.<a href=\"http:\/\/granadacostanacional.es\/wp-content\/uploads\/2020\/11\/adc-francesc.jpg\"><img decoding=\"async\" loading=\"lazy\" class=\"size-medium wp-image-25992 alignright\" src=\"http:\/\/granadacostanacional.es\/wp-content\/uploads\/2020\/11\/adc-francesc-300x160.jpg\" alt=\"adc francesc\" width=\"300\" height=\"160\" \/><\/a><\/strong><\/li>\n<li style=\"text-align: justify;\" data-original-attrs=\"{&quot;style&quot;:&quot;&quot;}\"><strong>Presentaci\u00f3n Materiales educativos. Dra To\u00f1y Castillo.<\/strong><\/li>\n<\/ul>\n<p style=\"text-align: justify;\"><strong>Durante la Jornada se hicieron los siguientes talleres<\/strong><\/p>\n<div data-original-attrs=\"{&quot;style&quot;:&quot;&quot;}\">\n<div style=\"text-align: justify;\" data-original-attrs=\"{&quot;style&quot;:&quot;&quot;}\">\n<div data-original-attrs=\"{&quot;style&quot;:&quot;&quot;}\"><\/div>\n<div data-original-attrs=\"{&quot;style&quot;:&quot;&quot;}\"><\/div>\n<div data-original-attrs=\"{&quot;style&quot;:&quot;&quot;}\"><\/div>\n<div data-original-attrs=\"{&quot;style&quot;:&quot;&quot;}\"><\/div>\n<div data-original-attrs=\"{&quot;style&quot;:&quot;&quot;}\"><\/div>\n<div data-original-attrs=\"{&quot;style&quot;:&quot;&quot;}\"><\/div>\n<div data-original-attrs=\"{&quot;style&quot;:&quot;&quot;}\"><\/div>\n<div data-original-attrs=\"{&quot;style&quot;:&quot;&quot;}\"><a href=\"http:\/\/granadacostanacional.es\/wp-content\/uploads\/2020\/11\/priscila.jpg\"><img decoding=\"async\" loading=\"lazy\" class=\"alignnone size-medium wp-image-25993\" src=\"http:\/\/granadacostanacional.es\/wp-content\/uploads\/2020\/11\/priscila-300x257.jpg\" alt=\"priscila\" width=\"300\" height=\"257\" \/><\/a><\/div>\n<div data-original-attrs=\"{&quot;style&quot;:&quot;&quot;}\"><\/div>\n<div data-original-attrs=\"{&quot;style&quot;:&quot;&quot;}\"><strong>Dra. Priscila Llena, Pediatra endocrin\u00f3loga de l\u2019HUAVLL. Administraci\u00f3n de la insulina. \u00bfQue es? \u00bfComo se realiza?<\/strong><\/div>\n<div data-original-attrs=\"{&quot;style&quot;:&quot;&quot;}\"><\/div>\n<\/div>\n<div style=\"text-align: justify;\" data-original-attrs=\"{&quot;style&quot;:&quot;&quot;}\"><a href=\"http:\/\/granadacostanacional.es\/wp-content\/uploads\/2020\/11\/WhatsApp-Image-2020-11-06-at-15.02.47.jpeg\"><img decoding=\"async\" loading=\"lazy\" class=\"alignnone size-medium wp-image-25994\" src=\"http:\/\/granadacostanacional.es\/wp-content\/uploads\/2020\/11\/WhatsApp-Image-2020-11-06-at-15.02.47-169x300.jpeg\" alt=\"WhatsApp Image 2020-11-06 at 15.02.47\" width=\"169\" height=\"300\" \/><\/a><span data-keep-original-tag=\"false\" data-original-attrs=\"{&quot;style&quot;:&quot;&quot;,&quot;face&quot;:&quot;\\&quot;helvetica neue\\&quot; , \\&quot;arial\\&quot; , \\&quot;helvetica\\&quot; , sans-serif&quot;}\"><strong>Dr. Cristian Didier . Nutricionista Asociaci\u00f3n Diabetes Lleida<\/strong> especialista en diabetes. Hipoglucemias e h\u00edperglucemias (subidas y bajadas de glucemia). \u00bfComo las solucionamos?<\/span><\/div>\n<\/div>\n<div style=\"text-align: justify;\" data-original-attrs=\"{&quot;style&quot;:&quot;&quot;}\"><\/div>\n<div style=\"text-align: justify;\" data-original-attrs=\"{&quot;style&quot;:&quot;&quot;}\"><\/div>\n<div style=\"text-align: justify;\" data-original-attrs=\"{&quot;style&quot;:&quot;&quot;}\"><\/div>\n<div data-original-attrs=\"{&quot;style&quot;:&quot;&quot;}\"><\/div>\n<div data-original-attrs=\"{&quot;style&quot;:&quot;&quot;}\">\n<div style=\"text-align: justify;\" data-original-attrs=\"{&quot;style&quot;:&quot;&quot;}\"><span data-keep-original-tag=\"false\" data-original-attrs=\"{&quot;style&quot;:&quot;&quot;,&quot;face&quot;:&quot;\\&quot;helvetica neue\\&quot; , \\&quot;arial\\&quot; , \\&quot;helvetica\\&quot; , sans-serif&quot;}\"><strong>\u00a0<a href=\"http:\/\/granadacostanacional.es\/wp-content\/uploads\/2020\/11\/ester-querol.jpg\"><img decoding=\"async\" loading=\"lazy\" class=\"alignnone size-medium wp-image-25996 alignleft\" src=\"http:\/\/granadacostanacional.es\/wp-content\/uploads\/2020\/11\/ester-querol-272x300.jpg\" alt=\"ester querol\" width=\"272\" height=\"300\" \/><\/a>Sra. Ester Querol, Diplomada en Enfermeria del equipo de pediatr\u00eda.<\/strong> de l\u2019HUAVLL.\u00a0<\/span><span data-keep-original-tag=\"false\" data-original-attrs=\"{&quot;style&quot;:&quot;&quot;}\">Educaci\u00f3n\u00a0 en Diabetes.<\/span><\/div>\n<div style=\"text-align: justify;\" data-original-attrs=\"{&quot;style&quot;:&quot;&quot;}\"><span data-keep-original-tag=\"false\" data-original-attrs=\"{&quot;style&quot;:&quot;&quot;,&quot;face&quot;:&quot;\\&quot;helvetica neue\\&quot; , \\&quot;arial\\&quot; , \\&quot;helvetica\\&quot; , sans-serif&quot;}\">Controles de glucemia. Para que sirven, como se hacen y como interpretarlos.<\/span><\/div>\n<div data-original-attrs=\"{&quot;style&quot;:&quot;&quot;}\"><\/div>\n<div style=\"text-align: justify;\" data-original-attrs=\"{&quot;style&quot;:&quot;&quot;}\"><\/div>\n<div style=\"text-align: justify;\" data-original-attrs=\"{&quot;style&quot;:&quot;&quot;}\"><\/div>\n<div style=\"text-align: justify;\" data-original-attrs=\"{&quot;style&quot;:&quot;&quot;}\">\u00a0La jornada tuvo como objetivo intentar dar una visi\u00f3n global de la condici\u00f3n del ni\u00f1o o ni\u00f1a o joven con diabetes, as\u00ed como las estrategias de actuaci\u00f3n frente a los posibles casos de debut en los centros educativos y, al mismo tiempo, pautas para el seguimiento y el control de esta disfunci\u00f3n.<\/div>\n<\/div>\n<div data-original-attrs=\"{&quot;style&quot;:&quot;&quot;}\"><a href=\"http:\/\/granadacostanacional.es\/wp-content\/uploads\/2020\/11\/grupo.jpg\"><img decoding=\"async\" loading=\"lazy\" class=\"alignnone size-medium wp-image-25997\" src=\"http:\/\/granadacostanacional.es\/wp-content\/uploads\/2020\/11\/grupo-300x248.jpg\" alt=\"grupo\" width=\"300\" height=\"248\" \/><\/a>\u00a0 Algunos miembros del Grupo. Francisco Fernandez, Inma Sans, Priscila Llena, Cristian Didier, To\u00f1y Castillo<\/div>\n","protected":false},"excerpt":{"rendered":"<p>La diabetes tipo 1, tambi\u00e9n conocida como diabetes juvenil o insulinodependiente , se caracteriza por un aumento de los niveles&hellip;<\/p>\n","protected":false},"author":4,"featured_media":25990,"comment_status":"open","ping_status":"open","sticky":false,"template":"","format":"standard","meta":{"om_disable_all_campaigns":false,"_mi_skip_tracking":false,"_monsterinsights_sitenote_active":false,"_monsterinsights_sitenote_note":"","_monsterinsights_sitenote_category":0,"footnotes":""},"categories":[25,21,35,22,19,30],"tags":[],"aioseo_notices":[],"_links":{"self":[{"href":"https:\/\/granadacostaglobal.es\/index.php?rest_route=\/wp\/v2\/posts\/25965"}],"collection":[{"href":"https:\/\/granadacostaglobal.es\/index.php?rest_route=\/wp\/v2\/posts"}],"about":[{"href":"https:\/\/granadacostaglobal.es\/index.php?rest_route=\/wp\/v2\/types\/post"}],"author":[{"embeddable":true,"href":"https:\/\/granadacostaglobal.es\/index.php?rest_route=\/wp\/v2\/users\/4"}],"replies":[{"embeddable":true,"href":"https:\/\/granadacostaglobal.es\/index.php?rest_route=%2Fwp%2Fv2%2Fcomments&post=25965"}],"version-history":[{"count":0,"href":"https:\/\/granadacostaglobal.es\/index.php?rest_route=\/wp\/v2\/posts\/25965\/revisions"}],"wp:featuredmedia":[{"embeddable":true,"href":"https:\/\/granadacostaglobal.es\/index.php?rest_route=\/"}],"wp:attachment":[{"href":"https:\/\/granadacostaglobal.es\/index.php?rest_route=%2Fwp%2Fv2%2Fmedia&parent=25965"}],"wp:term":[{"taxonomy":"category","embeddable":true,"href":"https:\/\/granadacostaglobal.es\/index.php?rest_route=%2Fwp%2Fv2%2Fcategories&post=25965"},{"taxonomy":"post_tag","embeddable":true,"href":"https:\/\/granadacostaglobal.es\/index.php?rest_route=%2Fwp%2Fv2%2Ftags&post=25965"}],"curies":[{"name":"wp","href":"https:\/\/api.w.org\/{rel}","templated":true}]}}