{"id":25919,"date":"2020-11-02T10:02:23","date_gmt":"2020-11-02T10:02:23","guid":{"rendered":"http:\/\/granadacostanacional.es\/?p=25919"},"modified":"2020-11-02T10:02:23","modified_gmt":"2020-11-02T10:02:23","slug":"libro-recomendado-antologia-poetica-carlos-benitez-villodres-1964-2019","status":"publish","type":"post","link":"https:\/\/granadacostaglobal.es\/?p=25919","title":{"rendered":"Libro recomendado &#8220;Antolog\u00eda Po\u00e9tica Carlos Ben\u00edtez Villodres 1964-2019&#8221;"},"content":{"rendered":"<p style=\"text-align: justify;\"><a href=\"http:\/\/granadacostanacional.es\/wp-content\/uploads\/2020\/09\/Logo-Editorial-nuevo-web.jpg\"><img decoding=\"async\" loading=\"lazy\" class=\"size-medium wp-image-25229 aligncenter\" src=\"http:\/\/granadacostanacional.es\/wp-content\/uploads\/2020\/09\/Logo-Editorial-nuevo-web-300x122.jpg\" alt=\"Logo Editorial nuevo web\" width=\"300\" height=\"122\" \/><\/a><\/p>\n<p style=\"text-align: justify;\">Caracter\u00edsticas del libro:<\/p>\n<p style=\"text-align: justify;\">Medidas: 17&#215;24 cm<\/p>\n<p style=\"text-align: justify;\">N\u00ba de p\u00e1ginas:\u00a0540<\/p>\n<p style=\"text-align: justify;\">Tapa dura<\/p>\n<p style=\"text-align: justify;\">PVP: 18\u20ac (portes e IVA incluido)<\/p>\n<p style=\"text-align: justify;\">Puede adquirir el libro dirigi\u00e9ndose al siguiente correo:\u00a0<span style=\"color: #0000ff;\">editorial@granadacosta.net<\/span>\u00a0o al tel\u00e9fono:\u00a0<span style=\"color: #0000ff;\">958 62 64 73<\/span><\/p>\n<h2 style=\"text-align: center;\"><strong>BIOBIBLIOGRAF\u00cdA DE CARLOS BEN\u00cdTEZ VILLODRES<\/strong><\/h2>\n<p style=\"text-align: justify;\"><strong><u>\u00a0<\/u><\/strong><\/p>\n<p style=\"text-align: justify;\">Carlos Ben\u00edtez Villodres nace en M\u00e1laga, ciudad en donde reside habitualmente. Durante muchos a\u00f1os compagin\u00f3 la docencia con la labor de escritor, poeta y periodista. En la actualidad solo se dedica a la literatura y al periodismo.<\/p>\n<p style=\"text-align: justify;\">Es conferenciante y presentador de libros y de eventos culturales. Fue Profesor de la Escuela Universitaria de Enfermer\u00eda y de la U.N.E.D. en su ciudad natal. En los primeros a\u00f1os de la d\u00e9cada de los 70 curs\u00f3 estudios en la Facultad de Psicolog\u00eda de la Universidad de Granada, y en los albores de los 80, de Filolog\u00eda Hisp\u00e1nica en la Facultad de Filosof\u00eda y Letras de la Universidad de M\u00e1laga.<\/p>\n<p style=\"text-align: justify;\">En su juventud fue colaborador del Diario \u201cSur\u201d, de M\u00e1laga. Desde el a\u00f1o 1994 al 1998 dirigi\u00f3 el Taller de Poes\u00eda del C.P. Garc\u00eda Lorca, de M\u00e1laga. Asimismo, durante la d\u00e9cada de los 90 y los a\u00f1os 2005 y 2006 (hasta octubre) fue columnista fijo del desaparecido \u201cDiario M\u00e1laga\u201d. Fue tambi\u00e9n miembro del Consejo de Redacci\u00f3n y cr\u00edtico literario del tambi\u00e9n desaparecido Suplemento Cultural \u201cPapel Literario\u201d del \u201cDiario M\u00e1laga\u201d.<\/p>\n<p style=\"text-align: justify;\">Actualmente, pertenece al Consejo de Redacci\u00f3n del Peri\u00f3dico \u00abGranada Costa\u00bb Proyecto Nacional de Cultura, como coordinador cultural y editorialista; a la Fundaci\u00f3n \u201cGranada Costa\u201d; a la Academia de las Ciencias, de las Bellas Artes y de las Buenas Letras \u201cGranada Costa\u201d; a la Sociedad Brasile\u00f1a de Poetas Aldravianistas, Mariana, Minas Gerais (Brasil); al Club Universal de Poetas y Escritores, Bogot\u00e1 (Colombia), como Asesor Cultural en Espa\u00f1a; a la C\u00e1tedra Libre de Cultura Andaluza de la Universidad Nacional de La Plata (Argentina), como corresponsal de prensa en M\u00e1laga; al Equipo de redacci\u00f3n de la Revista de Poes\u00eda \u201cArboleda\u201d, de Palma de Mallorca; a REMES (Red Mundial de Escritores en Espa\u00f1ol), como Responsable Local para Andaluc\u00eda; a la Asociaci\u00f3n Mundial de Narradores y Poetas, con sede en Montreal (Canad\u00e1)\u2026<\/p>\n<p style=\"text-align: justify;\">Es miembro honor\u00edfico de ASOLAPO (Asociaci\u00f3n Latinoamericana de poetas, escritores y artistas), Buenos Aires (Argentina). Tambi\u00e9n es miembro de la Asociaci\u00f3n de Escritores y Artistas Espa\u00f1oles (AEAE); de C.E.D.R.O.; de la Asociaci\u00f3n Colegial de Escritores (ACE); de la Asociaci\u00f3n Andaluza de Cr\u00edticos Literarios (AACL); de la Asociaci\u00f3n Humanismo Solidario; del Grupo M\u00e1laga; de la Asociaci\u00f3n de Poetisas y Poetas, Taxco de Alarc\u00f3n (M\u00e9xico); de la Academia de Letras, Artes e Ci\u00eancias, de Mariana, Minas Gerais (Brasil); de la Asociaci\u00f3n Iberoamericana de Amigos de la D\u00e9cima \u201cEspinel-Cucalamb\u00e9\u201d, Las Tunas (Cuba); de la\u00a0Casa de la D\u00e9cima \u201cCelestino Garc\u00eda\u201d, de Pinar del R\u00edo (Cuba); de \u00abPoetas del Mundo\u00bb, cuya sede principal se encuentra en Santiago (Chile); del Cercle Universel des Ambassadeurs de la Paix, Suisse\/France, Cannes (France), etc.<\/p>\n<p style=\"text-align: justify;\">Uno de los cert\u00e1menes de poes\u00eda de la Fundaci\u00f3n \u201cGranada Costa\u201d (dedicado al soneto) lleva por nombre \u201cPoeta Carlos Ben\u00edtez Villodres\u201d. A este a\u00f1o 2019 le corresponde la 7\u00aa. edici\u00f3n de dicho certamen.<\/p>\n<p style=\"text-align: justify;\">Poemas, art\u00edculos, columnas de su autor\u00eda\u2026 fueron y son publicados en antolog\u00edas, revistas, peri\u00f3dicos, etc., tanto de Espa\u00f1a como de otros pa\u00edses del orbe.<\/p>\n<p style=\"text-align: justify;\">Le fue concedido, entre otros, el Primer Premio del IV Concurso Internacional de Poes\u00eda sobre la Paz \u00abRam\u00f3n Lull\u00bb (Raimundo Lulio) 2005, de Palma de Mallorca; el Premio a la Cultura 2006 (Granada Club Selecci\u00f3n-Granada Costa), de Molv\u00edzar, Granada. Fue Finalista del Premio Andaluc\u00eda de la Cr\u00edtica 2008 y 2009 con los libros LOS PUENTES DEBILITADOS y SINFON\u00cdA A DANA, respectivamente. Primer Premio del I Certamen Internacional de Poes\u00eda \u201cGranada Costa\u201d 2010, de Molv\u00edzar, Granada, con el libro SINFON\u00cdA A DANA. Premio de la Cr\u00edtica Literaria \u201cGranada Costa\u201d 2015, de Molv\u00edzar, Granada. Primer Premio I Certamen Po\u00e9tico \u201cAlfonso Monteagudo\u201d, 2017, de Ba\u00f1os de la Encina, Ja\u00e9n. Primer Premio \u201cPoes\u00eda M\u00edstica\u201d, Granada Costa\u201d 2017, de Molv\u00edzar, Granada, Primer Premio VII Certamen Internacional de Poes\u00eda de la Universidad Nacional de Puente\u00e1reas (Costa Rica), 2018, con el libro EN MEDIO DE LA SELVA, Primer premio IV Certamen de Poes\u00eda \u201cCiudad de Molv\u00edzar\u201d, 2019.<\/p>\n<p style=\"text-align: justify;\">Colabora con art\u00edculos y\/o poemas en los peri\u00f3dicos y\/o revistas \u00abEl Faro de M\u00e1laga\u00bb, de Alhaur\u00edn de la Torre, M\u00e1laga (Espa\u00f1a); \u00ab\u00c1guilas Noticias\u00bb, de \u00c1guilas, Murcia (Espa\u00f1a); \u201cPensamiento\u201d, de Tampa (EE UU), \u201cEnfoque 3\u201d de Tampa (EE UU); \u201cAristos Internacional\u201d, de Alicante (Espa\u00f1a), \u201cCarta L\u00edrica\u201d, de Miami (EE UU), \u201cOriflama\u201d, de San Lorenzo de El Escorial\u201d (Espa\u00f1a), \u201cChile Informa\u201d, de Montreal (Canad\u00e1); \u00abEco de Tetu\u00e1n\u00bb (Marruecos); del peri\u00f3dico \u00abLa Raz\u00f3n\u00bb, de Union City, New Jersey (USA); \u201cEl Mundo Boston\u201d, de Boston, Massachussets (USA); \u201cPrensa Hispana\u201d, de Phoenix, Arizona (USA); \u201cFort\u00edn Mapocho\u201d, de Santiago (Chile); \u00abPersona Urbana\u00bb, de Buenos Aires (Argentina); \u00abTelesc\u00f3pio\u00bb, de Ara\u00e7atuba, S\u00e2o Paulo (Brasil); \u00abTODO el mundo a trav\u00e9s del pensamiento\u00bb, de Maalot-Tarshija (Israel); \u00abMundo Cultural Hispano\u00bb, de Alicante (Espa\u00f1a)\u2026<\/p>\n<p style=\"text-align: justify;\">Del mismo modo, colabora en Cuadernos, P\u00e1ginas Literarias, Suplementos Culturales, Revistas Literarias&#8230;, dentro y fuera de nuestras fronteras. Entre las Revistas Literarias en las que colabora m\u00e1s asiduamente se encuentran: \u201cLa Fuente\u201d, de Almer\u00eda; \u201cCorondel\u201d, de Valencia; \u201cR\u00edo Arga\u201d, de Pamplona; \u00abTres Orillas\u00bb, de Algeciras (C\u00e1diz); \u00abAguamarina\u00bb, de Leioa (Vizcaya); \u201cEl Laberinto de Ariadna\u201d, de Castelldefels (Barcelona); \u201cPoemas en A\u00f1il\u201d, de Remedios de Escalada, Buenos Aires (Argentina), en sus secciones \u201cPoes\u00edas\u201d y \u201cNuestro Cronista\u201d; \u201cArique\u201d de Chile; \u201cB.L.A.N.C.O.\u201d, de Montevideo (Uruguay); \u201cArtesan\u00edas Literarias. La Voz de Argentina en Israel\u201d, de Maalot-Tarshija (Israel), \u201cAlas del Sur\u201d de Magdalena, Buenos Aires (Argentina)\u2026<\/p>\n<p style=\"text-align: justify;\">Ha prologado numerosos libros pertenecientes a distintos g\u00e9neros literarios, especialmente novelas, poemarios y cuentos. Participa en lecturas po\u00e9ticas, foros literarios, tertulias sobre temas diversos, tanto en radio como en TV&#8230;<\/p>\n<p style=\"text-align: justify;\">Poemas, poemas experimentales, art\u00edculos, cr\u00edticas literarias y otros textos suyos han sido incluidos en diversos peri\u00f3dicos, revistas culturales, po\u00e9ticas y en m\u00faltiples antolog\u00edas, tanto auton\u00f3micas como nacionales e internacionales, pliegos, plaquettes, cuadernos, etc. Parte de su creaci\u00f3n l\u00edrica ha sido traducida a varios idiomas.<\/p>\n<p style=\"text-align: justify;\">De su extensa obra literaria, public\u00f3 los libros Canto a Granada, Entre sonrisas, R\u00e9quiem por un hombre bueno, Cada ola tiene un nombre, incluidos siete poemas gallegos, en edici\u00f3n biling\u00fce, Sustancia de vida, De la misma luz, Confesiones al alba. Vol. 1, A galope, El jard\u00edn habitado, Desnudo, 18 sonetos a poetas granadinos, Amantes, Canto a Granada, 2\u00aa. edici\u00f3n, Siempre en vuelo, Los puentes debilitados, Sinfon\u00eda a Dana, Cantigas de caminante, Guirnaldas de esencias, Por los derroteros de la luz, Vivir con esperanza, Sonata del agua viva, Mi Granada, Soles inmortales, En medio de la selva, Desde la isla de Donoussa, Molv\u00edzar, para\u00edso de la Costa Tropical, etc.<\/p>\n<p style=\"text-align: justify;\">Asimismo, public\u00f3 poemas de su autor\u00eda en incontables antolog\u00edas, plaquettes, cuadernos, etc.<\/p>\n<p style=\"text-align: justify;\"><a href=\"https:\/\/www.frutaselporton.es\/apps\/wa1\/Pizarra.html\"><img decoding=\"async\" loading=\"lazy\" class=\"aligncenter size-full wp-image-25341\" src=\"http:\/\/granadacostanacional.es\/wp-content\/uploads\/2020\/09\/El-port\u00f3n.gif\" alt=\"El port\u00f3n\" width=\"787\" height=\"394\" \/><\/a><\/p>\n","protected":false},"excerpt":{"rendered":"<p>Caracter\u00edsticas del libro: Medidas: 17&#215;24 cm N\u00ba de p\u00e1ginas:\u00a0540 Tapa dura PVP: 18\u20ac (portes e IVA incluido) Puede adquirir el&hellip;<\/p>\n","protected":false},"author":2,"featured_media":25920,"comment_status":"open","ping_status":"open","sticky":false,"template":"","format":"standard","meta":{"om_disable_all_campaigns":false,"_mi_skip_tracking":false,"_monsterinsights_sitenote_active":false,"_monsterinsights_sitenote_note":"","_monsterinsights_sitenote_category":0,"footnotes":""},"categories":[21,29,30],"tags":[],"aioseo_notices":[],"_links":{"self":[{"href":"https:\/\/granadacostaglobal.es\/index.php?rest_route=\/wp\/v2\/posts\/25919"}],"collection":[{"href":"https:\/\/granadacostaglobal.es\/index.php?rest_route=\/wp\/v2\/posts"}],"about":[{"href":"https:\/\/granadacostaglobal.es\/index.php?rest_route=\/wp\/v2\/types\/post"}],"author":[{"embeddable":true,"href":"https:\/\/granadacostaglobal.es\/index.php?rest_route=\/wp\/v2\/users\/2"}],"replies":[{"embeddable":true,"href":"https:\/\/granadacostaglobal.es\/index.php?rest_route=%2Fwp%2Fv2%2Fcomments&post=25919"}],"version-history":[{"count":0,"href":"https:\/\/granadacostaglobal.es\/index.php?rest_route=\/wp\/v2\/posts\/25919\/revisions"}],"wp:featuredmedia":[{"embeddable":true,"href":"https:\/\/granadacostaglobal.es\/index.php?rest_route=\/"}],"wp:attachment":[{"href":"https:\/\/granadacostaglobal.es\/index.php?rest_route=%2Fwp%2Fv2%2Fmedia&parent=25919"}],"wp:term":[{"taxonomy":"category","embeddable":true,"href":"https:\/\/granadacostaglobal.es\/index.php?rest_route=%2Fwp%2Fv2%2Fcategories&post=25919"},{"taxonomy":"post_tag","embeddable":true,"href":"https:\/\/granadacostaglobal.es\/index.php?rest_route=%2Fwp%2Fv2%2Ftags&post=25919"}],"curies":[{"name":"wp","href":"https:\/\/api.w.org\/{rel}","templated":true}]}}