{"id":25854,"date":"2020-10-28T15:30:14","date_gmt":"2020-10-28T15:30:14","guid":{"rendered":"http:\/\/granadacostanacional.es\/?p=25854"},"modified":"2020-10-28T15:30:14","modified_gmt":"2020-10-28T15:30:14","slug":"el-mundo-en-sus-manos","status":"publish","type":"post","link":"https:\/\/granadacostaglobal.es\/?p=25854","title":{"rendered":"EL MUNDO EN SUS MANOS"},"content":{"rendered":"<p style=\"text-align: justify;\">Hace escasos d\u00edas, le\u00ed un art\u00edculo en el que le hac\u00edan una entrevista al fil\u00f3sofo estadounidense, de origen jud\u00edo, Michael J. Sandel, al que le fue otorgado el Premio Princesa de Asturias de Ciencias Sociales en 2018<\/p>\n<p style=\"text-align: justify;\">Observ\u00e9 que Sandel, influenciado por Kant, Arist\u00f3teles, John Stuart Mill, etc. tiene una visi\u00f3n de la vida muy coherente e interesante. Sin hacer discriminaciones contra nadie, este profesor de Harvard viene a decir que las diferencias econ\u00f3micas siempre existen, son inevitables, y que las distintas clases sociales no son malas, siempre que la persona se mueva por humildad y por el bien general.<\/p>\n<p style=\"text-align: justify;\">En estos d\u00edas de pandemia se ha podido comprobar que todos necesitamos de la ayuda de los dem\u00e1s y que todos los trabajos u oficios son sumamente respetables. Cualquier trabajo, por insignificante que pueda parecer, establece un eslab\u00f3n hasta llegar a lo m\u00e1s alto.<\/p>\n<p style=\"text-align: justify;\">Para Kant: \u201cLa educaci\u00f3n es el desarrollo en el hombre de toda la perfecci\u00f3n de que su naturaleza es capaz\u201d.<\/p>\n<p style=\"text-align: justify;\">Aquel que ostente un cargo p\u00fablico, su prioridad debe ser conseguir el bien com\u00fan de todos los estamentos y evitar la prepotencia, de algunos que se creen que tienen el poder en sus manos. Ya hemos comprobado la vulnerabilidad a la que estamos expuestos.<\/p>\n<p style=\"text-align: justify;\">Es importante que los grandes empresarios puedan dar trabajo a tanta gente cualificada para tareas esenciales, que realizan un trabajo tan digno como cualquier otro. Por supuesto, sin ir en detrimento de la peque\u00f1a y mediana empresa. Sin abusos de poder ni tiran\u00eda.<\/p>\n<p style=\"text-align: justify;\">Nadie es intocable, aunque cuando se posee la juventud, puede llegar a parec\u00e9rselo a un gran n\u00famero de ellos, de ah\u00ed su \u00edmpetu y sus ganas de vivir ante un mundo incierto, en el que se les pide demasiado, pueda conducirlos a querer vivir al m\u00e1ximo. A veces, es un precio muy alto el que hay que pagar por ello. En este presente en el que nos hallamos a\u00fan se les exige m\u00e1s, pero a ellos les digo que es en sus seres queridos en los que tienen que pensar ahora. El tiempo pasar\u00e1 y os har\u00e1 ver todo desde otra perspectiva, de lo que s\u00ed es tocable y hundible. Ten\u00e9is lo esencial en vuestras manos: el tiempo, y que conste yo no soy tan mayor. Por eso hay que pedirles, que entiendan, que sin sus mayores no son nada, que se dejen de botellones y de querer ignorar a un enemigo, que no por ello va a desaparecer.<\/p>\n<p style=\"text-align: justify;\">Nos ha tocado a nuestra generaci\u00f3n ahora. No nos queda otra que soportar estoicamente la realidad.<\/p>\n<p style=\"text-align: justify;\">Todos los eslabones son necesarios. Lo que hace falta, en estos momentos, es llegar a un consenso en com\u00fan, que intente velar por el bien de todos, sin envidias, sin af\u00e1n de protagonismo ni de convertir el dinero y el poder en el principal objetivo.<\/p>\n<p style=\"text-align: justify;\">No se puede vivir de utop\u00edas ni de predicar una cosa y luego hacer lo contrario o de mirar para otro lado como si nada ocurriese.<\/p>\n<p style=\"text-align: justify;\">Para David Hume: \u201cEl m\u00e1s dulce e inofensivo camino de la vida conduce a trav\u00e9s de las avenidas de la ciencia y del saber\u201d.<\/p>\n<p>&nbsp;<\/p>\n<p style=\"text-align: right;\"><strong>Lola Ben\u00edtez Molina<\/strong><\/p>\n<p style=\"text-align: right;\"><strong>M\u00e1laga (Espa\u00f1a)<\/strong><\/p>\n","protected":false},"excerpt":{"rendered":"<p>Hace escasos d\u00edas, le\u00ed un art\u00edculo en el que le hac\u00edan una entrevista al fil\u00f3sofo estadounidense, de origen jud\u00edo, Michael&hellip;<\/p>\n","protected":false},"author":3,"featured_media":25876,"comment_status":"open","ping_status":"open","sticky":false,"template":"","format":"standard","meta":{"om_disable_all_campaigns":false,"_mi_skip_tracking":false,"_monsterinsights_sitenote_active":false,"_monsterinsights_sitenote_note":"","_monsterinsights_sitenote_category":0,"footnotes":""},"categories":[21],"tags":[],"aioseo_notices":[],"_links":{"self":[{"href":"https:\/\/granadacostaglobal.es\/index.php?rest_route=\/wp\/v2\/posts\/25854"}],"collection":[{"href":"https:\/\/granadacostaglobal.es\/index.php?rest_route=\/wp\/v2\/posts"}],"about":[{"href":"https:\/\/granadacostaglobal.es\/index.php?rest_route=\/wp\/v2\/types\/post"}],"author":[{"embeddable":true,"href":"https:\/\/granadacostaglobal.es\/index.php?rest_route=\/wp\/v2\/users\/3"}],"replies":[{"embeddable":true,"href":"https:\/\/granadacostaglobal.es\/index.php?rest_route=%2Fwp%2Fv2%2Fcomments&post=25854"}],"version-history":[{"count":0,"href":"https:\/\/granadacostaglobal.es\/index.php?rest_route=\/wp\/v2\/posts\/25854\/revisions"}],"wp:featuredmedia":[{"embeddable":true,"href":"https:\/\/granadacostaglobal.es\/index.php?rest_route=\/"}],"wp:attachment":[{"href":"https:\/\/granadacostaglobal.es\/index.php?rest_route=%2Fwp%2Fv2%2Fmedia&parent=25854"}],"wp:term":[{"taxonomy":"category","embeddable":true,"href":"https:\/\/granadacostaglobal.es\/index.php?rest_route=%2Fwp%2Fv2%2Fcategories&post=25854"},{"taxonomy":"post_tag","embeddable":true,"href":"https:\/\/granadacostaglobal.es\/index.php?rest_route=%2Fwp%2Fv2%2Ftags&post=25854"}],"curies":[{"name":"wp","href":"https:\/\/api.w.org\/{rel}","templated":true}]}}