{"id":25830,"date":"2020-10-26T09:28:08","date_gmt":"2020-10-26T09:28:08","guid":{"rendered":"http:\/\/granadacostanacional.es\/?p=25830"},"modified":"2020-10-26T09:28:08","modified_gmt":"2020-10-26T09:28:08","slug":"25830-2","status":"publish","type":"post","link":"https:\/\/granadacostaglobal.es\/?p=25830","title":{"rendered":"Libro recomendado &#8220;voces de familia parentalidad positiva tarea conjunta&#8221; de To\u00f1y Castillo y Carme Tello"},"content":{"rendered":"<p><a href=\"http:\/\/granadacostanacional.es\/wp-content\/uploads\/2020\/09\/Logo-Editorial-nuevo-web.jpg\"><img decoding=\"async\" loading=\"lazy\" class=\"size-medium wp-image-25229 aligncenter\" src=\"http:\/\/granadacostanacional.es\/wp-content\/uploads\/2020\/09\/Logo-Editorial-nuevo-web-300x122.jpg\" alt=\"Logo Editorial nuevo web\" width=\"300\" height=\"122\" \/><\/a><\/p>\n<p style=\"text-align: left;\">Caracter\u00edsticas del libro:<\/p>\n<p style=\"text-align: left;\">Medidas: 17&#215;24 cm<\/p>\n<p style=\"text-align: left;\">N\u00ba de p\u00e1ginas:\u00a0100<\/p>\n<p style=\"text-align: left;\">Tapa\u00a0blanda con solapas<\/p>\n<p style=\"text-align: left;\">PVP: 15\u20ac (portes e IVA incluido)<\/p>\n<p style=\"text-align: left;\">Puede adquirir el libro dirigi\u00e9ndose al siguiente correo: to\u00f1y castillo <span style=\"color: #3366ff;\">tonycastillo10@hotmail.com<\/span><\/p>\n<h2 style=\"text-align: center;\"><strong>Pr\u00f3logo<\/strong><\/h2>\n<p>&nbsp;<\/p>\n<p style=\"text-align: justify;\">En esta obra encontraremos para cada tema una breve introducci\u00f3n te\u00f3rica, pero modulada por la experiencia profesional acumulada por las autoras en la atenci\u00f3n a las familias y a la infancia en diferentes escenarios. Adem\u00e1s, se aportan orientaciones y v\u00edas de posibles actuaciones de mejora. Las doctoras To\u00f1y Castillo y Carme Tello, autoras del libro, han compaginado a lo largo de su trayectoria profesional la pr\u00e1ctica de la docencia y el tratamiento terap\u00e9utico, con la investigaci\u00f3n y el estudio, que han plasmado en diferentes art\u00edculos y en otros libros ya publicados.<\/p>\n<p style=\"text-align: justify;\">En primer lugar se ocupan de la familia, su concepto y evoluci\u00f3n hasta llegar a la variedad actual de sus formas. Esta es la base te\u00f3rica que les permite abordar un tema de plena actualidad y de gran preocupaci\u00f3n: la vulneraci\u00f3n de los derechos de los menores en las rupturas conflictivas de parejas. Este problema fue objeto de atenci\u00f3n del Comit\u00e9 de expertos internacionales de las Naciones Unidas para el seguimiento de la aplicaci\u00f3n en los diferentes pa\u00edses del Convenio de los Derechos de la Infancia (CDI), hasta el punto que propici\u00f3 que las diferentes entidades que trabajan en este campo se ocuparan de abordar este problema para disminuir su incidencia. Las autoras son miembros de la Asociaci\u00f3n Catalana para la Infancia Maltratada (ACIM)y exponen el resultado de las acciones desarrolladas en Catalu\u00f1a en los \u00faltimos a\u00f1os por esta asociaci\u00f3n, ilustrativas de las dificultades con que topan las diferentes instituciones que trabajan en este campo concreto, y las v\u00edas de mejora que los diferentes profesionales han propuesto. En esta apartado tambi\u00e9n incluyen, y es importante por su incidencia en la actualidad, las violencias visibles e invisibles en los centros educativos (bullying, ciberbullying y otras manifestaciones de violencia escolar o social).<\/p>\n<p style=\"text-align: justify;\">A continuaci\u00f3n las autoras, y es un acierto, abordan el concepto de educaci\u00f3n diferenci\u00e1ndolo de la instrucci\u00f3n y de la ense\u00f1anza, su relaci\u00f3n con los valores y c\u00f3mo esta tarea precisa de la atenci\u00f3n y dedicaci\u00f3n de toda la sociedad, pero especialmente de la familia que deber\u00eda regirse siempre por el afecto hacia sus hijos e hijas y por su aceptaci\u00f3n incondicional. Al tratar de la parentalidad positiva, incluyen un dec\u00e1logo del buen trato, se ocupan del concepto tan relevante del v\u00ednculo y del apego y de c\u00f3mo el buen trato se debe iniciar ya desde el inicio del embarazo.<\/p>\n<p style=\"text-align: justify;\">Tambi\u00e9n encontraremos un apartado que podr\u00edamos denominar de historias de vida: hasta diecis\u00e9is testimonios de chicos y chicas de diferentes edades que se agrupan bajo el ep\u00edgrafe de \u201cmi voz importa\u201d. Son testimonios personales que transmiten sensaciones y emociones plenas de realidad sobre que significa sentirse bien tratada o de c\u00f3mo se han abordado situaciones conflictivas. Todas ellas resultan muy interesantes, pues son casos reales recogidos por las autoras.<\/p>\n<p style=\"text-align: justify;\">Adem\u00e1s, al final de la obra se incluyen dos cuentos breves pero significativos, pues son una ventana abierta a la esperanza: las situaciones dif\u00edciles se pueden cambiar y mejorar, eso s\u00ed, con la colaboraci\u00f3n y el afecto de los que nos rodean. El primero nos narra la historia concreta de una ni\u00f1a que tendr\u00e1 una segunda oportunidad, pues aspiraba a tener una familia y lo consigue. En el segundo, nos explica c\u00f3mo una dificultad acad\u00e9mica que parec\u00eda insalvable puede vencerse, con esfuerzo personal y el afecto y est\u00edmulo de la familia.<\/p>\n<p style=\"text-align: justify;\">Cabe destacar que las ilustraciones y los cuadros de s\u00edntesis del contenido que figuran a lo largo de la obra, permiten una mejor comprensi\u00f3n y la hacen m\u00e1s atractiva.<\/p>\n<p style=\"text-align: justify;\">En definitiva, una obra muy recomendable fruto de una extensa experiencia profesional tamizada por la reflexi\u00f3n y las investigaciones de las autoras, que pueden orientar y ayudar a los profesionales de la educaci\u00f3n, a los terapeutas y a las familias en general.<\/p>\n<p style=\"text-align: right;\"><strong>Vicente Mora Baringo<\/strong><\/p>\n<p style=\"text-align: right;\">Miembro de la Junta de la Asociaci\u00f3n Catalana para la Infancia Maltratada (ACIM)<a href=\"#_ftn1\" name=\"_ftnref1\"><sup><sup>[1]<\/sup><\/sup><\/a><\/p>\n<p>&nbsp;<\/p>\n<p><a href=\"#_ftnref1\" name=\"_ftn1\"><sup><sup>[1]<\/sup><\/sup><\/a>\u00a0 Asociaci\u00f3n Catalana para la Infancia Maltratada<\/p>\n<p>&nbsp;<\/p>\n","protected":false},"excerpt":{"rendered":"<p>Caracter\u00edsticas del libro: Medidas: 17&#215;24 cm N\u00ba de p\u00e1ginas:\u00a0100 Tapa\u00a0blanda con solapas PVP: 15\u20ac (portes e IVA incluido) Puede adquirir&hellip;<\/p>\n","protected":false},"author":2,"featured_media":25831,"comment_status":"open","ping_status":"open","sticky":false,"template":"","format":"standard","meta":{"om_disable_all_campaigns":false,"_mi_skip_tracking":false,"_monsterinsights_sitenote_active":false,"_monsterinsights_sitenote_note":"","_monsterinsights_sitenote_category":0,"footnotes":""},"categories":[21,29,30],"tags":[],"aioseo_notices":[],"_links":{"self":[{"href":"https:\/\/granadacostaglobal.es\/index.php?rest_route=\/wp\/v2\/posts\/25830"}],"collection":[{"href":"https:\/\/granadacostaglobal.es\/index.php?rest_route=\/wp\/v2\/posts"}],"about":[{"href":"https:\/\/granadacostaglobal.es\/index.php?rest_route=\/wp\/v2\/types\/post"}],"author":[{"embeddable":true,"href":"https:\/\/granadacostaglobal.es\/index.php?rest_route=\/wp\/v2\/users\/2"}],"replies":[{"embeddable":true,"href":"https:\/\/granadacostaglobal.es\/index.php?rest_route=%2Fwp%2Fv2%2Fcomments&post=25830"}],"version-history":[{"count":0,"href":"https:\/\/granadacostaglobal.es\/index.php?rest_route=\/wp\/v2\/posts\/25830\/revisions"}],"wp:featuredmedia":[{"embeddable":true,"href":"https:\/\/granadacostaglobal.es\/index.php?rest_route=\/"}],"wp:attachment":[{"href":"https:\/\/granadacostaglobal.es\/index.php?rest_route=%2Fwp%2Fv2%2Fmedia&parent=25830"}],"wp:term":[{"taxonomy":"category","embeddable":true,"href":"https:\/\/granadacostaglobal.es\/index.php?rest_route=%2Fwp%2Fv2%2Fcategories&post=25830"},{"taxonomy":"post_tag","embeddable":true,"href":"https:\/\/granadacostaglobal.es\/index.php?rest_route=%2Fwp%2Fv2%2Ftags&post=25830"}],"curies":[{"name":"wp","href":"https:\/\/api.w.org\/{rel}","templated":true}]}}