{"id":25797,"date":"2020-10-22T10:24:17","date_gmt":"2020-10-22T10:24:17","guid":{"rendered":"http:\/\/granadacostanacional.es\/?p=25797"},"modified":"2020-10-22T10:24:17","modified_gmt":"2020-10-22T10:24:17","slug":"jose-de-espronceda-prototipo-de-una-existencia-romantica","status":"publish","type":"post","link":"https:\/\/granadacostaglobal.es\/?p=25797","title":{"rendered":"JOS\u00c9 DE ESPRONCEDA PROTOTIPO  DE UNA EXISTENCIA ROM\u00c1NTICA"},"content":{"rendered":"<p style=\"text-align: center;\"><em>Que es mi barco mi tesoro,<\/em><\/p>\n<p style=\"text-align: center;\"><em>que es mi dios la libertad,<\/em><\/p>\n<p style=\"text-align: center;\"><em>mi ley, la fuerza y el viento,<\/em><\/p>\n<p style=\"text-align: center;\"><em>mi \u00fanica patria, la mar\u2026<\/em><\/p>\n<p style=\"text-align: justify;\"><em>\u00a0<\/em><\/p>\n<p style=\"text-align: justify;\"><strong>E<\/strong>stos famosos versos que todos, o casi todos, conocemos y hemos o\u00eddo m\u00e1s de una vez recitar, retratan fielmente el alma de <strong>Espronceda,<\/strong> la vida de un poeta rom\u00e1ntico, de naturaleza rebelde, amante de la libertad, vida breve, azarosa, turbulenta, viajero impenitente, sociedades secretas, exilios, destierros, amores poco ortodoxos y una muerte temprana a los treinta y cuatro a\u00f1os.<\/p>\n<p style=\"text-align: justify;\">\u00a0\u00a0\u00a0\u00a0\u00a0\u00a0\u00a0\u00a0\u00a0 Espronceda fue el prototipo del poeta rom\u00e1ntico en los agitados tiempos del siglo XIX espa\u00f1ol, como agitada lo fue su corta vida.<\/p>\n<p style=\"text-align: justify;\">\u00a0\u00a0\u00a0\u00a0\u00a0\u00a0\u00a0\u00a0\u00a0 Repasando sus poemas, me vienen al recuerdo cuando, siendo yo muy ni\u00f1a que apenas si sab\u00eda leer, me ense\u00f1\u00f3 mi hermano mayor este hermoso poema, <strong>La canci\u00f3n del<\/strong> <strong>pirata<\/strong>, que recitaba a d\u00fao con \u00e9l. Son recuerdos de mi infancia en la cual ya comenzaba a amar la poes\u00eda.<\/p>\n<p style=\"text-align: justify;\"><strong>\u00a0\u00a0\u00a0\u00a0\u00a0\u00a0\u00a0\u00a0 <\/strong><strong>S<\/strong>u autor,<strong> Jos\u00e9 Ignacio Javier de Espronceda<\/strong> naci\u00f3 un 25 de marzo de 1808 en Almendralejo, Badajoz, poco antes de que estallase la Guerra de la Independencia. El peque\u00f1o Jos\u00e9 fue testigo de los seis a\u00f1os que dur\u00f3 la guerra contra Napole\u00f3n, la aprobaci\u00f3n de la Constituci\u00f3n de C\u00e1diz de 1812, llamada por el pueblo La Pepa por salir el d\u00eda de San Jos\u00e9 y de la cual hay un hermoso monumento en la ciudad gaditana. \u00a0\u00a0\u00a0\u00a0\u00a0\u00a0\u00a0Fue testigo asimismo del regreso de Francia del rey Fernando VII, apodado el Deseado, cuando entr\u00f3 triunfal en Espa\u00f1a, una vez acabada la guerra con Francia, jurando la Constituci\u00f3n: <em>Marchemos francamente, y yo el primero, por la senda Constitucional<\/em>\u2026 Para m\u00e1s tarde suprimirla de un plumazo convirti\u00e9ndose en el rey fel\u00f3n, chispero y otros apelativos a que se hizo acreedor por su r\u00e9gimen absolutista.<\/p>\n<p style=\"text-align: justify;\">\u00a0\u00a0\u00a0\u00a0\u00a0\u00a0\u00a0\u00a0\u00a0 <strong>A<\/strong>l cumplir Jos\u00e9 los doce a\u00f1os, la familia de Espronceda se traslada a Madrid, 1820, y queriendo seguir al parecer la carrera de su padre, militar de carrera, solicita el ingreso en el Real Colegio de Artiller\u00eda de Segovia. Pero un a\u00f1o despu\u00e9s retira su petici\u00f3n, ya que su car\u00e1cter rebelde no estaba acorde con la disciplina militar, y en octubre de 1821 ingresa como interno en el madrile\u00f1o Colegio de San Mateo. All\u00ed recibe sus primeros conocimientos de Humanidades y Ciencias y comienza a sentir inquietudes por el liberalismo, influido por el que fuera su profesor, Alberto Lista, fundando en 1823, \u00a1con tan solo quince a\u00f1os!, la Sociedad Secreta Antiabsolutista de <strong>Los Numantinos<\/strong> en pro de la libertad y tras ser testigo de la ejecuci\u00f3n del liberal Riego.<\/p>\n<p style=\"text-align: justify;\"><strong>\u00a0\u00a0\u00a0\u00a0 \u00a0\u00a0A<\/strong>l restituirse en Espa\u00f1a el absolutismo en la persona de Fernando VII, ayudado por los Cien Mil Hijos de San Luis, Francia, el joven Jos\u00e9 se manifiesta contrario a dicho r\u00e9gimen. El Colegio, de ense\u00f1anza liberal, se clausura y \u00e9l, denunciado por sus actividades intelectuales contrarias al r\u00e9gimen, ha de refugiarse en la Academia del Mirto, donde asumiendo un riesgo pol\u00edtico ley\u00f3 sus primeras composiciones, poemas considerados subversivos.<\/p>\n<p style=\"text-align: justify;\">\u00a0\u00a0\u00a0\u00a0\u00a0\u00a0\u00a0\u00a0\u00a0 Un compa\u00f1ero lo delata y el joven poeta de diecisiete a\u00f1os es condenado a su primer destierro con la consiguiente expulsi\u00f3n de Madrid por un periodo de cinco a\u00f1os. Gracias a la influencia de su padre consigue librarse siendo recluido en el convento de los Franciscanos de Guadalajara durante tres meses, donde inicia la composici\u00f3n del poema \u00e9pico <strong>El Pelayo<\/strong>, una gran obra en octavas reales en la que trabajar\u00eda hasta 1835.<\/p>\n<p style=\"text-align: justify;\"><strong>\u00a0\u00a0\u00a0\u00a0\u00a0\u00a0\u00a0\u00a0\u00a0 Y<\/strong>a resuelto a dedicarse a la escritura y siguiendo su vida azarosa y de viajero, en 1827, contando dieciocho a\u00f1os, se embarca desde Gibraltar hacia Portugal <em>llevado de mis instintos de ver mundo<\/em>, seg\u00fan su libro <strong>De Gibraltar a Lisboa. Viaje hist\u00f3rico.<\/strong> All\u00ed conoce a quien ser\u00eda su gran amor, Teresa Mancha, de diecis\u00e9is a\u00f1os y a quien m\u00e1s tarde raptar\u00eda y fue inspiradora de buena parte de su obra, al tiempo que toma contacto con los espa\u00f1oles liberales emigrados. Pero a poco es nuevamente detenido por la polic\u00eda lusa y confinado en el castillo de Sao Vicente, de donde m\u00e1s tarde es expulsado hacia Londres.<\/p>\n<p style=\"text-align: justify;\">\u00a0\u00a0\u00a0\u00a0\u00a0\u00a0\u00a0\u00a0\u00a0 Durante su estancia en dicha ciudad escribi\u00f3 <strong>La entrada del infierno en Londres<\/strong> y <strong>A la patria<\/strong>, al tiempo que se ganaba la vida dando clases de esgrima.<\/p>\n<p style=\"text-align: justify;\"><strong>\u00a0<\/strong><\/p>\n<p style=\"text-align: center;\"><strong>ELEG\u00cdA<\/strong><\/p>\n<p style=\"text-align: center;\">(fragmento)<strong><br \/>\n<\/strong><br \/>\n\u00a1Cu\u00e1n solitaria la naci\u00f3n que un d\u00eda<\/p>\n<p style=\"text-align: center;\">poblara inmensa gente!<\/p>\n<p style=\"text-align: center;\">\u00a1La naci\u00f3n cuyo imperio se extend\u00eda<\/p>\n<p style=\"text-align: center;\">del Ocaso al Oriente!<\/p>\n<p style=\"text-align: center;\">L\u00e1grimas viertes, infeliz ahora,<\/p>\n<p style=\"text-align: center;\">soberana del mundo,<\/p>\n<p style=\"text-align: center;\">\u00a1y nadie de tu faz encantadora<\/p>\n<p style=\"text-align: center;\">borra el dolor profundo!<\/p>\n<p style=\"text-align: center;\">Oscuridad y luto tenebroso<\/p>\n<p style=\"text-align: center;\">en ti verti\u00f3 la muerte,<\/p>\n<p style=\"text-align: center;\">y en su furor el d\u00e9spota sa\u00f1oso<\/p>\n<p style=\"text-align: center;\">se complaci\u00f3 en tu suerte.<\/p>\n<p style=\"text-align: center;\">No perdon\u00f3 lo hermoso, patria m\u00eda;<\/p>\n<p style=\"text-align: center;\">cay\u00f3 el joven guerrero,<\/p>\n<p style=\"text-align: center;\">cay\u00f3 el anciano, y la segur imp\u00eda<\/p>\n<p style=\"text-align: center;\">manej\u00f3 placentero.<\/p>\n<p style=\"text-align: center;\">So la rabia cay\u00f3 la virgen pura<\/p>\n<p style=\"text-align: center;\">del d\u00e9spota sombr\u00edo,<\/p>\n<p style=\"text-align: center;\">como eclipsa la rosa su hermosura<\/p>\n<p style=\"text-align: center;\">en el sol del est\u00edo.<\/p>\n<p style=\"text-align: center;\">\u00a1Oh vosotros, del mundo, habitadores!,<\/p>\n<p style=\"text-align: center;\">contemplad mi tormento:<\/p>\n<p style=\"text-align: center;\">\u00bfIgualarse podr\u00e1n \u00a1ah!, qu\u00e9 dolores<\/p>\n<p style=\"text-align: center;\">al dolor que yo siento?<\/p>\n<p style=\"text-align: center;\">Yo desterrado de la patria m\u00eda\u2026<\/p>\n<p style=\"text-align: justify;\">\u00a0\u00a0\u00a0\u00a0\u00a0\u00a0\u00a0\u00a0\u00a0 <strong>A<\/strong>ll\u00ed, en Londres, se reencuentra con Teresa Mancha e inicia una relaci\u00f3n amorosa con ella, pese a que ya estaba casada y con hijos. Famosos fueron estos amores envueltos en el esc\u00e1ndalo.<\/p>\n<p style=\"text-align: justify;\">\u00a0\u00a0\u00a0\u00a0\u00a0\u00a0\u00a0\u00a0\u00a0 En 1829 abandona Londres y se traslada a la ciudad de Par\u00eds, junto con Teresa, que abandona su familia para vivir con el poeta. Toma contacto con los liberales, entre ellos el general Torrijos, y unido al militar liberal Chapalangarra y sus tropas vuelve a Espa\u00f1a con la intenci\u00f3n de derrocar a Fernando VII. Misi\u00f3n que fracas\u00f3, pudiendo salvar su vida regresando de nuevo a Francia.<\/p>\n<p style=\"text-align: justify;\"><strong>\u00a0\u00a0\u00a0\u00a0\u00a0\u00a0\u00a0\u00a0\u00a0 H<\/strong>asta 1833 vive exilado entre Burdeos, Londres y Par\u00eds y ya, tras la muerte de Fernando VII, es amnistiado pudiendo regresar a Espa\u00f1a, siempre acompa\u00f1ado de Teresa, instal\u00e1ndose en Madrid e ingresando en la Guardia Real, de la que r\u00e1pidamente es expulsado, al leer unos versos considerados subversivos,\u00a0 sufriendo un nuevo destierro, esta vez en Cu\u00e9llar, Segovia. All\u00ed escribi\u00f3 el primer volumen de su novela hist\u00f3rica <strong>Sancho Salda\u00f1a o el Castellano de Cu\u00e9llar<\/strong>, a\u00f1o 1834.<\/p>\n<p style=\"text-align: justify;\">\u00a0\u00a0\u00a0\u00a0\u00a0\u00a0\u00a0\u00a0\u00a0 Ese mismo a\u00f1o tiene una hija, Blanca, con Teresa y estrena su comedia <strong>Ni el t\u00edo ni el sobrino<\/strong> y por participar en la sociedad secreta La Isabelina es nuevamente desterrado a Badajoz.<\/p>\n<p style=\"text-align: justify;\">\u00a0\u00a0\u00a0\u00a0\u00a0\u00a0\u00a0\u00a0\u00a0 Una vez libre del destierro, en 1836 se presenta a diputado por Almer\u00eda sin conseguir ser elegido.<\/p>\n<p style=\"text-align: justify;\"><strong>\u00a0\u00a0\u00a0\u00a0\u00a0\u00a0\u00a0\u00a0\u00a0 L<\/strong>iterariamente, desde 1837 Espronceda da a conocer sus obras m\u00e1s importantes: <strong>El estudiante de Salamanca<\/strong>, su primer gran \u00e9xito literario, leyenda en verso inspirada en el mito de Don Juan.<\/p>\n<p style=\"text-align: justify;\">\u00a0\u00a0\u00a0\u00a0\u00a0\u00a0\u00a0\u00a0\u00a0 Del 1830 a 1840 ya es un famoso escritor, poeta e intelectual. Sus obras m\u00e1s conocidas son: <strong>Soneto a la memoria de Torrijos y sus compa\u00f1eros<\/strong>, militar liberal que muri\u00f3 fusilado frente a las costas de M\u00e1laga.<\/p>\n<p style=\"text-align: center;\"><strong>A LA MUERTE DE TORRIJOS Y SUS COMPA\u00d1EROS<\/strong><\/p>\n<p style=\"text-align: center;\">Helos all\u00ed: junto a la mar brav\u00eda<\/p>\n<p style=\"text-align: center;\">cad\u00e1veres est\u00e1n \u00a1ay! los que fueron<\/p>\n<p style=\"text-align: center;\">honra del libre, y con su muerte dieron<\/p>\n<p style=\"text-align: center;\">alas al cielo, a Espa\u00f1a nombrad\u00eda.<\/p>\n<p style=\"text-align: center;\">Ansia de patria y libertad hench\u00eda<\/p>\n<p style=\"text-align: center;\">sus nobles pechos que jam\u00e1s temieron,<\/p>\n<p style=\"text-align: center;\">y las costas de M\u00e1laga los vieron<\/p>\n<p style=\"text-align: center;\">cual sol de gloria en desdichado d\u00eda.<\/p>\n<p style=\"text-align: center;\">Espa\u00f1oles, llorad; mas vuestro llanto<\/p>\n<p style=\"text-align: center;\">l\u00e1grimas de dolor y sangre sean,<\/p>\n<p style=\"text-align: center;\">sangre que ahogue a siervos y opresores,<\/p>\n<p style=\"text-align: center;\">y los viles tiranos con espanto<\/p>\n<p style=\"text-align: center;\">siempre delante amenazando vean<\/p>\n<p style=\"text-align: center;\">alzarse sus espectros vengadores.<\/p>\n<p style=\"text-align: justify;\"><a href=\"http:\/\/granadacostanacional.es\/wp-content\/uploads\/2020\/10\/espronceda-curiosidades-e1490115772445.jpg\"><img decoding=\"async\" loading=\"lazy\" class=\"aligncenter size-full wp-image-25798\" src=\"http:\/\/granadacostanacional.es\/wp-content\/uploads\/2020\/10\/espronceda-curiosidades-e1490115772445.jpg\" alt=\"espronceda-curiosidades-e1490115772445\" width=\"400\" height=\"535\" \/><\/a><\/p>\n<p style=\"text-align: justify;\">\u00a0\u00a0\u00a0\u00a0\u00a0\u00a0\u00a0\u00a0\u00a0 <strong>F<\/strong>amosos fueron asimismo sus poemas <strong>El canto del cosaco, El mendigo, El verdugo<\/strong>, casi todos personajes al margen de la ley y la sociedad, preferentes del poeta.<\/p>\n<p style=\"text-align: justify;\">\u00a0\u00a0\u00a0\u00a0\u00a0\u00a0\u00a0\u00a0\u00a0 En el <strong>Himno al sol,<\/strong> se dirige desafiante al astro rey para profetizarle su destrucci\u00f3n al final de los tiempos.<\/p>\n<p style=\"text-align: center;\"><strong>\u00a0 \u00a0HIMNO AL SOL<\/strong><\/p>\n<p style=\"text-align: center;\">(fragmento final)<\/p>\n<p style=\"text-align: center;\">Goza tu juventud y tu hermosura,<\/p>\n<p style=\"text-align: center;\">\u00a1oh sol! Que cuando el pavoroso d\u00eda<\/p>\n<p style=\"text-align: center;\">llegue que el orbe estalle y se desprenda<\/p>\n<p style=\"text-align: center;\">de la potente mano<\/p>\n<p style=\"text-align: center;\">del padre soberano,<\/p>\n<p style=\"text-align: center;\">y all\u00e1\u00a0 a la eternidad tambi\u00e9n descienda,<\/p>\n<p style=\"text-align: center;\">deshecho en mil pedazos, destrozado<\/p>\n<p style=\"text-align: center;\">y en pi\u00e9lagos de fuego<\/p>\n<p style=\"text-align: center;\">envuelto para siempre y sepultado;<\/p>\n<p style=\"text-align: center;\">de cien tormentas al horrible estruendo,<\/p>\n<p style=\"text-align: center;\">en tinieblas sin\u00a0 fin tu llama pura<\/p>\n<p style=\"text-align: center;\">entonces morir\u00e1. Noche sombr\u00eda<\/p>\n<p style=\"text-align: center;\">cubrir\u00e1 eterna la celeste cumbre:<\/p>\n<p style=\"text-align: center;\">\u00a1ni a\u00fan quedar\u00e1 reliquia de tu lumbre!<\/p>\n<p style=\"text-align: justify;\">\u00a0\u00a0\u00a0\u00a0\u00a0\u00a0\u00a0\u00a0\u00a0 En <strong>A Jarifa en una org\u00eda<\/strong> expresa desilusi\u00f3n, hast\u00edo, lament\u00e1ndose del placer perdido y rebel\u00e1ndose contra la realidad que lo rodea.<\/p>\n<p style=\"text-align: center;\"><strong>A JARIFA EN UNA ORG\u00cdA<\/strong><\/p>\n<p style=\"text-align: center;\">(fragmento)<\/p>\n<p style=\"text-align: center;\">Trae, Jarifa, trae tu mano,<\/p>\n<p style=\"text-align: center;\">ven y p\u00f3sala en mi frente,<\/p>\n<p style=\"text-align: center;\">que en un mar de lava hirviente<\/p>\n<p style=\"text-align: center;\">mi cabeza siento arder.<\/p>\n<p style=\"text-align: center;\">Ven y junta con mis labios<\/p>\n<p style=\"text-align: center;\">esos labios que me irritan,<\/p>\n<p style=\"text-align: center;\">donde a\u00fan los besos palpitan<\/p>\n<p style=\"text-align: center;\">de tus amantes de ayer\u2026<\/p>\n<p style=\"text-align: justify;\">\u00a0\u00a0\u00a0\u00a0\u00a0\u00a0\u00a0\u00a0\u00a0 Y por encima de todos, el famoso poema dedicado a la libertad, la rebeld\u00eda religiosa, social y pol\u00edtica: <strong>La canci\u00f3n del pirata.<\/strong><\/p>\n<p style=\"text-align: center;\"><strong>LA CANCI\u00d3N DEL PIRATA<\/strong><\/p>\n<p style=\"text-align: center;\">(fragmento)<\/p>\n<p style=\"text-align: center;\"><strong>\u00a0<\/strong><\/p>\n<p style=\"text-align: center;\">Con cien ca\u00f1ones por banda,<\/p>\n<p style=\"text-align: center;\">viento en popa, a toda vela,<\/p>\n<p style=\"text-align: center;\">no corta el mar, sino vuela,<\/p>\n<p style=\"text-align: center;\">un velero bergant\u00edn.<\/p>\n<p style=\"text-align: center;\">Bajel pirata que llaman,<\/p>\n<p style=\"text-align: center;\">por su bravura, El Temido,<\/p>\n<p style=\"text-align: center;\">en todo mar conocido,<\/p>\n<p style=\"text-align: center;\">del uno al otro conf\u00edn.<\/p>\n<p style=\"text-align: center;\">La luna en el mar r\u00efela,<\/p>\n<p style=\"text-align: center;\">en la lona gime el viento,<\/p>\n<p style=\"text-align: center;\">y alza en blando movimiento<\/p>\n<p style=\"text-align: center;\">olas de plata y azul;<\/p>\n<p style=\"text-align: center;\">y ve el capit\u00e1n pirata,<\/p>\n<p style=\"text-align: center;\">cantando alegre en la popa,<\/p>\n<p style=\"text-align: center;\">Asia a un lado, al otro Europa,<\/p>\n<p style=\"text-align: center;\">y all\u00e1 a su frente Estambul:<\/p>\n<p style=\"text-align: center;\">\u00abNavega, velero m\u00edo,<\/p>\n<p style=\"text-align: center;\">sin temor,<\/p>\n<p style=\"text-align: center;\">que ni enemigo nav\u00edo<\/p>\n<p style=\"text-align: center;\">ni tormenta, ni bonanza<\/p>\n<p style=\"text-align: center;\">tu rumbo a torcer alcanza,<\/p>\n<p style=\"text-align: center;\">ni a sujetar tu valor.<\/p>\n<p style=\"text-align: center;\">Veinte presas<\/p>\n<p style=\"text-align: center;\">hemos hecho<\/p>\n<p style=\"text-align: center;\">a despecho<\/p>\n<p style=\"text-align: center;\">del ingl\u00e9s,<\/p>\n<p style=\"text-align: center;\">y han rendido<\/p>\n<p style=\"text-align: center;\">sus pendones<\/p>\n<p style=\"text-align: center;\">cien naciones<\/p>\n<p style=\"text-align: center;\">a mis pies.\u00bb<\/p>\n<p style=\"text-align: center;\">Que es mi barco mi tesoro,<\/p>\n<p style=\"text-align: center;\">que es mi dios la libertad,<\/p>\n<p style=\"text-align: center;\">mi ley, la fuerza y el viento,<\/p>\n<p style=\"text-align: center;\">mi \u00fanica patria, la mar.<\/p>\n<p style=\"text-align: justify;\">\u00a0\u00a0\u00a0\u00a0\u00a0\u00a0\u00a0\u00a0\u00a0\u00a0 <strong>E<\/strong>n 1841, Espronceda es nombrado secretario de la Legaci\u00f3n de Espa\u00f1a en los Pa\u00edses Bajos y permanece en La Haya hasta 1842, siendo finalmente elegido diputado por el Partido Progresista e inicia una brillante carrera diplom\u00e1tica que apenas dur\u00f3 unos meses truncada por su temprano fallecimiento, un 23 de mayo de 1842, a causa de una afecci\u00f3n pulmonar, con tan solo treinta y cuatro a\u00f1os. El poeta estaba pr\u00f3ximo a casarse con su nueva amada, Bernarda Beruete, tras el abandono de Teresa.<\/p>\n<p style=\"text-align: justify;\">\u00a0\u00a0 \u00a0\u00a0\u00a0\u00a0\u00a0\u00a0\u00a0Dejaba inconclusa su obra m\u00e1s ambiciosa en verso, <strong>El diablo mundo<\/strong>, extenso poema narrativo donde se incluye el emocionante <strong>Canto a <\/strong>Teresa, tras la muerte de ella, 1839, quien anteriormente lo hab\u00eda abandonado, junto a su hija Blanca, para marcharse a Valladolid con otro hombre. Hecho que caus\u00f3 un profundo dolor al poeta.<\/p>\n<p style=\"text-align: justify;\"><strong>\u00a0<\/strong><\/p>\n<p style=\"text-align: center;\"><strong>CANTO A TERESA<\/strong><\/p>\n<p style=\"text-align: center;\">(fragmento final)<\/p>\n<p style=\"text-align: center;\">Gocemos, s\u00ed; la cristalina esfera<\/p>\n<p style=\"text-align: center;\">Gira ba\u00f1ada en luz: \u00a1bella es la vida!<\/p>\n<p style=\"text-align: center;\">\u00bfQui\u00e9n a parar alcanza la carrera<\/p>\n<p style=\"text-align: center;\">Del mundo hermoso que al placer convida?<\/p>\n<p style=\"text-align: center;\">Brilla ardiente el sol, la primavera<\/p>\n<p style=\"text-align: center;\">Los campos pinta en la estaci\u00f3n florida:<\/p>\n<p style=\"text-align: center;\">Tru\u00e9quese en risa mi dolor profundo. . .<\/p>\n<p style=\"text-align: center;\">Que haya un cad\u00e1ver m\u00e1s \u00bfqu\u00e9 importa al mundo?<\/p>\n<p style=\"text-align: left;\">\u00a0\u00a0\u00a0\u00a0\u00a0\u00a0\u00a0\u00a0\u00a0 Su entierro fue uno de los m\u00e1s multitudinarios de la \u00e9poca y desde 1902 sus restos reposan en el Pante\u00f3n de Hombres Ilustres de Madrid.<\/p>\n<p style=\"text-align: justify;\">\u00a0\u00a0\u00a0\u00a0\u00a0\u00a0\u00a0\u00a0\u00a0 Jos\u00e9 de Espronceda es considerado el poeta rom\u00e1ntico espa\u00f1ol por excelencia. El amor, las pasiones desenfrenadas, la Patria, la libertad, los temas l\u00fagubres, fueron los principales motivos de inspiraci\u00f3n en su poes\u00eda, exaltada y arrebatadora.<\/p>\n<p style=\"text-align: justify;\">\u00a0\u00a0\u00a0\u00a0\u00a0\u00a0\u00a0\u00a0\u00a0 Junto con Gustavo Adolfo B\u00e9cquer son los dos valores m\u00e1s altos de la poes\u00eda espa\u00f1ola del siglo XIX.<\/p>\n<p style=\"text-align: right;\"><a href=\"http:\/\/granadacostanacional.es\/wp-content\/uploads\/2020\/09\/Carmen-carrasco-r.jpg\"><img decoding=\"async\" loading=\"lazy\" class=\"alignright size-medium wp-image-25356\" src=\"http:\/\/granadacostanacional.es\/wp-content\/uploads\/2020\/09\/Carmen-carrasco-r-300x174.jpg\" alt=\"Carmen carrasco r\" width=\"300\" height=\"174\" \/><\/a><\/p>\n<p style=\"text-align: right;\"><em><strong>Vuestra amiga Carmen Carrasco<\/strong><\/em><\/p>\n<p style=\"text-align: right;\"><a href=\"http:\/\/granadacostanacional.es\/la-tahiba\/\"><img decoding=\"async\" loading=\"lazy\" class=\"aligncenter wp-image-25412 size-large\" src=\"http:\/\/granadacostanacional.es\/wp-content\/uploads\/2020\/09\/Merendero-1024x918.gif\" alt=\"Merendero\" width=\"1024\" height=\"918\" \/><\/a><\/p>\n","protected":false},"excerpt":{"rendered":"<p>Que es mi barco mi tesoro, que es mi dios la libertad, mi ley, la fuerza y el viento, mi&hellip;<\/p>\n","protected":false},"author":2,"featured_media":25799,"comment_status":"open","ping_status":"open","sticky":false,"template":"","format":"standard","meta":{"om_disable_all_campaigns":false,"_mi_skip_tracking":false,"_monsterinsights_sitenote_active":false,"_monsterinsights_sitenote_note":"","_monsterinsights_sitenote_category":0,"footnotes":""},"categories":[21,30],"tags":[],"aioseo_notices":[],"_links":{"self":[{"href":"https:\/\/granadacostaglobal.es\/index.php?rest_route=\/wp\/v2\/posts\/25797"}],"collection":[{"href":"https:\/\/granadacostaglobal.es\/index.php?rest_route=\/wp\/v2\/posts"}],"about":[{"href":"https:\/\/granadacostaglobal.es\/index.php?rest_route=\/wp\/v2\/types\/post"}],"author":[{"embeddable":true,"href":"https:\/\/granadacostaglobal.es\/index.php?rest_route=\/wp\/v2\/users\/2"}],"replies":[{"embeddable":true,"href":"https:\/\/granadacostaglobal.es\/index.php?rest_route=%2Fwp%2Fv2%2Fcomments&post=25797"}],"version-history":[{"count":0,"href":"https:\/\/granadacostaglobal.es\/index.php?rest_route=\/wp\/v2\/posts\/25797\/revisions"}],"wp:featuredmedia":[{"embeddable":true,"href":"https:\/\/granadacostaglobal.es\/index.php?rest_route=\/"}],"wp:attachment":[{"href":"https:\/\/granadacostaglobal.es\/index.php?rest_route=%2Fwp%2Fv2%2Fmedia&parent=25797"}],"wp:term":[{"taxonomy":"category","embeddable":true,"href":"https:\/\/granadacostaglobal.es\/index.php?rest_route=%2Fwp%2Fv2%2Fcategories&post=25797"},{"taxonomy":"post_tag","embeddable":true,"href":"https:\/\/granadacostaglobal.es\/index.php?rest_route=%2Fwp%2Fv2%2Ftags&post=25797"}],"curies":[{"name":"wp","href":"https:\/\/api.w.org\/{rel}","templated":true}]}}