{"id":25793,"date":"2020-10-22T07:45:47","date_gmt":"2020-10-22T07:45:47","guid":{"rendered":"http:\/\/granadacostanacional.es\/?p=25793"},"modified":"2020-10-22T07:45:47","modified_gmt":"2020-10-22T07:45:47","slug":"me-gustan-los-lapices-pinceles-acuarelas-a-toda-costa","status":"publish","type":"post","link":"https:\/\/granadacostaglobal.es\/?p=25793","title":{"rendered":"Me gustan los L\u00e1pices, Pinceles, Acuarelas \u2013 A TODA COSTA"},"content":{"rendered":"<h2 style=\"text-align: justify;\">Saboreo\u00a0utilizar el sacapuntas para afinar lentamente la mina de los l\u00e1pices<\/h2>\n<p style=\"text-align: justify;\">No es para m\u00ed un acto reflejo. Todo lo contrario: es un <em>\u201crito\u201d<\/em> m\u00e1s bien. Despu\u00e9s observo complacido el resultado.<\/p>\n<p style=\"text-align: justify;\">Es c\u00f3mo un ni\u00f1o con la cara lavada. Es c\u00f3mo una se\u00f1ora despu\u00e9s de hacerse un lifting. Es c\u00f3mo un anciano tras someterse a los cuidados del dermat\u00f3logo.<\/p>\n<p style=\"text-align: justify;\">Luego recojo las virutas de madera y contemplo la afilada punta de su pulido y reluciente carb\u00f3n, dispuesta a romper mi soledad plasmando sobre el papel el vuelo de mi imaginaci\u00f3n.<\/p>\n<p style=\"text-align: justify;\">\u00a1Ay! Si mi mano fuera tan r\u00e1pida al escribir o dibujar como corre mi fantas\u00eda\u2026<\/p>\n<p style=\"text-align: justify;\"><a href=\"http:\/\/granadacostanacional.es\/wp-content\/uploads\/2020\/10\/lapiz-dos.jpg\"><img decoding=\"async\" loading=\"lazy\" class=\"aligncenter size-large wp-image-25794\" src=\"http:\/\/granadacostanacional.es\/wp-content\/uploads\/2020\/10\/lapiz-dos-714x1024.jpg\" alt=\"lapiz dos\" width=\"714\" height=\"1024\" \/><\/a><\/p>\n<p style=\"text-align: justify;\">Podr\u00eda retener mucho mejor sue\u00f1os, ilusiones, recuerdos y proyectos que mezclados en una amalgama de pensamientos se desvanecen en parte ante la lentitud de mi grafismo.<\/p>\n<p style=\"text-align: justify;\">Quiz\u00e1 mi inquietud radique en comprender que me falta tiempo para comunicar vivencias y asista, nost\u00e1lgico, al paso de la vida, de igual forma que lo hago al desgaste de la mina que se consume, se agota lentamente, ya no escribe con trazo fino.<\/p>\n<p style=\"text-align: justify;\">De mil formas diversas todos hemos tenido experiencias en la vida que nos gustar\u00eda perpetuar en unas l\u00edneas o una imagen. Con satisfacci\u00f3n \u00edntima, si tuvieron significado positivo y como aviso si fueron negativas.<\/p>\n<p style=\"text-align: justify;\">Lo cierto es que las experiencias, del signo que fueran, forman parte del bagaje de cada uno de nosotros en el caminar por este mundo.<\/p>\n<p style=\"text-align: justify;\">En ocasiones nos invade la duda de que todo hubiese sido diferente de haber cambiado tal o cual decisi\u00f3n. El hecho cierto es que no podemos alterar nuestro pasado.<\/p>\n<p style=\"text-align: justify;\"><a href=\"http:\/\/granadacostanacional.es\/wp-content\/uploads\/2020\/10\/lapiz.jpg\"><img decoding=\"async\" loading=\"lazy\" class=\"aligncenter size-large wp-image-25795\" src=\"http:\/\/granadacostanacional.es\/wp-content\/uploads\/2020\/10\/lapiz-960x1024.jpg\" alt=\"lapiz\" width=\"960\" height=\"1024\" \/><\/a><\/p>\n<p style=\"text-align: justify;\">\u00bfC\u00f3mo luchar contra esta incertidumbre en el caso de que nos asalte?<\/p>\n<p style=\"text-align: justify;\">Pensando en que si no podemos modificar el pasado, s\u00ed podemos influir en el presente y futuro m\u00e1s inmediato, sea el que fuere.<\/p>\n<p style=\"text-align: justify;\">Planifiquemos las pr\u00f3ximas horas o d\u00edas de forma cuidadosa: entrevistas, viajes de trabajo, reuniones o simplemente nuestro ocio.<\/p>\n<p style=\"text-align: justify;\">Tratemos de hacer el \u201cpasado\u201d d\u00eda a d\u00eda desde la m\u00e1s absoluta lealtad hacia los dem\u00e1s y la firme convicci\u00f3n de estar actuando bajo los dictados de nuestra conciencia.<\/p>\n<p style=\"text-align: justify;\">Existe un viejo y conocido proverbio chino (<em>lo m\u00e1s socorrido es atribuirlo a esta procedencia<\/em>) que dice:<\/p>\n<p style=\"text-align: justify;\"><strong>\u00a0\u201cHoy es el primer d\u00eda del resto de mi vida\u201d<\/strong>.<\/p>\n<p style=\"text-align: right;\"><em><strong>Francisco Ponce Carrasco<\/strong><\/em><\/p>\n","protected":false},"excerpt":{"rendered":"<p>Saboreo\u00a0utilizar el sacapuntas para afinar lentamente la mina de los l\u00e1pices No es para m\u00ed un acto reflejo. Todo lo&hellip;<\/p>\n","protected":false},"author":2,"featured_media":24452,"comment_status":"open","ping_status":"open","sticky":false,"template":"","format":"standard","meta":{"om_disable_all_campaigns":false,"_mi_skip_tracking":false,"_monsterinsights_sitenote_active":false,"_monsterinsights_sitenote_note":"","_monsterinsights_sitenote_category":0,"footnotes":""},"categories":[21,30],"tags":[],"aioseo_notices":[],"_links":{"self":[{"href":"https:\/\/granadacostaglobal.es\/index.php?rest_route=\/wp\/v2\/posts\/25793"}],"collection":[{"href":"https:\/\/granadacostaglobal.es\/index.php?rest_route=\/wp\/v2\/posts"}],"about":[{"href":"https:\/\/granadacostaglobal.es\/index.php?rest_route=\/wp\/v2\/types\/post"}],"author":[{"embeddable":true,"href":"https:\/\/granadacostaglobal.es\/index.php?rest_route=\/wp\/v2\/users\/2"}],"replies":[{"embeddable":true,"href":"https:\/\/granadacostaglobal.es\/index.php?rest_route=%2Fwp%2Fv2%2Fcomments&post=25793"}],"version-history":[{"count":0,"href":"https:\/\/granadacostaglobal.es\/index.php?rest_route=\/wp\/v2\/posts\/25793\/revisions"}],"wp:featuredmedia":[{"embeddable":true,"href":"https:\/\/granadacostaglobal.es\/index.php?rest_route=\/"}],"wp:attachment":[{"href":"https:\/\/granadacostaglobal.es\/index.php?rest_route=%2Fwp%2Fv2%2Fmedia&parent=25793"}],"wp:term":[{"taxonomy":"category","embeddable":true,"href":"https:\/\/granadacostaglobal.es\/index.php?rest_route=%2Fwp%2Fv2%2Fcategories&post=25793"},{"taxonomy":"post_tag","embeddable":true,"href":"https:\/\/granadacostaglobal.es\/index.php?rest_route=%2Fwp%2Fv2%2Ftags&post=25793"}],"curies":[{"name":"wp","href":"https:\/\/api.w.org\/{rel}","templated":true}]}}