{"id":25721,"date":"2020-10-16T09:17:00","date_gmt":"2020-10-16T09:17:00","guid":{"rendered":"http:\/\/granadacostanacional.es\/?p=25721"},"modified":"2020-10-16T09:17:00","modified_gmt":"2020-10-16T09:17:00","slug":"25721-2","status":"publish","type":"post","link":"https:\/\/granadacostaglobal.es\/?p=25721","title":{"rendered":"LA  FORMACI\u00d3N  DE  NUESTROS  POL\u00cdTICOS"},"content":{"rendered":"<p style=\"text-align: justify;\">Va ya para 15 a\u00f1os que en una reuni\u00f3n casual\u00a0 de seis personas, unos amigos, otros vecinos y alguno s\u00f3lo conocido coment\u00e1bamos sobre la poca preparaci\u00f3n que ten\u00edan algunos cargos pol\u00edticos y de ah\u00ed su poca eficacia en el ejercicio de su cargo. Uno de los presentes se mostr\u00f3 muy locuaz y casi logr\u00f3 convencer, no a todos, pero s\u00ed a unos cuantos de que para ser pol\u00edtico solamente se necesitaba\u00a0 <strong>\u201ctener ideolog\u00eda<\/strong>\u201d lo dem\u00e1s sobraba. A continuaci\u00f3n pregunt\u00f3 dirigi\u00e9ndose a uno \u00bfA ti si te ofrecieron un cargo, por ejemplo, de Subdelegado del Gobierno,\u00a0 aceptar\u00edas? Pues claro que s\u00ed, contest\u00f3 antes de que terminara la pregunta. Seguidamente dirigi\u00e9ndose a otro, \u00bfY t\u00fa?\u00a0 \u00c9ste carraspe\u00f3, nos dirigi\u00f3 una mirada furtiva a todos y respondi\u00f3 con convicci\u00f3n: yo tambi\u00e9n. El primer consultado era de ideolog\u00eda de izquierdas, el segundo de derechas. La \u00fanica diferencia entre estos fue de tiempo. El de derechas parece que dudaba pero finalmente claudic\u00f3. Preparaci\u00f3n y aptitudes\u00a0 o m\u00e9ritos que aportaban estos dos\u2026 llam\u00e9mosle s\u00f3lo individuos, pues por su profesi\u00f3n los conocer\u00e9is. El de ideolog\u00eda de izquierdas era carpintero, el de derechas labrador, propietario de varios marjales de aguacates y chirimoyos.\u00a0 Estudios: uno de ellos el Certificado de Graduado Escolar que se exig\u00eda en aquellos d\u00edas; el otro que era un poco mayor, ni siquiera ese Certificado.<\/p>\n<p style=\"text-align: justify;\">El que llevaba la voz cantante, vamos a llamarle \u00a0tertulia, con las manos abiertas, se\u00f1al\u00e1ndonos a todos y con la cara llena de satisfacci\u00f3n dijo: \u201cveis todos estamos dispuestos a ocupar un cargo por alto que sea, incluso el de ministro si nos lo ofrecieran\u201d. Los estudios para los maestros, para los profesores y dem\u00e1s lechuguinos, la pol\u00edtica es otra cosa que los hombres de \u201cletras\u201d no saben.<\/p>\n<p style=\"text-align: justify;\">ante la hip\u00f3tesis de que el carpintero pudiera ser Subdelegado del Gobierno (antes llamado Gobernador) se nos ocurri\u00f3 preguntar qu\u00e9 conocimientos pose\u00eda\u00a0 aquel labrador que ni tan siquiera hab\u00eda podido sacarse el Certificado de Estudios Primarios, el listo que hab\u00eda monopolizado la tertulia respondi\u00f3 categ\u00f3rico: \u201cpara eso est\u00e1n los funcionarios y el personal entendido que t\u00fa puedes contratar como asesores aunque no sean funcionarios y ya\u00a0 est\u00e1 todo resuelto, y a mandar que para eso nos pagan\u201d.<\/p>\n<p style=\"text-align: justify;\">Estas son palabras, opiniones expresadas en una tertulia casual\u00a0 y sin trascendencia, pero lo triste, lo penoso es que la realidad es m\u00e1s cruda, lacerante, \u00bfcu\u00e1ntos cargos hay ocupados por gente insignificante, sin m\u00e9ritos, sin capacidades para desempe\u00f1arlo?\u00a0 La realidad supera la ficci\u00f3n. la ineficacia en la gesti\u00f3n y los errores con repercusi\u00f3n y trascendencia de sus actos son numerosos. Unas veces por intereses particulares o de partido, y otras por desconocimiento, por estupidez manifiesta, incluso otras, por mala fe. Y lo peor de todas las meteduras de pata de los cargos p\u00fablicos es que no admiten responsabilidades, ni cr\u00edticas, ni dimiten, ni los cesan.<\/p>\n<p style=\"text-align: justify;\">\u00a0\u00a0\u00a0\u00a0\u00a0\u00a0\u00a0\u00a0 Este leguleyo que llevaba la voz cantante de la reuni\u00f3n, que por cierto s\u00f3lo era alba\u00f1il, dec\u00eda simplemente lo que ve\u00eda en los pol\u00edticos y en su pol\u00edtica. Por supuesto que pertenec\u00eda a un partido pol\u00edtico y por tanto sab\u00eda lo que ocurr\u00eda en su partido que en absoluto era nada ejemplar pues en ellos donde\u00a0 se ve el verdadero cariz de sus miembros.<\/p>\n<p style=\"text-align: justify;\">En el art\u00edculo 6\u00ba de la Constituci\u00f3n dice: \u201cLos partidos pol\u00edticos expresan el pluralismo\u00a0 pol\u00edtico,\u00a0 concurren a la formaci\u00f3n\u00a0 y manifestaci\u00f3n de la voluntad y son instrumento fundamental para la participaci\u00f3n pol\u00edtica. Su creaci\u00f3n y el ejercicio de su actividad son libres dentro del respeto a la Constituci\u00f3n y a la Ley. Su estructura interna y funcionamiento deber\u00e1n ser democr\u00e1ticos\u201d.<\/p>\n<p style=\"text-align: justify;\">\u00a0\u00a0\u00a0\u00a0\u00a0\u00a0\u00a0\u00a0 Lo que no dice este art\u00edculo es qu\u00e9 se entiende por voluntad popular cuando cada ciudadano vota seg\u00fan sus intereses propios, de partido y otros simplemente por hacer la pu\u00f1eta. En cuanto a la democracia interna, \u00bfAlguien lo ha visto en el interior de los partidos? Incluso los gobiernos se muestran como dictaduras, naturalmente en nombre de la democracia. Tampoco dice este art\u00edculo 6\u00ba c\u00f3mo deben de ser los componentes de un partido en moralidad, en formaci\u00f3n, en capacidades intelectuales, t\u00e9cnicas, \u00e9tica y otras muchas cualidades imprescindibles para ocupar cargos de responsabilidad que afectan a todos los ciudadanos. Y por lo que continuamente estamos viendo ni se respeta\u00a0 la Constituci\u00f3n ni las Leyes. No obstante, son los partidos los que confeccionan la Constituci\u00f3n y dan el visto bueno a las Leyes, dirigen las elecciones, forman el Parlamento y el Gobierno, controlan y dirigen la Administraciones, las empresas y organismos p\u00fablicos, tr\u00e1fico de influencias y otras formas de corrupciones. Y lo m\u00e1s traum\u00e1tico para los ciudadanos: deciden\u00a0 a su antojo\u00a0 c\u00f3mo y cu\u00e1nto tenemos que pagarles para su financiaci\u00f3n.<\/p>\n<p style=\"text-align: justify;\">Ante los hechos que diariamente estamos constatando en las tareas de gobierno\u00a0 a todos los niveles pues no tengo m\u00e1s remedio que darle la raz\u00f3n a este alba\u00f1il con ideas pol\u00edticas; as\u00ed\u00a0 que para ser pol\u00edtico s\u00f3lo es necesario tener ideolog\u00eda, buenas tragaderas, impermeable a la cr\u00edtica, hacer la vista gorda cuando convenga, echar balones fuera en los errores o en la inacci\u00f3n, no tener empleo, mentir sin que se te caiga la cara de verg\u00fcenza y sin remordimientos de conciencia, no ser demasiado inteligente, m\u00e1s bien listillo, aplaudir \u201ccon raz\u00f3n o sin ella\u201d al jefe\u2026 cosillas de estas.\u00a0 Recordemos tambi\u00e9n a aquel escritor escoc\u00e9s, Stevenson que afirmaba: \u201dLa de pol\u00edtico es tal vez la \u00fanica profesi\u00f3n para la cual la preparaci\u00f3n\u00a0 es innecesaria\u201d. En ello estamos.<\/p>\n<p style=\"text-align: right;\"><em><strong>JOS\u00c9 ANTONIO BUSTOS<\/strong><\/em><\/p>\n","protected":false},"excerpt":{"rendered":"<p>Va ya para 15 a\u00f1os que en una reuni\u00f3n casual\u00a0 de seis personas, unos amigos, otros vecinos y alguno s\u00f3lo&hellip;<\/p>\n","protected":false},"author":2,"featured_media":16054,"comment_status":"open","ping_status":"open","sticky":false,"template":"","format":"standard","meta":{"om_disable_all_campaigns":false,"_mi_skip_tracking":false,"_monsterinsights_sitenote_active":false,"_monsterinsights_sitenote_note":"","_monsterinsights_sitenote_category":0,"footnotes":""},"categories":[21,30],"tags":[],"aioseo_notices":[],"_links":{"self":[{"href":"https:\/\/granadacostaglobal.es\/index.php?rest_route=\/wp\/v2\/posts\/25721"}],"collection":[{"href":"https:\/\/granadacostaglobal.es\/index.php?rest_route=\/wp\/v2\/posts"}],"about":[{"href":"https:\/\/granadacostaglobal.es\/index.php?rest_route=\/wp\/v2\/types\/post"}],"author":[{"embeddable":true,"href":"https:\/\/granadacostaglobal.es\/index.php?rest_route=\/wp\/v2\/users\/2"}],"replies":[{"embeddable":true,"href":"https:\/\/granadacostaglobal.es\/index.php?rest_route=%2Fwp%2Fv2%2Fcomments&post=25721"}],"version-history":[{"count":0,"href":"https:\/\/granadacostaglobal.es\/index.php?rest_route=\/wp\/v2\/posts\/25721\/revisions"}],"wp:featuredmedia":[{"embeddable":true,"href":"https:\/\/granadacostaglobal.es\/index.php?rest_route=\/"}],"wp:attachment":[{"href":"https:\/\/granadacostaglobal.es\/index.php?rest_route=%2Fwp%2Fv2%2Fmedia&parent=25721"}],"wp:term":[{"taxonomy":"category","embeddable":true,"href":"https:\/\/granadacostaglobal.es\/index.php?rest_route=%2Fwp%2Fv2%2Fcategories&post=25721"},{"taxonomy":"post_tag","embeddable":true,"href":"https:\/\/granadacostaglobal.es\/index.php?rest_route=%2Fwp%2Fv2%2Ftags&post=25721"}],"curies":[{"name":"wp","href":"https:\/\/api.w.org\/{rel}","templated":true}]}}