{"id":25705,"date":"2020-10-15T11:33:45","date_gmt":"2020-10-15T11:33:45","guid":{"rendered":"http:\/\/granadacostanacional.es\/?p=25705"},"modified":"2020-10-15T11:33:45","modified_gmt":"2020-10-15T11:33:45","slug":"proxima-presentacion-atrapada-en-tus-redes","status":"publish","type":"post","link":"https:\/\/granadacostaglobal.es\/?p=25705","title":{"rendered":"Pr\u00f3xima presentaci\u00f3n: Atrapada en tus redes"},"content":{"rendered":"<h2 style=\"text-align: justify;\">La historia de una madre dispuesta a luchar por el amor, el cari\u00f1o\u2026 y la pasi\u00f3n.<\/h2>\n<p style=\"text-align: justify;\"><strong>Luz lleva ya muchos a\u00f1os encerrada en una relaci\u00f3n t\u00f3xica. Como muchos matrimonios, empez\u00f3 con grandes expectativas de futuro, y con el regalo de una ni\u00f1a maravillosa, Eli. Pero con el paso del tiempo, su matrimonio se deteriora y su marido se convierte en un canalla arrogante. Sin embargo, en la profunda oscuridad hay una luz que repiquetea parpadeante, una ilusi\u00f3n que se transforma en una llama incandescente\u2026 El clavo ardiente al que se agarra Luz proviene de su m\u00f3vil, de una relaci\u00f3n que crece con las inseguridades que las nuevas tecnolog\u00edas acarrean. \u00bfEncontrar\u00e1 Luz su segunda oportunidad en la palma de su mano? En el camino a descubrirlo har\u00e1 todo lo posible por mantener la felicidad de su hija como prioridad m\u00e1xima.<\/strong><\/p>\n<p style=\"text-align: justify;\">Mar\u00eda Manrique P\u00e9rez es una escritora malague\u00f1a con ascendencia asturiana. Apasionada de la cultura, es dise\u00f1adora de moda, poeta y escritora. Despu\u00e9s de publicar dos poemarios y un libro en colaboraci\u00f3n con la consagrada escritora Soledad Durnes Casa\u00f1al acerca del Covid-19, presenta su primera novela en solitario.<\/p>\n<p style=\"text-align: justify;\">Desde la Editorial Granada Club Selecci\u00f3n apoyamos a los escritores noveles prometedores, como est\u00e1 siendo el caso de Mar\u00eda Manrique, que con esta novela se consolida como una de las grandes promesas del panorama espa\u00f1ol. En <em>Atrapada en tus redes<\/em>, la autora nos desgrana las desventuras de una madre atrapada en un matrimonio infeliz, azotada adem\u00e1s por el c\u00e1ncer. Tambi\u00e9n nos ense\u00f1a aqu\u00ed varias facetas de las redes sociales que tanto nos acompa\u00f1an, como son la interconexi\u00f3n y el acercarnos a los dem\u00e1s, pero tambi\u00e9n las inseguridades que a veces acarrean.<\/p>\n<p style=\"text-align: justify;\">Este libro se encontrar\u00e1 pr\u00f3ximamente en librer\u00edas y estar\u00e1 en la exposici\u00f3n 1000 Autores 1000 Obras de Arte, que se dar\u00e1 en Molv\u00edzar (Granada) entre los d\u00edas 6 y 21 de marzo de 2021. La presentaci\u00f3n oficial ser\u00e1 el d\u00eda 13 del mismo mes.<\/p>\n<p style=\"text-align: justify;\"><a href=\"http:\/\/granadacostanacional.es\/wp-content\/uploads\/2020\/09\/Logo-Editorial-nuevo-web.jpg\"><img decoding=\"async\" loading=\"lazy\" class=\"alignleft wp-image-25229 size-medium\" src=\"http:\/\/granadacostanacional.es\/wp-content\/uploads\/2020\/09\/Logo-Editorial-nuevo-web-300x122.jpg\" alt=\"Logo Editorial nuevo web\" width=\"300\" height=\"122\" \/><\/a><\/p>\n<p style=\"text-align: justify;\"><strong>Contacto con la Editorial:<\/strong><\/p>\n<p style=\"text-align: justify;\">Direcci\u00f3n: Avenida de Andaluc\u00eda n\u00ba 18, 1\u00ba B, Molv\u00edzar, Granada.<\/p>\n<p style=\"text-align: justify;\">Correo electr\u00f3nico: fundacion@granadacosta.net<\/p>\n<p style=\"text-align: justify;\">Tel\u00e9fono: 958 62 64 73<\/p>\n","protected":false},"excerpt":{"rendered":"<p>La historia de una madre dispuesta a luchar por el amor, el cari\u00f1o\u2026 y la pasi\u00f3n. Luz lleva ya muchos&hellip;<\/p>\n","protected":false},"author":3,"featured_media":25706,"comment_status":"open","ping_status":"open","sticky":false,"template":"","format":"standard","meta":{"om_disable_all_campaigns":false,"_mi_skip_tracking":false,"_monsterinsights_sitenote_active":false,"_monsterinsights_sitenote_note":"","_monsterinsights_sitenote_category":0,"footnotes":""},"categories":[21],"tags":[],"aioseo_notices":[],"_links":{"self":[{"href":"https:\/\/granadacostaglobal.es\/index.php?rest_route=\/wp\/v2\/posts\/25705"}],"collection":[{"href":"https:\/\/granadacostaglobal.es\/index.php?rest_route=\/wp\/v2\/posts"}],"about":[{"href":"https:\/\/granadacostaglobal.es\/index.php?rest_route=\/wp\/v2\/types\/post"}],"author":[{"embeddable":true,"href":"https:\/\/granadacostaglobal.es\/index.php?rest_route=\/wp\/v2\/users\/3"}],"replies":[{"embeddable":true,"href":"https:\/\/granadacostaglobal.es\/index.php?rest_route=%2Fwp%2Fv2%2Fcomments&post=25705"}],"version-history":[{"count":0,"href":"https:\/\/granadacostaglobal.es\/index.php?rest_route=\/wp\/v2\/posts\/25705\/revisions"}],"wp:featuredmedia":[{"embeddable":true,"href":"https:\/\/granadacostaglobal.es\/index.php?rest_route=\/"}],"wp:attachment":[{"href":"https:\/\/granadacostaglobal.es\/index.php?rest_route=%2Fwp%2Fv2%2Fmedia&parent=25705"}],"wp:term":[{"taxonomy":"category","embeddable":true,"href":"https:\/\/granadacostaglobal.es\/index.php?rest_route=%2Fwp%2Fv2%2Fcategories&post=25705"},{"taxonomy":"post_tag","embeddable":true,"href":"https:\/\/granadacostaglobal.es\/index.php?rest_route=%2Fwp%2Fv2%2Ftags&post=25705"}],"curies":[{"name":"wp","href":"https:\/\/api.w.org\/{rel}","templated":true}]}}