{"id":25694,"date":"2020-10-15T10:30:44","date_gmt":"2020-10-15T10:30:44","guid":{"rendered":"http:\/\/granadacostanacional.es\/?p=25694"},"modified":"2020-10-15T10:30:44","modified_gmt":"2020-10-15T10:30:44","slug":"el-legado-de-lolita-sevilla-en-molvizar","status":"publish","type":"post","link":"https:\/\/granadacostaglobal.es\/?p=25694","title":{"rendered":"El Legado de Lolita Sevilla en Molv\u00edzar"},"content":{"rendered":"<p style=\"text-align: justify;\">Durante los d\u00edas que van desde el 6 hasta el 21 de marzo de 2021 se celebrar\u00e1 el Circuito Cultural 1000 Autores 1000 Obras de Arte en la localidad de Molv\u00edzar (Granada). Durante estas jornadas se exhibir\u00e1n, en diferentes rincones de su territorio, incluyendo la sede del Proyecto de Cultura Granada Costa, mil obras de arte, cada una de un autor diferente.<\/p>\n<p style=\"text-align: justify;\">El d\u00eda<strong> siete de marzo<\/strong> se inaugurar\u00e1, dentro de esta exposici\u00f3n, una pieza de enorme relevancia, como es <strong>EL LEGADO DE LOLITA SEVILLA<\/strong>. En este evento se presentar\u00e1 en profundidad la figura de una estrella que marc\u00f3 una \u00e9poca muy importante de Espa\u00f1a, como es Lolita Sevilla (\u00c1ngeles Moreno G\u00f3mez). Se hablar\u00e1 de ella como artista y persona, y el evento estar\u00e1 conducido por el Director Art\u00edstico de la Academia de las Ciencias, Bellas Artes y Buenas Letras Granada Costa y autor de letras, <strong>D. Francisco Jim\u00e9nez Rodr\u00edguez<\/strong>.<\/p>\n<p style=\"text-align: justify;\">La presentaci\u00f3n comenzar\u00e1 a las 17 h. y terminar\u00e1 con un elenco de artistas que desgranar\u00e1n la vida y obra de esta insigne cantaora. Tambi\u00e9n cantar\u00e1n varios temas de la <strong>Reina del Pasodoble<\/strong>.<\/p>\n<p style=\"text-align: justify;\">Esta pieza \u00fanica de la exposici\u00f3n 1000 Autores 1000 Obras de Arte, contar\u00e1 con el suficiente espacio para albergar el contenido del libro <em>El Legado de Lolita Sevilla<\/em>, escrito por el propio D. Francisco Jim\u00e9nez, y para trasladar el Museo dedicado a la cantaora que tiene establecido en el pueblo de C\u00e1jar (Granada). Dentro de esta exposici\u00f3n podremos encontrar vestidos que us\u00f3 la cantaora, discos firmados, letras originales, carteles de discos y pel\u00edculas, cartas de su propio pu\u00f1o y letra, abanicos, batas de cola, \u00e1lbumes de fotos, contratos\u2026 En definitiva, una recopilaci\u00f3n de m\u00e1s de doscientos art\u00edculos de coleccionista.<\/p>\n<p style=\"text-align: center;\"><strong>MUESTRA DE LA EXPOSICI\u00d3N<\/strong><\/p>\n<p style=\"text-align: justify;\"><a href=\"http:\/\/granadacostanacional.es\/wp-content\/uploads\/2020\/10\/IMG_2183.jpg\"><img decoding=\"async\" loading=\"lazy\" class=\"aligncenter size-large wp-image-25695\" src=\"http:\/\/granadacostanacional.es\/wp-content\/uploads\/2020\/10\/IMG_2183-1024x682.jpg\" alt=\"IMG_2183\" width=\"1024\" height=\"682\" \/><\/a><\/p>\n<p style=\"text-align: center;\"><em><strong>D. Francisco Jim\u00e9nez nos muestra parte de su colecci\u00f3n<\/strong><\/em><\/p>\n<p style=\"text-align: center;\"><a href=\"http:\/\/granadacostanacional.es\/wp-content\/uploads\/2020\/10\/IMG_20170124_0001.jpg\"><img decoding=\"async\" loading=\"lazy\" class=\"aligncenter size-large wp-image-25696\" src=\"http:\/\/granadacostanacional.es\/wp-content\/uploads\/2020\/10\/IMG_20170124_0001-1024x861.jpg\" alt=\"IMG_20170124_0001\" width=\"1024\" height=\"861\" \/><\/a><\/p>\n<p style=\"text-align: center;\"><a href=\"http:\/\/granadacostanacional.es\/wp-content\/uploads\/2020\/10\/IMG_20170214_0040.jpg\"><img decoding=\"async\" loading=\"lazy\" class=\"aligncenter size-large wp-image-25697\" src=\"http:\/\/granadacostanacional.es\/wp-content\/uploads\/2020\/10\/IMG_20170214_0040-697x1024.jpg\" alt=\"IMG_20170214_0040\" width=\"697\" height=\"1024\" \/><\/a><\/p>\n<p style=\"text-align: center;\"><a href=\"http:\/\/granadacostanacional.es\/wp-content\/uploads\/2020\/10\/IMG_20170214_0113.jpg\"><img decoding=\"async\" loading=\"lazy\" class=\"aligncenter size-large wp-image-25698\" src=\"http:\/\/granadacostanacional.es\/wp-content\/uploads\/2020\/10\/IMG_20170214_0113-1024x683.jpg\" alt=\"IMG_20170214_0113\" width=\"1024\" height=\"683\" \/><\/a><\/p>\n<p style=\"text-align: center;\"><a href=\"http:\/\/granadacostanacional.es\/wp-content\/uploads\/2020\/10\/IMG_20170224_0004.jpg\"><img decoding=\"async\" loading=\"lazy\" class=\"aligncenter size-large wp-image-25699\" src=\"http:\/\/granadacostanacional.es\/wp-content\/uploads\/2020\/10\/IMG_20170224_0004-764x1024.jpg\" alt=\"IMG_20170224_0004\" width=\"764\" height=\"1024\" \/><\/a><\/p>\n<p style=\"text-align: center;\"><a href=\"http:\/\/granadacostanacional.es\/wp-content\/uploads\/2020\/10\/MA_01.jpg\"><img decoding=\"async\" loading=\"lazy\" class=\"aligncenter size-large wp-image-25700\" src=\"http:\/\/granadacostanacional.es\/wp-content\/uploads\/2020\/10\/MA_01-1024x768.jpg\" alt=\"MA_01\" width=\"1024\" height=\"768\" \/><\/a><\/p>\n<p style=\"text-align: center;\"><a href=\"http:\/\/granadacostanacional.es\/wp-content\/uploads\/2020\/10\/Bienvenido.jpg\"><img decoding=\"async\" loading=\"lazy\" class=\"aligncenter size-large wp-image-25701\" src=\"http:\/\/granadacostanacional.es\/wp-content\/uploads\/2020\/10\/Bienvenido-1024x630.jpg\" alt=\"Bienvenido\" width=\"1024\" height=\"630\" \/><\/a><\/p>\n","protected":false},"excerpt":{"rendered":"<p>Durante los d\u00edas que van desde el 6 hasta el 21 de marzo de 2021 se celebrar\u00e1 el Circuito Cultural&hellip;<\/p>\n","protected":false},"author":3,"featured_media":25702,"comment_status":"open","ping_status":"open","sticky":false,"template":"","format":"standard","meta":{"om_disable_all_campaigns":false,"_mi_skip_tracking":false,"_monsterinsights_sitenote_active":false,"_monsterinsights_sitenote_note":"","_monsterinsights_sitenote_category":0,"footnotes":""},"categories":[21,22],"tags":[],"aioseo_notices":[],"_links":{"self":[{"href":"https:\/\/granadacostaglobal.es\/index.php?rest_route=\/wp\/v2\/posts\/25694"}],"collection":[{"href":"https:\/\/granadacostaglobal.es\/index.php?rest_route=\/wp\/v2\/posts"}],"about":[{"href":"https:\/\/granadacostaglobal.es\/index.php?rest_route=\/wp\/v2\/types\/post"}],"author":[{"embeddable":true,"href":"https:\/\/granadacostaglobal.es\/index.php?rest_route=\/wp\/v2\/users\/3"}],"replies":[{"embeddable":true,"href":"https:\/\/granadacostaglobal.es\/index.php?rest_route=%2Fwp%2Fv2%2Fcomments&post=25694"}],"version-history":[{"count":0,"href":"https:\/\/granadacostaglobal.es\/index.php?rest_route=\/wp\/v2\/posts\/25694\/revisions"}],"wp:featuredmedia":[{"embeddable":true,"href":"https:\/\/granadacostaglobal.es\/index.php?rest_route=\/"}],"wp:attachment":[{"href":"https:\/\/granadacostaglobal.es\/index.php?rest_route=%2Fwp%2Fv2%2Fmedia&parent=25694"}],"wp:term":[{"taxonomy":"category","embeddable":true,"href":"https:\/\/granadacostaglobal.es\/index.php?rest_route=%2Fwp%2Fv2%2Fcategories&post=25694"},{"taxonomy":"post_tag","embeddable":true,"href":"https:\/\/granadacostaglobal.es\/index.php?rest_route=%2Fwp%2Fv2%2Ftags&post=25694"}],"curies":[{"name":"wp","href":"https:\/\/api.w.org\/{rel}","templated":true}]}}