{"id":25680,"date":"2020-10-15T08:18:41","date_gmt":"2020-10-15T08:18:41","guid":{"rendered":"http:\/\/granadacostanacional.es\/?p=25680"},"modified":"2020-10-15T08:18:41","modified_gmt":"2020-10-15T08:18:41","slug":"rafael-nadal-un-dios-en-paris","status":"publish","type":"post","link":"https:\/\/granadacostaglobal.es\/?p=25680","title":{"rendered":"RAFAEL NADAL, UN DIOS EN PARIS"},"content":{"rendered":"<p style=\"text-align: justify;\">Cuando el super deportista Nadal se canse de ganar trofeos que a\u00f1adir a su Grand Slams, y los franceses le obliguen a salir con su brazo izquierdo atado a la espalda para que no se lleve m\u00e1s el Rolan Garros a Espa\u00f1a, \u00bfa qu\u00e9 dedicar\u00e1 su vida de \u00e9xitos?\u00a0 \u00bfY por qu\u00e9 no a la POL\u00cdTICA?<\/p>\n<p style=\"text-align: justify;\">Si, s\u00ed. Digo a la pol\u00edtica y con may\u00fascula, porque un personaje que ha sido capaz de gestionar con \u00e9xito su profesi\u00f3n, dejando atr\u00e1s cuantas lesiones le han apartado largo tiempo de su actividad -que no han sido pocas- y saliendo de nuevo al escenario para recuperar enseguida su n\u00famero uno, teniendo enfrente a genios de la talla del exquisito Federer, y al temperamental\u00a0 Djokovic (ambos venidos de otro planeta \u00a0tenista), ser\u00eda capaz de poner orden en la pol\u00edtica de un pa\u00eds que carece de \u201cgesti\u00f3n\u201d, porque no hemos sido capaces los espa\u00f1oles de uno y otro lado (es decir, del mismo lado) de encontrar un presidente que haya gobernado con \u00e9xito una empresa (salvo alg\u00fan puesto de pipas a la entrada de un colegio), y que sigamos \u00a0con una ECONOM\u00cdA de barrio y empe\u00f1ados hasta los tu\u00e9tanos con una \u00a0Europa prestamista que nos tendr\u00e1 pringados para muchas generaciones; \u00a0y con una EDUCACI\u00d3N pueblerina gestada por incapaces, y con una SANIDAD que frente a una terrible pandemia nos sit\u00faa a nivel internacional en una tercera divisi\u00f3n, que ya es decir, teniendo en nuestras universidades los mejores economistas, los mejores educadores y los mejores m\u00e9dicos del mundo\u2026que saben valorarlos fuera de nuestras fronteras, \u00a0y hasta \u00bfen las lejanas ant\u00edpodas neozelandesas?.<\/p>\n<p><a href=\"http:\/\/granadacostanacional.es\/wp-content\/uploads\/2020\/10\/Rafa-Nadal-jugando.jpg\"><img decoding=\"async\" loading=\"lazy\" class=\"aligncenter wp-image-25681 size-large\" src=\"http:\/\/granadacostanacional.es\/wp-content\/uploads\/2020\/10\/Rafa-Nadal-jugando-879x1024.jpg\" alt=\"Rafael Nadal (ESP) def. John Isner (USA)\u2028Roland Garros 2011 - mardi 24 mai - 1er tour - Court Philippe Chatrier\" width=\"879\" height=\"1024\" \/><\/a><\/p>\n<p style=\"text-align: justify;\">Rafa Nadal no ha dudado en los \u00faltimos a\u00f1os a referirse a temas sociales y pol\u00edticos y a recordar que, <em>\u201cel estado de bienestar hay que seguirlo empujando\u201d.<\/em><\/p>\n<p style=\"text-align: justify;\">En una entrevista despu\u00e9s del reciente triunfo le preguntaron: \u00bfC\u00f3mo trastoc\u00f3 su vida durante la disputa del torneo?\u00a0 <em>\u201cMuy triste. No puedes ser ajeno a los problemas del mundo y en particular a Espa\u00f1a, donde la situaci\u00f3n es particularmente delicada\u201d.<\/em><\/p>\n<p style=\"text-align: justify;\">Un Nadal a su imagen y semejanza, en un partido pol\u00edtico LIMPIO, incorrupto, que se presentara con su envidiable personalidad y se\u00f1or\u00edo, sin necesidades econ\u00f3micas porque ha conseguido en su gesti\u00f3n deportiva envidiable tant\u00edsimo dinero como ha merecido, y ha sabido administrarlo para considerarse un hombre rico fruto de su esfuerzo y generosidad.<\/p>\n<p style=\"text-align: justify;\">Rafael Nadal podr\u00eda rodearse de personas de su misma entidad, que los hay, para conseguir un equipo de gestores en cada ministerio, capaces de sacar a Espa\u00f1a de la terrible situaci\u00f3n en que se encuentra.<\/p>\n<p style=\"text-align: justify;\">\n<p style=\"text-align: justify;\">Su carisma unir\u00eda a la gran mayor\u00eda de los espa\u00f1oles de cualquier tendencia ideol\u00f3gica, poni\u00e9ndonos en manos de los tres poderes independientes que dicta la Constituci\u00f3n y con un Monarca como Felipe VI, tambi\u00e9n muy de su estilo\u00a0 y sin m\u00e1cula de corruptelas; consiguiendo posiblemente atraerse hasta a \u00a0los propios nacionalistas de buena fe, que encontraran en ello los valores que han podido so\u00f1ar ut\u00f3picamente, y capaces de apostar por una propuesta ganadora y procuradora de la paz que todos so\u00f1amos. Y no hace mucho tiempo dijo refiri\u00e9ndose a los separatistas: <em>\u201cNo entiendo una Espa\u00f1a sin Catalu\u00f1a y juntos somos m\u00e1s fuerte que separados\u201d.<\/em><\/p>\n<p style=\"text-align: justify;\">Querido Rafael Nadal, an\u00edmate, y cambia la raqueta de tenis por la gran raqueta de Espa\u00f1a que podr\u00eda poner en tu mano izquierda, esa mano m\u00e1gica y esa fuerza que te sale del alma, y consigue lo que solamente un personaje con tus valores humanos, deportivos y geniales podr\u00eda ofrecer a todos los espa\u00f1oles. \u00bfTe animas Rafa?<\/p>\n<p style=\"text-align: justify;\">\n<p style=\"text-align: right;\"><strong><a href=\"http:\/\/granadacostanacional.es\/wp-content\/uploads\/2018\/09\/Juli\u00e1n-D-r.jpg\"><img decoding=\"async\" loading=\"lazy\" class=\"alignright size-medium wp-image-18457\" src=\"http:\/\/granadacostanacional.es\/wp-content\/uploads\/2018\/09\/Juli\u00e1n-D-r-300x174.jpg\" alt=\"Juli\u00e1n D r\" width=\"300\" height=\"174\" \/><\/a>Juli\u00e1n D\u00edaz Robledo<\/strong><\/p>\n","protected":false},"excerpt":{"rendered":"<p>Cuando el super deportista Nadal se canse de ganar trofeos que a\u00f1adir a su Grand Slams, y los franceses le&hellip;<\/p>\n","protected":false},"author":3,"featured_media":25683,"comment_status":"open","ping_status":"open","sticky":false,"template":"","format":"standard","meta":{"om_disable_all_campaigns":false,"_mi_skip_tracking":false,"_monsterinsights_sitenote_active":false,"_monsterinsights_sitenote_note":"","_monsterinsights_sitenote_category":0,"footnotes":""},"categories":[21],"tags":[],"aioseo_notices":[],"_links":{"self":[{"href":"https:\/\/granadacostaglobal.es\/index.php?rest_route=\/wp\/v2\/posts\/25680"}],"collection":[{"href":"https:\/\/granadacostaglobal.es\/index.php?rest_route=\/wp\/v2\/posts"}],"about":[{"href":"https:\/\/granadacostaglobal.es\/index.php?rest_route=\/wp\/v2\/types\/post"}],"author":[{"embeddable":true,"href":"https:\/\/granadacostaglobal.es\/index.php?rest_route=\/wp\/v2\/users\/3"}],"replies":[{"embeddable":true,"href":"https:\/\/granadacostaglobal.es\/index.php?rest_route=%2Fwp%2Fv2%2Fcomments&post=25680"}],"version-history":[{"count":0,"href":"https:\/\/granadacostaglobal.es\/index.php?rest_route=\/wp\/v2\/posts\/25680\/revisions"}],"wp:featuredmedia":[{"embeddable":true,"href":"https:\/\/granadacostaglobal.es\/index.php?rest_route=\/"}],"wp:attachment":[{"href":"https:\/\/granadacostaglobal.es\/index.php?rest_route=%2Fwp%2Fv2%2Fmedia&parent=25680"}],"wp:term":[{"taxonomy":"category","embeddable":true,"href":"https:\/\/granadacostaglobal.es\/index.php?rest_route=%2Fwp%2Fv2%2Fcategories&post=25680"},{"taxonomy":"post_tag","embeddable":true,"href":"https:\/\/granadacostaglobal.es\/index.php?rest_route=%2Fwp%2Fv2%2Ftags&post=25680"}],"curies":[{"name":"wp","href":"https:\/\/api.w.org\/{rel}","templated":true}]}}