{"id":25638,"date":"2020-10-10T09:10:16","date_gmt":"2020-10-10T09:10:16","guid":{"rendered":"http:\/\/granadacostanacional.es\/?p=25638"},"modified":"2020-10-10T09:10:16","modified_gmt":"2020-10-10T09:10:16","slug":"entrevista-al-director-de-orquesta-y-compositor-miquel-ortega-pujol","status":"publish","type":"post","link":"https:\/\/granadacostaglobal.es\/?p=25638","title":{"rendered":"ENTREVISTA AL DIRECTOR DE ORQUESTA Y COMPOSITOR MIQUEL ORTEGA PUJOL"},"content":{"rendered":"<p style=\"text-align: justify;\">Tengo el enorme placer de entrevistar a toda una instituci\u00f3n dentro de la direcci\u00f3n de orquestas y de la composici\u00f3n, como es Miquel Ortega Pujol (Barcelona, febrero de 1963). Una figura destacada de su generaci\u00f3n y reconocida en el mundo l\u00edrico en general (\u00f3pera, opereta, zarzuela, etc.), siendo uno de los m\u00e1ximos conocedores de dicho g\u00e9nero en nuestro pa\u00eds, dado que ha dirigido unos 100 t\u00edtulos oper\u00edsticos y unas 20 zarzuelas, como el musical \u201cWest side story\u201d de Leonard Bernstein. Lo que le ha llevado a visitar numerosos escenarios alrededor del mundo, enumerar\u00e9 solo algunos de ellos, por no alargar demasiado esta introducci\u00f3n. Ha dirigido en el Gran Teatre del Liceu y el Palau de la M\u00fasica de Barcelona, en el Teatro Real, Teatro de la Zarzuela y el Auditorio Nacional de la M\u00fasica de Madrid, la Maestranza de Sevilla, el Teatro Arriaga de Bilbao, y en escenarios de Pamplona, Valladolid, Jerez, M\u00e1laga, La Coru\u00f1a, Zaragoza, C\u00f3rdoba, Santiago de Compostela, Cantabria, Girona, Lleida, las Palmas de Gran Canaria, Tenerife\u2026 Y fuera de nuestras fronteras, en el Kennedy Center de Washington, Teatro Col\u00f3n de Buenos Aires, Th\u00e9\u00e2tre du Capitole de Toulouse, Linbury Studio de la Royal Opera House, Covent Garden de Londres, King\u00b4s Theater de Edimburgo, la Cit\u00e9 de la musique de Par\u00eds, el Teatro Sao Carlos de Lisboa, el Teatro de la \u00d3pera de Lausanne, la Smetana Hall de Praga, la Sala de conciertos del Kremlin de Mosc\u00fa, el Hampton Court de Londres, etc. La lista de pa\u00edses es muy extensa: Alemania, Suiza, Francia, Italia, Portugal, Polonia, Rep\u00fablica Checa, Noruega, Gran Breta\u00f1a, Escocia, Rusia, Ucrania, Australia, Nueva Zelanda, Estados Unidos, M\u00e9xico, Argentina, Colombia, Brasil, Per\u00fa, entre otros.<\/p>\n<p style=\"text-align: justify;\">\u00a0\u00a0\u00a0\u00a0\u00a0\u00a0\u00a0\u00a0\u00a0\u00a0\u00a0 Ha compuesto innumerables obras, donde podemos encontrar m\u00e1s de 100 canciones de concierto (Lieder) dada su relaci\u00f3n con el mundo vocal, obras para piano solo, de c\u00e1mara para diversas formaciones, sinf\u00f3nicas, conciertos con solista, m\u00fasica incidental para teatro y varias \u00f3peras. Su \u00f3pera, \u201cLa casa de Bernarda Alba\u201d fue estrenada en el 2007 en la \u00d3pera de Brasov (Rumania) bajo su direcci\u00f3n, tambi\u00e9n fue presentada en Espa\u00f1a en los Festivales Internacionales de Santander y Peralada en 2008, y contin\u00faa siendo representada en los \u00faltimos a\u00f1os dentro de varias programaciones l\u00edricas. El Teatro Real de Madrid le realiz\u00f3 dos encargos, un Ballet cantado, \u201cBestiario\u201d, estrenado en el 2010 y un cuento musical, \u201cEl ni\u00f1o y la creaci\u00f3n del mundo\u201d. Entre otros magistrales estrenos, como \u201cSuite Canalla\u201d en el Maestro Marc Moncusi, la \u00f3pera \u201cEl guardi\u00e1n de los cuentos\u201d encargada por \u00d3pera de C\u00e1mara de Navarra y coproducida por ABAO, \u201cPreludios y danzas\u201d para piano que fue llevado al Carnegie Hall de Nueva York y a la sala de la Filarm\u00f3nica de Berl\u00edn, entre otros estrenos como \u201cCarta de Don Quijote a Dulcinea\u201d, \u201cCombat del somni\u201d, \u201cPascua Florida\u201d, \u201cTres poemas burlescos y una canci\u00f3n de amor\u201d, \u201cSuite de danzas iberoamericanas\u201d, \u201cApr\u00e8s moi, le d\u00e9luge\u201d, \u201cPreludio, canci\u00f3n y danza\u201d, etc\u2026<\/p>\n<p style=\"text-align: justify;\">\u00a0\u00a0\u00a0\u00a0\u00a0\u00a0\u00a0\u00a0\u00a0\u00a0\u00a0 Gran parte de su obra lieder\u00edstica est\u00e1 siendo grabada al disco, con la labor especial del pianista Rub\u00e9n Fern\u00e1ndez Aguirre, principal valedor de su obra, quien no solo ha estrenado diversos ciclos y canciones sueltas, sino que ha grabado algunos de ellos con artistas de la talla de la fallecida recientemente Montserrat Caball\u00e9, Ainhoa Arteta, Nancy Fabiola Herrera, Luis Lima y Carlos \u00c1lvarez, entre otros. El bar\u00edtono Enric Mart\u00ednez-Castignani y el pianista Carlos Arag\u00f3n son los protagonistas del \u00fanico trabajo monogr\u00e1fico, hasta la fecha, sobre Miquel Ortega, incluyendo en su CD \u201cMemento\u201d una treintena de sus canciones.<\/p>\n<p style=\"text-align: justify;\">\u00a0\u00a0\u00a0\u00a0\u00a0\u00a0\u00a0\u00a0\u00a0\u00a0\u00a0 Miquel Ortega es un ac\u00e9rrimo defensor del patrimonio l\u00edrico espa\u00f1ol, impulsando la campa\u00f1a \u201cZarzuela: Patrimonio de la Humanidad\u201d que recibe apoyos muy importantes desde SGAE, Fundaci\u00f3n Guerrero, Fundaci\u00f3n Juan March, Teatro de la Zarzuela y la propia UNESCO en Espa\u00f1a. Fruto de ese inter\u00e9s por nuestro g\u00e9nero l\u00edrico son las revisiones realizadas por Ortega de obras como \u201cLos gavilanes\u201d para la Fundaci\u00f3n Guerrero, \u201cMarina\u201d de Arrieta y \u201cChateaux Margaux\u201d de Fern\u00e1ndez Caballero para ediciones TRIT\u00d3 y \u201cMaruxa\u201d de Vives par SGAE.<\/p>\n<p style=\"text-align: justify;\">\u00a0\u00a0\u00a0\u00a0\u00a0\u00a0\u00a0\u00a0\u00a0\u00a0\u00a0 Tambi\u00e9n lleva realizando desde hace algunos a\u00f1os, una actividad docente paralela a su labor como director y compositor, habiendo ofrecido Master Class de interpretaci\u00f3n oper\u00edstica para cantantes, pianistas y directores, a ambos lados del Atl\u00e1ntico. Muchos j\u00f3venes directores trabajan con \u00e9l de modo asiduo tanto los aspectos t\u00e9cnicos de la direcci\u00f3n como los interpretativos de repertorios dispares, tanto sinf\u00f3nicos como l\u00edricos.<\/p>\n<p style=\"text-align: justify;\">\u00a0\u00a0\u00a0\u00a0\u00a0\u00a0\u00a0\u00a0\u00a0\u00a0\u00a0 Miquel Ortega aparece en la \u00faltima edici\u00f3n online de la Enciclopedia Catalana, as\u00ed como en los diccionarios de la \u00d3pera de Roger Alier y de la zarzuela de Emilio Casares.<\/p>\n<p style=\"text-align: justify;\">\u00a0\u00a0\u00a0\u00a0\u00a0\u00a0\u00a0\u00a0\u00a0\u00a0\u00a0 Dado su cercan\u00eda al mediterr\u00e1neo, podr\u00edamos definir su estilo por la facilidad de su melod\u00eda y el uso de la tonalidad y la modalidad, preferentemente, con incursiones politonales y atonales espor\u00e1dicas.<\/p>\n<p style=\"text-align: justify;\">\u00a0\u00a0\u00a0\u00a0\u00a0\u00a0\u00a0\u00a0\u00a0\u00a0\u00a0 Tras una larga introducci\u00f3n, dado que el entrevistado Miquel Ortega Pujol llenar\u00eda un libro entero con toda su extensa trayectoria, daremos comienzo a esta colosal y l\u00edrica entrevista.<\/p>\n<p style=\"text-align: justify;\">\u00a0\u00a0\u00a0\u00a0\u00a0\u00a0\u00a0\u00a0\u00a0\u00a0\u00a0 <strong>PREGUNTA:<\/strong> En primer lugar, quiero agradecerte el tiempo que me concedes para esta entrevista. La cual espero sirva para darte a conocer entre el c\u00edrculo de lectores a los que llegue con ella. Mi primera pregunta, como no puede ser de otra forma, es la siguiente. Seg\u00fan he le\u00eddo, tu inter\u00e9s por la m\u00fasica comienza a una temprana edad y empezaste a estudiarla un poco antes de cumplir los 12 a\u00f1itos. \u00bfEn qu\u00e9 preciso momento te sentiste tocado por la m\u00fasica en tu fuero interno y qu\u00e9 obra fue la que te transmiti\u00f3 tal inter\u00e9s poco com\u00fan a esa edad?<\/p>\n<p style=\"text-align: justify;\">\u00a0 \u00a0 \u00a0 \u00a0 \u00a0 \u00a0 RESPUESTA: Recuerdo haber sido tocado por la m\u00fasica desde muy peque\u00f1o. Cantaba todo lo que escuchaba desde muy temprana edad, y me encantaban los pianos de juguete, que a menudo formaban parte de los regalos de reyes. El \u201cclick\u201d se hizo cuando con 11 a\u00f1os mi madre me llev\u00f3 a ver la pel\u00edcula \u201cEl gran Caruso\u201d, protagonizada por Mario Lanza, en el desaparecido cine Am\u00e9rica del Paralelo barcelon\u00e9s.<\/p>\n<p style=\"text-align: justify;\">\n<p style=\"text-align: justify;\">\u00a0\u00a0\u00a0\u00a0\u00a0\u00a0\u00a0\u00a0\u00a0\u00a0\u00a0 <strong>PREGUNTA:<\/strong> Seg\u00fan he le\u00eddo, no vienes de un seno familiar vinculado a la m\u00fasica, dado que no existen antecedentes de ello. Por lo que, \u00bfc\u00f3mo recibieron tus padres aquella pasi\u00f3n por tu parte, por un arte tan ajeno en vuestras vidas? \u00bfTe apoyaron desde el principio, o tuvieron algunas dudas, pensando que ser\u00eda un capricho pasajero que terminar\u00eda extingui\u00e9ndose en el tiempo?<\/p>\n<p style=\"text-align: justify;\">\u00a0\u00a0\u00a0\u00a0\u00a0\u00a0\u00a0\u00a0\u00a0\u00a0\u00a0 RESPUESTA: La verdad es que, a pesar de no dedicarse a la m\u00fasica, y darles un poco de miedo el que yo me decidiera tan pronto por ella, les gustaba mucho a los dos, y gracias a escuchar en casa m\u00fasica de todo tipo, (no s\u00f3lo cl\u00e1sica, sino tambi\u00e9n a The Beatles, Glenn Miller, Carlos Gardel, Antonio Mach\u00edn, Tr\u00edo Los Panchos, Manolo Escobar y un largo etc.) me aficion\u00e9 muy pronto a ella y mis padres me apoyaron incluso en el momento que les dije que quer\u00eda dejar los dem\u00e1s estudios para dedicarme s\u00f3lo a la m\u00fasica.<\/p>\n<p style=\"text-align: justify;\">\n<p style=\"text-align: justify;\">\u00a0\u00a0\u00a0\u00a0\u00a0\u00a0\u00a0\u00a0\u00a0\u00a0\u00a0 <strong>PREGUNTA:<\/strong> Tu formaci\u00f3n fue en el Conservatorio del Liceo, de tu ciudad natal. Y posteriormente con 17 a\u00f1os, a instancias del gran bar\u00edtono Vicente Sardinero, fuiste contratado como pianista repetidor en el Gran Teatre del Liceu. \u00bfQu\u00e9 nos podr\u00edas contar de aqu\u00e9llos inicios? \u00bfC\u00f3mo recibiste el inter\u00e9s que mostraron por tus dotes al teclado?<\/p>\n<p style=\"text-align: justify;\">\u00a0\u00a0\u00a0\u00a0\u00a0\u00a0\u00a0\u00a0\u00a0\u00a0\u00a0 RESPUESTA: Pues aquellos inicios, la ayuda del gran Vicente Sardinero y mis 10 a\u00f1os ininterrumpidos en el Liceu, que incluyen los a\u00f1os de mi formaci\u00f3n en la Direcci\u00f3n de Orquesta bajo la gu\u00eda de mi Maestro Antoni Ros Marb\u00e1, dejaron una huella que es imposible de borrar. El inter\u00e9s que todos mostraron por m\u00ed como pianista fue un acicate para seguir en el mundo de la m\u00fasica. Ya en aquel momento mostraba inter\u00e9s por varias disciplinas, pues estudi\u00e9 canto, piano, violonchelo, direcci\u00f3n, y adem\u00e1s compon\u00eda sin parar.<\/p>\n<p style=\"text-align: justify;\">\n<p style=\"text-align: justify;\">\u00a0 \u00a0 \u00a0 \u00a0 \u00a0 <strong>PREGUNTA:<\/strong> Posteriormente estudiaste direcci\u00f3n de orquesta, y fuiste nombrado Adjunto a la direcci\u00f3n del coro de este Gran Teatro a petici\u00f3n del entonces director titular de la formaci\u00f3n, el prestigioso Maestro italiano Romano Gandolfi. \u00bfQu\u00e9 nos podr\u00edas decir de aquellos a\u00f1os, y qu\u00e9 lograste aprender de sus ense\u00f1anzas y desarrollo como director?<\/p>\n<p style=\"text-align: justify;\">\u00a0\u00a0\u00a0\u00a0\u00a0\u00a0\u00a0\u00a0\u00a0\u00a0\u00a0 RESPUESTA: Me he adelantado a esta respuesta hablando de mi Maestro Ros Marb\u00e0, pero de Romano Gandolfi s\u00f3lo puedo hablar maravillas. Ha sido quiz\u00e1 el director de coros de \u00f3pera m\u00e1s influyente de la segunda mitad del Siglo XX y fue extremadamente generoso conmigo, aunque muy exigente. Lleg\u00f3 a hacerme llorar literalmente en algunos ensayos, pero siempre agradecer\u00e9 su exigencia y su ense\u00f1anza.<\/p>\n<p style=\"text-align: justify;\">\n<p style=\"text-align: justify;\">\u00a0\u00a0\u00a0\u00a0\u00a0\u00a0\u00a0\u00a0\u00a0\u00a0\u00a0 <strong>PREGUNTA:<\/strong> Muchos artistas a lo largo de su carrera, tienen man\u00edas o supersticiones antes de salir al escenario, \u00bfMiquel Ortega tiene alguna que nos pueda confesar libremente?<\/p>\n<p style=\"text-align: justify;\">\u00a0\u00a0\u00a0\u00a0\u00a0\u00a0\u00a0\u00a0\u00a0\u00a0\u00a0 RESPUESTA: Una muy inofensiva. Salir siempre con la batuta en la mano, tanto al inicio del espect\u00e1culo como al final. Muchos directores prefieren que est\u00e9 sobre el atril y la dejan ah\u00ed al acabar; yo en cambio voy siempre con ella al inicio y al final. De hecho, salgo a saludar con la batuta, aunque a veces, sobretodo en la \u00f3pera, dificulta el tomar de la mano al solista que me quede al lado derecho en los saludos.<\/p>\n<p style=\"text-align: justify;\"><a href=\"http:\/\/granadacostanacional.es\/wp-content\/uploads\/2020\/10\/IMG-20200831-WA0008.jpg\"><img decoding=\"async\" loading=\"lazy\" class=\"aligncenter wp-image-25641 size-large\" src=\"http:\/\/granadacostanacional.es\/wp-content\/uploads\/2020\/10\/IMG-20200831-WA0008-682x1024.jpg\" alt=\"IMG-20200831-WA0008\" width=\"682\" height=\"1024\" \/><\/a><\/p>\n<p style=\"text-align: justify;\">\u00a0\u00a0\u00a0\u00a0\u00a0\u00a0\u00a0\u00a0\u00a0\u00a0\u00a0 <strong>PREGUNTA:<\/strong> Todos los directores tienen algunas facetas distintas a la hora de dirigir, en el caso de Miquel Ortega, \u00bfqu\u00e9 clase de director ven sus m\u00fasicos? \u00bfUn director autoritario y perfeccionista que s\u00f3lo escucha su voz musical, o un compa\u00f1ero melodioso que sabe sacar las mejores virtudes de sus orquestas con mano dura, pero cordial, sabiendo escuchar las ideas que van surgiendo durante los ensayos?<\/p>\n<p style=\"text-align: justify;\">\u00a0\u00a0\u00a0\u00a0\u00a0\u00a0\u00a0\u00a0\u00a0\u00a0\u00a0 RESPUESTA: No s\u00e9 c\u00f3mo me ver\u00e1n ellos. Yo intento ser un director amable y comprensivo (hay momentos en los que no es posible, claro) y a pesar de ser exigente siempre intento que sea pidiendo y sugiriendo las cosas cordialmente. Tambi\u00e9n soy muy dado a escuchar las opiniones interpretativas de los solistas y la orquesta. Si algo me convence no me importa cambiar de opini\u00f3n y adoptar sus sugerencias.<\/p>\n<p style=\"text-align: justify;\">\n<p style=\"text-align: justify;\">\u00a0\u00a0\u00a0\u00a0\u00a0\u00a0\u00a0\u00a0\u00a0\u00a0\u00a0 <strong>PREGUNTA:<\/strong> Has dirigido en numerosos Teatros, Auditorios, Salas de conciertos, Palacios, etc\u2026 A lo largo y ancho de nuestro planeta. De todas esas experiencias adquiridas, \u00bfqu\u00e9 lugares te impresionaron de forma casi m\u00edstica y qu\u00e9 orquestas te sorprendieron gratamente a la hora de dirigirlas?<\/p>\n<p style=\"text-align: justify;\">\u00a0\u00a0\u00a0\u00a0\u00a0\u00a0\u00a0\u00a0\u00a0\u00a0\u00a0 RESPUESTA: Lugares que me hayan impresionado, por supuesto el Gran Teatre del Liceu. Fue el primer teatro de \u00f3pera al que asist\u00ed siendo todav\u00eda un ni\u00f1o, y dirigir en \u00e9l fue realmente una experiencia \u201ccasi m\u00edstica\u201d como bien dices en tu pregunta.<\/p>\n<p style=\"text-align: justify;\">Otro teatro que me impresion\u00f3 much\u00edsimo y me tuvo nervioso durante todo el primer acto de la obra, fue el Col\u00f3n de Buenos Aires, por sus dimensiones y el inmenso aforo.<\/p>\n<p style=\"text-align: justify;\">Orquestas que me hayan sorprendido gratamente hay muchas. En nuestro pa\u00eds pr\u00e1cticamente todas. El nivel de las orquestas es m\u00e1s alto de lo que la gente cree, pero para que den todo lo que pueden hay que creer en ellos y hacerles ver que siempre pueden hacerlo mejor.<\/p>\n<p style=\"text-align: justify;\">Fuera de Espa\u00f1a he tenido experiencias muy gratificantes tambi\u00e9n, en Lausanne con la Orquesta de C\u00e1mara, en Escocia con la Scottish Chamber, con la Orquesta de Tolouse, la de la \u00f3pera de Washington, en Italia, en Alemania, en la Rep\u00fablica Checa, concretamente en Praga, en Sudam\u00e9rica con orquestas de distintos pa\u00edses\u2026 Siempre es lo mismo, dar la confianza necesaria y pedir o sugerir las cosas del mejor modo posible.<\/p>\n<p style=\"text-align: justify;\">\n<p style=\"text-align: justify;\">\u00a0\u00a0\u00a0\u00a0\u00a0\u00a0\u00a0\u00a0\u00a0\u00a0\u00a0 <strong>PREGUNTA:<\/strong> A lo largo de tu trayectoria has podido dirigir obras de innumerables compositores, desde Mozart, Haydn, Beethoven, Schubert, Mendelssohn, Dvorak, Grieg, Tchaikovsky, etc. Pero donde has prestado mayor atenci\u00f3n ha sido entre los compositores espa\u00f1oles, franceses y americanos, como Garreta, Chap\u00ed, Bret\u00f3n, Guridi, Falla, Turina, Granados, Ernesto Halffter, Debussy, Ravel, Faur\u00e9, Poulenc, Fran\u00e7aix, Sauguet, Bernstein, Copland, Moncayo, Ginastera, etc. \u00bfPodr\u00edas decirnos de todos esos genios, qui\u00e9nes te han resultado m\u00e1s complejos pero que te han podido llenar m\u00e1s, y cu\u00e1les te han sido m\u00e1s f\u00e1ciles a pesar de la siempre complicaci\u00f3n que supone, ponerse en la piel de la visi\u00f3n de tantos corazones creativos con modos diferentes de entender sus obras?<\/p>\n<p style=\"text-align: justify;\">\u00a0\u00a0\u00a0\u00a0\u00a0\u00a0\u00a0\u00a0\u00a0\u00a0\u00a0 RESPUESTA: Compositores complejos que a m\u00ed no me lo resultan, supongo que por la afinidad que siento, son Leonard Bernstein, Aaron Copland, Manuel de Falla, Jes\u00fas Guridi, Maurice Ravel, Henry Sauguet.<\/p>\n<p style=\"text-align: justify;\">Las complejidades mayores quiz\u00e1 las he encontrado en el clasicismo, a pesar de sentirme c\u00f3modo con Haydn, Mozart y Beethoven, pero la cantidad de informaci\u00f3n interpretativa de estos compositores puede llegar a pesar. A pesar de ello yo siempre tengo muy claro lo que quiero y lo hago, aunque difiera de las tendencias habituales de interpretaci\u00f3n.<\/p>\n<p style=\"text-align: justify;\">\n<p style=\"text-align: justify;\">\u00a0\u00a0\u00a0\u00a0\u00a0\u00a0\u00a0\u00a0\u00a0\u00a0\u00a0 <strong>PREGUNTA:<\/strong> Has compuesto innumerables obras en casi todos los campos existentes, pero especialmente donde m\u00e1s te has prodigado es en el Lieder. Teniendo enorme \u00e9xito con \u201cLa casa de Bernarda Alba\u201d sobre la obra teatral de Federico Garc\u00eda Lorca y el ballet \u201cBestiario\u201d incluyendo nada menos que algo m\u00e1s de cien canciones. \u00bfC\u00f3mo te sientes al ver que tu obra es tan bien acogida, y el hecho de que cantantes de la talla de la difunta Montserrat Caball\u00e9, Ainhoa Arteta, Nancy Fabiola Herrera, Luis Lima o Carlos \u00c1lvarez hayan inmortalizado esas canciones con su voz?<\/p>\n<p style=\"text-align: justify;\">\u00a0\u00a0\u00a0\u00a0\u00a0\u00a0\u00a0\u00a0\u00a0\u00a0\u00a0 RESPUESTA: Aclaro que Lieder es la palabra \u201ccanciones\u201d (lied ser\u00eda el singular canci\u00f3n) en alem\u00e1n, que se usa para las canciones de concierto, forma musical predilecta para m\u00ed.<\/p>\n<p style=\"text-align: justify;\">Me siento muy feliz de ver la buena acogida que siempre tienen mis obras, ya sean las sinf\u00f3nicas, como mi \u201cSuite de danzas iberoamericanas\u201d, mi ballet \u201cBestiario\u201d o mis obras para orquesta e instrumento solista, as\u00ed como las canciones, que son las obras m\u00e1s interpretadas de mi producci\u00f3n; bueno, algunas de ellas, porque con m\u00e1s de 100 canciones (unas 130 en el momento de responder a esta entrevista) no todas han sido estrenadas a\u00fan, y de las que lo han sido se est\u00e1n manteniendo en repertorio unas 10 o 15 aproximadamente. El hecho de que cantantes de la talla de los que has nombrado las tengan en su repertorio ha hecho mucho por m\u00ed como compositor. De hecho, se empez\u00f3 a conocer p\u00fablicamente esta faceta m\u00eda gracias a ellos.<\/p>\n<p style=\"text-align: justify;\">\n<p style=\"text-align: justify;\"><strong>\u00a0 \u00a0 \u00a0 \u00a0 \u00a0PREGUNTA:<\/strong> Gracias por la aclaraci\u00f3n sobre Lieder. Est\u00e1 claro que le debemos gran parte del \u00e9xito de tus canciones al pianista Rub\u00e9n Fern\u00e1ndez Aguirre, que se ha convertido en un valedor de tu obra. \u00bfC\u00f3mo os conocisteis y cu\u00e1ndo comenzasteis esa colaboraci\u00f3n? Pues muchos artistas terminan encontrando a su apoyo creativo, para inmortalizarse mutuamente.<\/p>\n<p style=\"text-align: justify;\">\u00a0\u00a0\u00a0\u00a0\u00a0\u00a0\u00a0\u00a0\u00a0\u00a0\u00a0 RESPUESTA: Rub\u00e9n es un caso especial en la divulgaci\u00f3n de mi obra para voz y piano. \u00c9l siempre crey\u00f3 en mi m\u00fasica y cantantes de gran renombre la han conocido gracias a \u00e9l. Es quiz\u00e1s la persona que m\u00e1s obras m\u00edas ha interpretado y estrenado. Nos conocimos hace muchos a\u00f1os en Valencia y la colaboraci\u00f3n empez\u00f3 inmediatamente. Es la persona que recibe antes que nadie cada nueva canci\u00f3n que compongo, aunque sean obras que tengan que estrenar otros int\u00e9rpretes, pues s\u00e9 que en alg\u00fan momento \u00e9l las incorporar\u00e1 a su repertorio y las divulgar\u00e1.<\/p>\n<p style=\"text-align: justify;\">\n<p style=\"text-align: justify;\">\u00a0\u00a0\u00a0\u00a0\u00a0\u00a0\u00a0\u00a0\u00a0\u00a0\u00a0 <strong>PREGUNTA:<\/strong> \u00bfC\u00f3mo recibiste la noticia de que el pianista Carlos Arag\u00f3n y el bar\u00edtono Enric Mart\u00ednez-Castignani, fuesen a sacar un monogr\u00e1fico sobre tus canciones, en un CD titulado \u201cMemento\u201d con nada menos que treinta canciones? Imagino que fue una grat\u00edsima noticia y que estuviste supervisando todo el proceso de grabaci\u00f3n.<\/p>\n<p style=\"text-align: justify;\">\u00a0\u00a0\u00a0\u00a0\u00a0\u00a0\u00a0\u00a0\u00a0\u00a0\u00a0 RESPUESTA: Pues te puedes imaginar la ilusi\u00f3n que supuso para m\u00ed, saber que muchas canciones que a\u00fan no hab\u00edan sido ni estrenadas \u00edban a formar parte de ese CD. Gracias a esta grabaci\u00f3n varias de estas canciones se han ido incorporando al repertorio de muchos cantantes y pianistas.<\/p>\n<p style=\"text-align: justify;\">\n<p style=\"text-align: justify;\">\u00a0\u00a0\u00a0\u00a0\u00a0\u00a0\u00a0\u00a0\u00a0\u00a0\u00a0 <strong>PREGUNTA:<\/strong> He le\u00eddo que tambi\u00e9n sacas tiempo para dar clases, tanto de interpretaci\u00f3n oper\u00edstica para cantantes, pianistas y directores, a ambos lados del Atl\u00e1ntico. En ellas muchos j\u00f3venes saldr\u00e1n cultivados con las ense\u00f1anzas de Miquel Ortega en los aspectos t\u00e9cnicos de direcci\u00f3n e interpretaci\u00f3n de los diversos repertorios sinf\u00f3nicos y l\u00edricos. \u00bfEsas ense\u00f1anzas son v\u00eda online o por lo general presenciales? Imagino que a veces el maestro aprender\u00e1 algo de sus alumnos m\u00e1s avispados y geniales.<\/p>\n<p style=\"text-align: justify;\">\u00a0\u00a0\u00a0\u00a0\u00a0\u00a0\u00a0\u00a0\u00a0\u00a0\u00a0 RESPUESTA: Normalmente son presenciales. Casi no he hecho clases online, salvo alguna particular durante el confinamiento. El que ense\u00f1a siempre aprende de los alumnos, es algo que resulta muy enriquecedor.<\/p>\n<p style=\"text-align: justify;\">\n<p style=\"text-align: justify;\">\u00a0\u00a0\u00a0\u00a0\u00a0\u00a0\u00a0\u00a0\u00a0\u00a0\u00a0 <strong>PREGUNTA:<\/strong> Eres un gran defensor de la l\u00edrica espa\u00f1ola por excelencia, la Zarzuela. \u00bfC\u00f3mo ves ese camino emprendido para convertir a la Zarzuela en Patrimonio de la Humanidad? Imagino que no ser\u00e1 nada f\u00e1cil, cuando la Zarzuela, algo tan espa\u00f1ol, no ha tenido la repercusi\u00f3n internacional que tiene la \u00d3pera e incluso la Opereta. \u00bfQu\u00e9 nos puedes contar?<\/p>\n<p style=\"text-align: justify;\">\u00a0\u00a0\u00a0\u00a0\u00a0\u00a0\u00a0\u00a0\u00a0\u00a0\u00a0 RESPUESTA: Soy un defensor hasta la m\u00e9dula de nuestro teatro l\u00edrico, porque considero que tiene un valor art\u00edstico y cultural enorme. Mi madre escuchaba muchas zarzuelas cuando yo era peque\u00f1o y me enamor\u00e9 de esa m\u00fasica. Espero que sea pronto declarada Patrimonio Inmaterial de la Humanidad. Empec\u00e9 esa iniciativa hace ya 8 a\u00f1os y creo que va por buen camino, aunque lento. Considero que si nuestro teatro l\u00edrico no ha tenido m\u00e1s reconocimiento a nivel internacional es por nuestra culpa, por no creer lo suficiente en \u00e9l. Cuando hacemos esta m\u00fasica fuera de Espa\u00f1a, la gente de otros pa\u00edses, sin los prejuicios que nosotros tenemos hacia ella, la valora much\u00edsimo.<\/p>\n<p style=\"text-align: justify;\"><a href=\"http:\/\/granadacostanacional.es\/wp-content\/uploads\/2020\/10\/IMG-20200831-WA0007.jpg\"><img decoding=\"async\" loading=\"lazy\" class=\"aligncenter wp-image-25642 size-medium\" src=\"http:\/\/granadacostanacional.es\/wp-content\/uploads\/2020\/10\/IMG-20200831-WA0007-200x300.jpg\" alt=\"IMG-20200831-WA0007\" width=\"200\" height=\"300\" \/><\/a><\/p>\n<p style=\"text-align: justify;\">\u00a0\u00a0\u00a0\u00a0\u00a0\u00a0\u00a0\u00a0\u00a0\u00a0\u00a0 <strong>PREGUNTA:<\/strong> En estos tiempos de crisis y tras un largo confinamiento, donde todav\u00eda seguimos en cierta medida dentro de un estado de alarma, por el COVID-19, donde vemos que muchos sectores profesionales se han visto lamentablemente afectados, hasta el punto de que se cierran negocios y se ha generado un desempleo tr\u00e1gico\u2026 Hace que nos olvidemos del sector art\u00edstico y cultural de nuestro pa\u00eds. Incluso el Gobierno, a diferencia de otros gobiernos europeos, no ha tenido a la cultura entre sus prioridades, en concepto de ayudas o reducci\u00f3n de impuestos. \u00bfQu\u00e9 nos puede decir Miquel Ortega sobre la situaci\u00f3n que viven los escenarios espa\u00f1oles, y qu\u00e9 futuro ve para la m\u00fasica y la l\u00edrica en general en lo que a las medidas de seguridad se est\u00e1n tomando, limitando los aforos y la dificultad para hacer giras y representaciones, cuando cada autonom\u00eda impone diferentes normas de seguridad?<\/p>\n<p style=\"text-align: justify;\">\u00a0\u00a0\u00a0\u00a0\u00a0\u00a0\u00a0\u00a0\u00a0\u00a0\u00a0 RESPUESTA: Considero que los gobiernos de todo el mundo deber\u00edan proteger mucho m\u00e1s la cultura en general. En la cultura es donde se han respetado m\u00e1s las medidas de seguridad y a pesar de ello se siguen cancelando conciertos. Es un agravio comparativo, que a veces raya el insulto, con otras industrias como la restauraci\u00f3n o los medios de transporte. Espero que nuestros gobernantes recapaciten y procedan como corresponde. Debo decir que, desde el reci\u00e9n creado Sindicato de Artistas L\u00edricos de Espa\u00f1a, A.L.E., bajo la gu\u00eda de su secretario general el gran bar\u00edtono Luis Cansino, se est\u00e1n haciendo grandes avances para mejorar la situaci\u00f3n. Yo personalmente, por petici\u00f3n directa de Cansino, formo parte del Comit\u00e9 Ejecutivo y puedo dar fe de la enorme labor que se est\u00e1 realizando desde que empez\u00f3 el confinamiento. Solo deseo que nuestro gobierno sepa responder como ya est\u00e1n haciendo los de otros pa\u00edses.<\/p>\n<p style=\"text-align: justify;\">\n<p style=\"text-align: justify;\">\u00a0 \u00a0 \u00a0 \u00a0 \u00a0 \u00a0 \u00a0 \u00a0<strong>PREGUNTA:<\/strong> Para terminar, \u00bfexiste alguna pregunta que te hubiera gustado haber respondido, pero que no hayas tenido la oportunidad de hacerlo?<\/p>\n<p style=\"text-align: justify;\">\u00a0\u00a0\u00a0\u00a0\u00a0\u00a0\u00a0\u00a0\u00a0\u00a0\u00a0 RESPUESTA: Pues sinceramente creo que has tocado todos los temas cruciales de mi trayectoria, as\u00ed que no echo en falta nada especialmente. Te agradezco mucho la atenci\u00f3n que has prestado a mi carrera.<\/p>\n<p style=\"text-align: justify;\">\n<p style=\"text-align: justify;\">\u00a0\u00a0\u00a0\u00a0\u00a0\u00a0\u00a0\u00a0\u00a0\u00a0\u00a0 Sin m\u00e1s, quiero agradecerte nuevamente el tiempo que te has tomado en responder a las diferentes preguntas aqu\u00ed planteadas. Las cuales espero te hayan resultado amenas y entra\u00f1ables. Para concluir, espero que tengas a bien, el responder a unas preguntas tipo test, donde nos ayudar\u00e1s a conocerte mejor.<\/p>\n<p style=\"text-align: justify;\">\u00a0\u00a0\u00a0\u00a0\u00a0\u00a0\u00a0\u00a0\u00a0\u00a0\u00a0 Te deseo muchos \u00e9xitos musicales a lo largo y ancho del planeta, llevando esa m\u00fasica tan maravillosa y fant\u00e1stica que sale de las entra\u00f1as de tu coraz\u00f3n y de tu alma, con la que se ayuda a aliviar los males de la sociedad en tiempos de crisis y fuera de ellos.<\/p>\n<p style=\"text-align: justify;\">\u00a0\u00a0\u00a0\u00a0\u00a0\u00a0\u00a0\u00a0\u00a0\u00a0\u00a0 \u00a1Muchas gracias, Maestro Ortega!<\/p>\n<p style=\"text-align: justify;\">\n<p style=\"text-align: left;\"><strong>PREGUNTAS TIPO TEST:<\/strong><\/p>\n<p style=\"text-align: justify;\">\u00a0\u00a0\u00a0\u00a0\u00a0\u00a0\u00a0\u00a0\u00a0\u00a0\u00a0 \u00bfUn personaje hist\u00f3rico? Marie Curie.<\/p>\n<p style=\"text-align: justify;\">\u00a0\u00a0\u00a0\u00a0\u00a0\u00a0\u00a0\u00a0\u00a0\u00a0\u00a0 \u00bfUna \u00e9poca? El siglo XIX.<\/p>\n<p style=\"text-align: justify;\">\u00a0\u00a0\u00a0\u00a0\u00a0\u00a0\u00a0\u00a0\u00a0\u00a0\u00a0 \u00bfUn pintor? Salvador Dal\u00ed.<\/p>\n<p style=\"text-align: justify;\">\u00a0\u00a0\u00a0\u00a0\u00a0\u00a0\u00a0\u00a0\u00a0\u00a0\u00a0 \u00bfUn escultor? Auguste Rodin.<\/p>\n<p style=\"text-align: justify;\">\u00a0\u00a0\u00a0\u00a0\u00a0\u00a0\u00a0\u00a0\u00a0\u00a0\u00a0 \u00bfUn escritor? \u00a1Tantos\u2026! Juan Mars\u00e9, Federico Garc\u00eda Lorca, Lope de Vega, William Shakespeare, Garc\u00eda M\u00e1rquez\u2026<\/p>\n<p style=\"text-align: justify;\">\u00a0\u00a0\u00a0\u00a0\u00a0\u00a0\u00a0\u00a0\u00a0\u00a0\u00a0 \u00bfUn poeta? Tantos tambi\u00e9n, pero mis poetas fetiche son Federico Garc\u00eda Lorca (de nuevo), Antonio Machado, Josep Carner y Joan Salvat Papasseit.<\/p>\n<p style=\"text-align: justify;\">\u00a0\u00a0\u00a0\u00a0\u00a0\u00a0\u00a0\u00a0\u00a0\u00a0\u00a0 \u00bfUn libro? <em>La regenta<\/em>, de Leopoldo Alas Clar\u00edn.<\/p>\n<p style=\"text-align: justify;\">\u00a0\u00a0\u00a0\u00a0\u00a0\u00a0\u00a0\u00a0\u00a0\u00a0\u00a0 \u00bfUna pel\u00edcula? \u201cSunset boulevard\u201d (El crep\u00fasculo de los dioses), de Billy Wilder.<\/p>\n<p style=\"text-align: justify;\">\u00a0\u00a0\u00a0\u00a0\u00a0\u00a0\u00a0\u00a0\u00a0\u00a0\u00a0 \u00bfUn director de cine, teatro o televisi\u00f3n? Alfred Hitchcock, Woody Allen, Orson Welles\u2026<\/p>\n<p style=\"text-align: justify;\">\u00a0\u00a0\u00a0\u00a0\u00a0\u00a0\u00a0\u00a0\u00a0\u00a0\u00a0 \u00bfUn actor? Fernando Fern\u00e1n G\u00f3mez (y tantos otros).<\/p>\n<p style=\"text-align: justify;\">\u00a0\u00a0\u00a0\u00a0\u00a0\u00a0\u00a0\u00a0\u00a0\u00a0\u00a0 \u00bfUna actriz? Elisabeth Moss (y tantas otras).<\/p>\n<p style=\"text-align: justify;\">\u00a0\u00a0\u00a0\u00a0\u00a0\u00a0\u00a0\u00a0\u00a0\u00a0\u00a0 \u00bfUn compositor? Leonard Bernstein.<\/p>\n<p style=\"text-align: justify;\">\u00a0\u00a0\u00a0\u00a0\u00a0\u00a0\u00a0\u00a0\u00a0\u00a0\u00a0 \u00bfUn cantante? Frank Sinatra.<\/p>\n<p style=\"text-align: justify;\">\u00a0\u00a0\u00a0\u00a0\u00a0\u00a0\u00a0\u00a0\u00a0\u00a0\u00a0 \u00bfUn m\u00fasico? Jascha Heifetz.<\/p>\n<p style=\"text-align: justify;\">\u00a0\u00a0\u00a0\u00a0\u00a0\u00a0\u00a0\u00a0\u00a0\u00a0\u00a0 \u00bfUna flor? La rosa.<\/p>\n<p style=\"text-align: justify;\">\u00a0\u00a0\u00a0\u00a0\u00a0\u00a0\u00a0\u00a0\u00a0\u00a0\u00a0 \u00bfUn animal? El perro.<\/p>\n<p style=\"text-align: justify;\">\u00a0\u00a0\u00a0\u00a0\u00a0\u00a0\u00a0\u00a0\u00a0\u00a0\u00a0 \u00bfUna estaci\u00f3n del a\u00f1o? La primavera.<\/p>\n<p style=\"text-align: justify;\">\u00a0\u00a0\u00a0\u00a0\u00a0\u00a0\u00a0\u00a0\u00a0\u00a0\u00a0 \u00bfUn lugar donde residir? Cualquiera cerca de la playa.<\/p>\n<p style=\"text-align: justify;\">\u00a0\u00a0\u00a0\u00a0\u00a0\u00a0\u00a0\u00a0\u00a0\u00a0\u00a0 \u00bfUn lugar que te gustar\u00eda visitar antes de morir? Bora Bora.<\/p>\n<p style=\"text-align: justify;\">\u00a0\u00a0\u00a0\u00a0\u00a0\u00a0\u00a0\u00a0\u00a0\u00a0\u00a0 \u00bfUn color? El azul oscuro casi negro.<\/p>\n<p>&nbsp;<\/p>\n<p style=\"text-align: right;\"><strong>Ricardo Campos Urbaneja<\/strong><\/p>\n<p style=\"text-align: right;\"><strong>Ir\u00fan<\/strong><\/p>\n","protected":false},"excerpt":{"rendered":"<p>Tengo el enorme placer de entrevistar a toda una instituci\u00f3n dentro de la direcci\u00f3n de orquestas y de la composici\u00f3n,&hellip;<\/p>\n","protected":false},"author":3,"featured_media":25640,"comment_status":"open","ping_status":"open","sticky":false,"template":"","format":"standard","meta":{"om_disable_all_campaigns":false,"_mi_skip_tracking":false,"_monsterinsights_sitenote_active":false,"_monsterinsights_sitenote_note":"","_monsterinsights_sitenote_category":0,"footnotes":""},"categories":[21],"tags":[],"aioseo_notices":[],"_links":{"self":[{"href":"https:\/\/granadacostaglobal.es\/index.php?rest_route=\/wp\/v2\/posts\/25638"}],"collection":[{"href":"https:\/\/granadacostaglobal.es\/index.php?rest_route=\/wp\/v2\/posts"}],"about":[{"href":"https:\/\/granadacostaglobal.es\/index.php?rest_route=\/wp\/v2\/types\/post"}],"author":[{"embeddable":true,"href":"https:\/\/granadacostaglobal.es\/index.php?rest_route=\/wp\/v2\/users\/3"}],"replies":[{"embeddable":true,"href":"https:\/\/granadacostaglobal.es\/index.php?rest_route=%2Fwp%2Fv2%2Fcomments&post=25638"}],"version-history":[{"count":0,"href":"https:\/\/granadacostaglobal.es\/index.php?rest_route=\/wp\/v2\/posts\/25638\/revisions"}],"wp:featuredmedia":[{"embeddable":true,"href":"https:\/\/granadacostaglobal.es\/index.php?rest_route=\/"}],"wp:attachment":[{"href":"https:\/\/granadacostaglobal.es\/index.php?rest_route=%2Fwp%2Fv2%2Fmedia&parent=25638"}],"wp:term":[{"taxonomy":"category","embeddable":true,"href":"https:\/\/granadacostaglobal.es\/index.php?rest_route=%2Fwp%2Fv2%2Fcategories&post=25638"},{"taxonomy":"post_tag","embeddable":true,"href":"https:\/\/granadacostaglobal.es\/index.php?rest_route=%2Fwp%2Fv2%2Ftags&post=25638"}],"curies":[{"name":"wp","href":"https:\/\/api.w.org\/{rel}","templated":true}]}}