{"id":25564,"date":"2020-10-02T18:32:48","date_gmt":"2020-10-02T18:32:48","guid":{"rendered":"http:\/\/granadacostanacional.es\/?p=25564"},"modified":"2020-10-02T18:32:48","modified_gmt":"2020-10-02T18:32:48","slug":"diario-de-un-poeta-el-dia-que-conoci-al-poeta-jose-hierro","status":"publish","type":"post","link":"https:\/\/granadacostaglobal.es\/?p=25564","title":{"rendered":"DIARIO DE UN POETA, EL D\u00cdA QUE CONOC\u00cd AL POETA JOS\u00c9 HIERRO"},"content":{"rendered":"<p>&nbsp;<\/p>\n<p style=\"text-align: justify;\">La primera vez que tuve el privilegio de conocer personalmente al gran poeta Jos\u00e9 Hierro (1922-2002) fue con ocasi\u00f3n de la tercera Semana Cultural de la AHE, realizada entre los d\u00edas 21 y 25 de enero del a\u00f1o 1980, que organizamos siendo yo presidente regional de dicha entidad. Lo invit\u00e9 a que viniese a Palma a dar una conferencia que se celebr\u00f3 en el sal\u00f3n de actos del Ministerio de Cultura, ubicado en la calle San Felio. Como no pod\u00eda ser de otra manera, fui a esperarlo al Aeropuerto de Palma. Previamente hab\u00eda convocado a la prensa para que fuesen al aeropuerto a entrevistarlo, cosa que sucedi\u00f3, ya que los tres peri\u00f3dicos de informaci\u00f3n de la isla fueron hasta all\u00ed. Obviamente, Jos\u00e9 Hierro no me conoc\u00eda personalmente, si exceptuamos las veces que hab\u00eda hablado con \u00e9l por tel\u00e9fono.<\/p>\n<p><a href=\"http:\/\/granadacostanacional.es\/wp-content\/uploads\/2020\/10\/jose_hierro.jpg\"><img decoding=\"async\" loading=\"lazy\" class=\"aligncenter size-full wp-image-25566\" src=\"http:\/\/granadacostanacional.es\/wp-content\/uploads\/2020\/10\/jose_hierro.jpg\" alt=\"jose_hierro\" width=\"179\" height=\"242\" \/><\/a><\/p>\n<p style=\"text-align: center;\"><strong>El poeta Jos\u00e9 hierro<\/strong><\/p>\n<p style=\"text-align: justify;\">\nMedia hora antes de su llegada ya estaba yo en el Aeropuerto esper\u00e1ndolo. Durante ese tiempo, llegaron reporteros de los peri\u00f3dicos invitados, estuvimos hablando de la semana cultural y del motivo de invitar a Jos\u00e9 Hierro, habiendo en las islas prestigiosos poetas, escritores y conferenciantes. Les content\u00e9 que leyeran el programa y ver\u00edan que la mayor\u00eda de participantes eran mallorquines. Aprovecho \u2013aunque hayan pasado ya 38 a\u00f1os\u2013 para dar las gracias a todos los medios de comunicaci\u00f3n, pero, especialmente, al D\u00eda de Baleares, ya que fue el que m\u00e1s publicidad hizo de la semana cultural.<\/p>\n<p style=\"text-align: justify;\">\nEl avi\u00f3n de Iberia, procedente de Madrid, lleg\u00f3 a la hora prevista y nos acercamos a la puerta de llegada y, entre los pasajeros, divis\u00e9 inmediatamente al gran poeta: alto, con la cabeza afeitada y delgado. Llevaba una cartera de mano, me present\u00e9 a \u00e9l, mientras los fot\u00f3grafos tiraban fotos, se sorprendi\u00f3 y me dijo: \u00abNi que fuese un actor de cine\u00bb. Contest\u00f3 a todas las preguntas que le hicieron. Recuerdo una de esas preguntas: si viv\u00eda exclusivamente de la poes\u00eda. Jos\u00e9 contest\u00f3 lo siguiente: \u00abVivo de un poco de aqu\u00ed y de all\u00ed: hago guiones para la televisi\u00f3n y radio, doy conferencias y recitales, etc.\u00bb. Una vez finalizadas las preguntas, \u00e9l y yo subimos a mi coche y lo llev\u00e9 al hotel donde estar\u00eda hospedado, ubicado en el Paseo de Mallorca. Debo aclarar que, por desplazarse desde Madrid a Palma, se le pagaba la estancia del hotel \u2013una noche\u2013, el viaje del avi\u00f3n Madrid-Palma y Palma-Madrid, y una cantidad simb\u00f3lica de 25 000 pesetas que nos subvencion\u00f3 una entidad bancaria.<\/p>\n<p style=\"text-align: justify;\">\nDurante el trayecto del aeropuerto al hotel, hablamos de la semana cultural y me pregunt\u00f3 sobre las actividades culturales que realiz\u00e1bamos en la AHE, que \u00e9l ya conoc\u00eda, pues seg\u00fan me dijo, conoc\u00eda a diferentes personas que pertenec\u00edan a esta Asociaci\u00f3n. A las ocho de la tarde, como estaba previsto, empez\u00f3 el acto con un lleno total y la gente en pie. Ese acto fue presentado por el poeta mallorqu\u00edn Jos\u00e9 Mar\u00eda Forteza y presidido por m\u00ed, por ser el presidente regional de dicha instituci\u00f3n. Una vez hecha la presentaci\u00f3n y despu\u00e9s de darnos las gracias a Jos\u00e9 Mar\u00eda y a m\u00ed, se puso de pie, se quit\u00f3 el reloj de la mu\u00f1eca y pronunci\u00f3: \u00abLa conferencia durar\u00e1 90 minutos, pero, si alguien del p\u00fablico no le gusta, que levante la mano y yo paro\u00bb. Tal caso no se dio, ya que el escucharlo era todo un gozo para el alma. Al terminar, el aplauso fue atronador y dur\u00f3 unos cinco minutos largos. \u00a1Todo un \u00e9xito! Al terminar el acto, unos compa\u00f1eros se fueron con \u00e9l a cenar a un restaurante, al que desgraciadamente no pude asistir ya que ten\u00eda otro compromiso (aunque a algunos les sorprenda). Al d\u00eda siguiente, s\u00e1bado, lo recog\u00ed en el hotel y lo acompa\u00f1\u00e9 al aeropuerto. Aparqu\u00e9 y entr\u00e9 con \u00e9l hasta el mostrador de Iberia, una vez cumplidos los tr\u00e1mites de facturaci\u00f3n, me desped\u00ed de \u00e9l d\u00e1ndonos un abrazo. Recuerdo que me regal\u00f3 un ejemplar de su libro Cuanto s\u00e9 de m\u00ed, dedicado por \u00e9l.<\/p>\n<p style=\"text-align: justify;\">\n<p style=\"text-align: justify;\">\nAl a\u00f1o siguiente lo volv\u00ed a invitar nuevamente a que participase en la Semana Cultural, pero comunic\u00e1ndole que solamente podr\u00edamos pagarle el pasaje del avi\u00f3n y la estancia de una noche en el hotel. \u00c9l sin pensarlo me dijo lo siguiente, que yo jam\u00e1s podr\u00e9 olvidar: \u00abSi eres t\u00fa quien lo organiza cuenta conmigo\u00bb. Ni que decir tiene que aquello me llen\u00f3 de orgullo, ya que demostraba que lo que mis compa\u00f1eros y yo organiz\u00e1bamos ten\u00eda calidad, seriedad y compromiso.<\/p>\n<p style=\"text-align: justify;\">\nLa segunda vez que lo invit\u00e9 a que participara en la semana cultural, solamente pude acudir a la conferencia ya que, por motivos laborales, no pude ir a recogerlo al aeropuerto. Por la noche, despu\u00e9s de la cena, unos cuantos compa\u00f1eros estuvimos con \u00e9l en la cafeter\u00eda del hotel, hablando de poes\u00eda y poetas durante varias horas.<\/p>\n<p style=\"text-align: justify;\">\nLa tercera vez que estuve con \u00e9l fue tambi\u00e9n aqu\u00ed en Palma, en un evento literario organizado por el periodista Joan Pla, que se celebr\u00f3 en el conocid\u00edsimo bar G\u00fcell. Entre otros, participaron el poeta y periodista Eduardo Su\u00e1rez del Real, Esteban Pis\u00f3n, Eugenia Li\u00e9bana y un servidor de ustedes. Previamente al magno recital hubo una cena ofrecida por Tolo G\u00fcell, anfitri\u00f3n de la velada po\u00e9tica, consistente en un \u00abpa am oli\u00bb, exquisito, comida popular de Mallorca. Debo comentar que el acto fue multitudinario y que, debido a ello y al vino ingerido por algunos participantes, hubo un poco de jaleo y la expulsi\u00f3n del local de algunas personas impresentables. Esto dio lugar a que Joan Pla dijera: \u00abEsto va a terminar como el Rosario de la Aurora\u00bb. Poco despu\u00e9s el asunto se solucion\u00f3 y unos cuantos pudimos seguir hablando de lo que nos hab\u00eda reunido all\u00ed: la poes\u00eda.<\/p>\n<p style=\"text-align: justify;\">\nLa cuarta y \u00faltima vez que vi a Jos\u00e9 Hierro, tambi\u00e9n en Palma, fue con motivo de la presentaci\u00f3n de su libro Cuaderno de Nueva York en Sa Nostra, que tuvo un gran \u00e9xito de venta, tanto que el propio Hierro dijo que estaba sorprendido. Entonces lo vi muy deteriorado, necesitaba ox\u00edgeno para dormir, pero, aun as\u00ed, segu\u00eda con la misma vitalidad de siempre. Un poco tiempo despu\u00e9s muri\u00f3.<\/p>\n<p style=\"text-align: justify;\">\nHa sido uno de los poetas m\u00e1s importante de la posguerra. Su poes\u00eda se caracteriz\u00f3 por mantenerse ajena a la tendencia dominante y decidi\u00f3 continuar la obra de Juan Ram\u00f3n Jim\u00e9nez, Antonio Machado, Pedro Salinas, Gerardo Diego e, incluso, Rub\u00e9n Dar\u00edo. Posteriormente su poes\u00eda se convirti\u00f3 en desarraigada y existencialista. Ha obtenido los m\u00e1s grandes premios existentes en Espa\u00f1a, el primero o uno de los primeros fue el Premio Adon\u00e1is, despu\u00e9s le han seguido muchos m\u00e1s, como el Premio Reina Sof\u00eda, el Premio Pr\u00edncipe de Asturias en 1981 y el Premio Cervantes en 1998, tambi\u00e9n era miembro de la Real Academia. Uno de los poetas m\u00e1s importantes del siglo XX, aunque su personalidad le hac\u00eda ser bastante independiente de los c\u00edrculos po\u00e9ticos en boga. Mi admiraci\u00f3n por \u00e9l es infinita y ha sido un gran honor para m\u00ed haber podido conocerlo personalmente y aprender de \u00e9l. De tanto en tanto, releo su poes\u00eda reafirm\u00e1ndome en su gran talla, de poeta y creador de la palabra.<\/p>\n<p style=\"text-align: justify;\">\n<p style=\"text-align: justify;\">Pr\u00f3ximo comentario: Baltasar Porcel<\/p>\n<p style=\"text-align: right;\"><strong>Marcelino Arellano Alabarces<\/strong><\/p>\n<p style=\"text-align: right;\">\n<strong>Palma de Mallorca<\/strong><\/p>\n","protected":false},"excerpt":{"rendered":"<p>&nbsp; La primera vez que tuve el privilegio de conocer personalmente al gran poeta Jos\u00e9 Hierro (1922-2002) fue con ocasi\u00f3n&hellip;<\/p>\n","protected":false},"author":3,"featured_media":11995,"comment_status":"open","ping_status":"open","sticky":false,"template":"","format":"standard","meta":{"om_disable_all_campaigns":false,"_mi_skip_tracking":false,"_monsterinsights_sitenote_active":false,"_monsterinsights_sitenote_note":"","_monsterinsights_sitenote_category":0,"footnotes":""},"categories":[21],"tags":[],"aioseo_notices":[],"_links":{"self":[{"href":"https:\/\/granadacostaglobal.es\/index.php?rest_route=\/wp\/v2\/posts\/25564"}],"collection":[{"href":"https:\/\/granadacostaglobal.es\/index.php?rest_route=\/wp\/v2\/posts"}],"about":[{"href":"https:\/\/granadacostaglobal.es\/index.php?rest_route=\/wp\/v2\/types\/post"}],"author":[{"embeddable":true,"href":"https:\/\/granadacostaglobal.es\/index.php?rest_route=\/wp\/v2\/users\/3"}],"replies":[{"embeddable":true,"href":"https:\/\/granadacostaglobal.es\/index.php?rest_route=%2Fwp%2Fv2%2Fcomments&post=25564"}],"version-history":[{"count":0,"href":"https:\/\/granadacostaglobal.es\/index.php?rest_route=\/wp\/v2\/posts\/25564\/revisions"}],"wp:featuredmedia":[{"embeddable":true,"href":"https:\/\/granadacostaglobal.es\/index.php?rest_route=\/"}],"wp:attachment":[{"href":"https:\/\/granadacostaglobal.es\/index.php?rest_route=%2Fwp%2Fv2%2Fmedia&parent=25564"}],"wp:term":[{"taxonomy":"category","embeddable":true,"href":"https:\/\/granadacostaglobal.es\/index.php?rest_route=%2Fwp%2Fv2%2Fcategories&post=25564"},{"taxonomy":"post_tag","embeddable":true,"href":"https:\/\/granadacostaglobal.es\/index.php?rest_route=%2Fwp%2Fv2%2Ftags&post=25564"}],"curies":[{"name":"wp","href":"https:\/\/api.w.org\/{rel}","templated":true}]}}