{"id":25553,"date":"2020-10-01T16:38:50","date_gmt":"2020-10-01T16:38:50","guid":{"rendered":"http:\/\/granadacostanacional.es\/?p=25553"},"modified":"2020-10-01T16:38:50","modified_gmt":"2020-10-01T16:38:50","slug":"500-ejemplares-llenos-de-amor","status":"publish","type":"post","link":"https:\/\/granadacostaglobal.es\/?p=25553","title":{"rendered":"500 EJEMPLARES LLENOS DE AMOR"},"content":{"rendered":"<p style=\"text-align: justify;\">\u00a1Celebremos juntos los casi veinti\u00fan a\u00f1os de amor del Proyecto Nacional de Cultura Granada Costa con ni m\u00e1s ni menos que con 500 ejemplares de peri\u00f3dico!<\/p>\n<p style=\"text-align: justify;\">\nDigo amor porque en cada uno de estos ejemplares encontramos siempre una palabra, una frase, una idea o un pensamiento de amor. Y es que como seres humanos necesitamos del amor, ya que este nos completa, alegra, motiva, nos ayuda a comunicarnos, expresarnos y nos da la capacidad de crear. Y todo esto es lo que representa nuestro Proyecto de Cultura, porque cada uno de los que form\u00e1is parte de este, brind\u00e1is amor. Basta con haber asistido a cualquier evento para comprobarlo.<\/p>\n<p style=\"text-align: justify;\">\nMe gustar\u00eda felicitar a todos aquellos que form\u00e1is parte de este Proyecto porque gracias a vosotros crecemos d\u00eda a d\u00eda, no s\u00f3lo en cuanto a divulgaci\u00f3n y producci\u00f3n de libros y peri\u00f3dicos, sino tambi\u00e9n en el plano emocional.<\/p>\n<p style=\"text-align: justify;\">\nRecuerdo con amor a muchos de vosotros, cada mes leo todo lo que escrib\u00eds, desde art\u00edculos de opini\u00f3n o informativos hasta los poemas que constituyen ese Rinc\u00f3n Po\u00e9tico&#8230; Cada vez que os leo, aprendo siempre algo nuevo.<\/p>\n<p style=\"text-align: justify;\">\nTambi\u00e9n recuerdo con amor cada uno de los encuentros y reencuentros que he tenido con muchos de vosotros en numerosos eventos. Recuerdo especialmente la constituci\u00f3n en Madrid de la Academia de las Ciencias, Bellas Artes y Buenas Letras, de la que formo parte como vocal, donde os conoc\u00ed a muchos y me reencontr\u00e9 con otros recibiendo la medalla. Tambi\u00e9n del Homenaje al Padre \u00c1ngel, all\u00ed en Madrid, en donde pude hacerme una foto con \u00e9l. Y muchos m\u00e1s recuerdos y momentos especiales que he pasado y compartido con muchos de vosotros pero que no puedo contar aqu\u00ed por la extensi\u00f3n.<\/p>\n<p style=\"text-align: justify;\">\nMe gustar\u00eda felicitar y agradecer enormemente a mi suegro, Jos\u00e9 Segura, por su perseverancia y su entusiasmo en este Proyecto y esa capacidad de transmitirnos a todos los que le rodeamos su pasi\u00f3n y su alegr\u00eda. Esa capacidad de luchar y seguir adelante con este Proyecto con tanto amor, no hubiese sido posible sin la ayuda de su gran compa\u00f1era de vida, mi suegra, Carolina Venegas.<br \/>\nTambi\u00e9n felicito a mi cu\u00f1ado y Director del Peri\u00f3dico, Antonio Manuel Segura, por creer en el Proyecto, llevarlo adelante y aportar nuevas ideas como la reciente creaci\u00f3n de la Biblioteca Virtual de San Juan de la Cruz, entre otras muchas cosas.<\/p>\n<p style=\"text-align: justify;\">\nPor \u00faltimo, daros a todos las gracias por aceptarme como una integrante m\u00e1s. Desde el inicio me he sentido muy acogida por muchos de vosotros.<\/p>\n<p style=\"text-align: justify;\">\nEn especial quiero dar las gracias a Carlos \u00c1lvaro, mi prometido, al que casi todos conoc\u00e9is. Desde el inicio confi\u00f3 en m\u00ed y he aprendido muchas cosas junto a \u00e9l. Recientemente hemos editado juntos el libro titulado 429 a\u00f1os sin San Juan de la Cruz, un libro al que le hemos dedicado mucho tiempo y esfuerzo, pero sobre todo mucho amor. Me alegra anunciaros que pronto llevaremos a cabo otro proyecto junto a la Editorial, un libro dedicado al gran poeta granadino Federico Garc\u00eda Lorca. \u00a1Gracias compa\u00f1ero de vida!<\/p>\n<p style=\"text-align: justify;\">\nY ya para terminar este art\u00edculo, animaros a todos a que sig\u00e1is participando incansablemente en el Proyecto, ya sea escribiendo, cantando o bailando, porque aunque la situaci\u00f3n no nos permita vernos y tenga que ser virtual, pronto nos veremos y podremos celebrarlo con mucho amor. Os mando a todos un gran abrazo y todas mis felicitaciones.<\/p>\n<p style=\"text-align: justify;\">\n<p style=\"text-align: right;\"><strong>Mar\u00eda Jos\u00e9 Ortega Garc\u00eda<\/strong><\/p>\n<p style=\"text-align: right;\"><strong>Vocal de la Academia de las Ciencias, <\/strong><\/p>\n<p style=\"text-align: right;\"><strong>Bellas Artes y Buenas Letras Granada Costa<\/strong><\/p>\n","protected":false},"excerpt":{"rendered":"<p>\u00a1Celebremos juntos los casi veinti\u00fan a\u00f1os de amor del Proyecto Nacional de Cultura Granada Costa con ni m\u00e1s ni menos&hellip;<\/p>\n","protected":false},"author":3,"featured_media":25554,"comment_status":"open","ping_status":"open","sticky":false,"template":"","format":"standard","meta":{"om_disable_all_campaigns":false,"_mi_skip_tracking":false,"_monsterinsights_sitenote_active":false,"_monsterinsights_sitenote_note":"","_monsterinsights_sitenote_category":0,"footnotes":""},"categories":[21],"tags":[],"aioseo_notices":[],"_links":{"self":[{"href":"https:\/\/granadacostaglobal.es\/index.php?rest_route=\/wp\/v2\/posts\/25553"}],"collection":[{"href":"https:\/\/granadacostaglobal.es\/index.php?rest_route=\/wp\/v2\/posts"}],"about":[{"href":"https:\/\/granadacostaglobal.es\/index.php?rest_route=\/wp\/v2\/types\/post"}],"author":[{"embeddable":true,"href":"https:\/\/granadacostaglobal.es\/index.php?rest_route=\/wp\/v2\/users\/3"}],"replies":[{"embeddable":true,"href":"https:\/\/granadacostaglobal.es\/index.php?rest_route=%2Fwp%2Fv2%2Fcomments&post=25553"}],"version-history":[{"count":0,"href":"https:\/\/granadacostaglobal.es\/index.php?rest_route=\/wp\/v2\/posts\/25553\/revisions"}],"wp:featuredmedia":[{"embeddable":true,"href":"https:\/\/granadacostaglobal.es\/index.php?rest_route=\/"}],"wp:attachment":[{"href":"https:\/\/granadacostaglobal.es\/index.php?rest_route=%2Fwp%2Fv2%2Fmedia&parent=25553"}],"wp:term":[{"taxonomy":"category","embeddable":true,"href":"https:\/\/granadacostaglobal.es\/index.php?rest_route=%2Fwp%2Fv2%2Fcategories&post=25553"},{"taxonomy":"post_tag","embeddable":true,"href":"https:\/\/granadacostaglobal.es\/index.php?rest_route=%2Fwp%2Fv2%2Ftags&post=25553"}],"curies":[{"name":"wp","href":"https:\/\/api.w.org\/{rel}","templated":true}]}}