{"id":25536,"date":"2020-09-30T09:26:50","date_gmt":"2020-09-30T09:26:50","guid":{"rendered":"http:\/\/granadacostanacional.es\/?p=25536"},"modified":"2020-09-30T09:26:50","modified_gmt":"2020-09-30T09:26:50","slug":"25536-2","status":"publish","type":"post","link":"https:\/\/granadacostaglobal.es\/?p=25536","title":{"rendered":"Libro recomendado &#8220;1\u00ba Certamen de relatos Granada Costa Ciudad de Madrid A\u00f1o: 2015&#8221;"},"content":{"rendered":"<p style=\"text-align: justify;\">Podr\u00e1 leer el libro entero a trav\u00e9s de este enlace\u00a0<a href=\"http:\/\/granadacostanacional.es\/downloads\/Libro Certamen Madrid web.pdf\"><span style=\"color: #ff0000;\">&#8220;1\u00ba\u00a0Certamen de relatos Granada Costa Ciudad de Madrid A\u00f1o: 2015&#8221;<\/span><\/a><\/p>\n<p style=\"text-align: justify;\"><strong><em>Pr\u00f3logo<\/em><\/strong><\/p>\n<p style=\"text-align: justify;\">\u00a0\u00a0\u00a0\u00a0\u00a0\u00a0\u00a0\u00a0\u00a0\u00a0 La expansi\u00f3n cultural del Peri\u00f3dico Nacional \u201cGranada Costa\u201d por distintas ciudades y Autonom\u00edas de nuestra Espa\u00f1a, tanto peninsular como insular, desde hace tiempo ha sido una realidad, y sigue expansion\u00e1ndose, gracias a los casi constantes viajes del Presidente del Consejo Rector de \u201cGranada Costa, Pepe Segura, promoviendo Conferencias, veladas po\u00e9ticas, y dando a conocer nuestros Cert\u00e1menes de Poes\u00eda y de Relatos Cortos, animando a los distintos auditorios a participar en ellos.<\/p>\n<p style=\"text-align: justify;\">\u00a0\u00a0\u00a0\u00a0\u00a0\u00a0\u00a0\u00a0\u00a0\u00a0 Y como no pod\u00eda ser menos, la Convocatoria de Relatos Cortos se hizo tambi\u00e9n en Madrid, por ser la capital emblem\u00e1tica de Espa\u00f1a. Madrid ha sido siempre y sigue siendo sin\u00f3nimo de ambientes y recintos culturales, y la meta de literatos, poetas, artistas y pensadores, `para darse a conocer y prosperar en sus anhelos, sue\u00f1os e inquietudes y crearse leg\u00edtimo reconocimiento.<\/p>\n<p style=\"text-align: justify;\">\u00a0\u00a0\u00a0\u00a0\u00a0\u00a0\u00a0\u00a0 En este caso, la Convocatoria para los \u201cRelatos Ciudad de Madrid\u201d, llevaba\u00a0 impl\u00edcito en sus bases que deb\u00edan estar inspirados en cualquier lugar, palacio, monumento, o en otros elementos\u00a0 socio culturales y art\u00edsticas, o \u201ccuriosos por su historia y leyenda\u201d, con el m\u00e1s amplio margen de elecci\u00f3n para los concursantes, a condici\u00f3n, como he dicho, de que los temas y argumentos b\u00e1sicamente sucedieran en Madrid o estuvieran vinculados a \u00e9l.<\/p>\n<p style=\"text-align: justify;\">\u00a0\u00a0\u00a0\u00a0\u00a0\u00a0\u00a0\u00a0\u00a0\u00a0 Y en este libro nos congratulamos por todos los que han participado en este Certamen, y especialmente por los sobresalientes del mismo, cuyos trabajos literarios os ofrecemos a continuaci\u00f3n.<\/p>\n<p style=\"text-align: justify;\"><strong>\u00a0<\/strong><\/p>\n<p style=\"text-align: center;\"><strong>Primer Premio:<\/strong><\/p>\n<p style=\"text-align: center;\">\u00a0\u00a0\u00a0\u00a0\u00a0\u00a0\u00a0\u00a0\u00a0\u00a0 \u201cLa lluvia me recuerda a ti\u201d. Cuya autora es<\/p>\n<p style=\"text-align: center;\">To\u00f1y Castillo Mel\u00e9ndez.<\/p>\n<p style=\"text-align: center;\"><strong>\u00a0<\/strong><\/p>\n<p style=\"text-align: center;\"><strong>Finalistas:<\/strong><\/p>\n<p style=\"text-align: center;\"><strong>\u00a0<\/strong><\/p>\n<p style=\"text-align: center;\">\u201cSue\u00f1os madrile\u00f1os\u201d. Cuyo autor es<\/p>\n<p style=\"text-align: center;\">Juli\u00e1n D\u00edaz Rebledo\u201d.<\/p>\n<p style=\"text-align: center;\">\u201cUn reportaje ins\u00f3lito\u201d. Cuya autora es<\/p>\n<p style=\"text-align: center;\">Carmen Carrasco Ramos.<\/p>\n<p style=\"text-align: center;\">\u201cUn cocido madrile\u00f1o en el 2 de Mayo de 1808\u201d. Cuyo autor es Manuel Gim\u00e9nez Rodr\u00edguez.<\/p>\n<p style=\"text-align: center;\">\u00a1Mi enhorabuena y mis cordiales felicitaciones a todos ellos!<\/p>\n<p style=\"text-align: center;\">\u00a0\u00a0\u00a0\u00a0\u00a0\u00a0\u00a0\u00a0\u00a0\u00a0 \u00a1Madrid se merec\u00eda vuestra magistral y bella literatura, condensada en\u00a0 estos \u201cRelatos Cortos\u201d en honor al mismo! \u00a1Madrid os lo agradecer\u00e1 para siempre de todo coraz\u00f3n!<\/p>\n<p style=\"text-align: center;\"><strong><em>\u00a0<\/em><\/strong><\/p>\n<p style=\"text-align: justify;\"><strong><em>\u00a0<\/em><\/strong><\/p>\n<p style=\"text-align: right;\"><strong><em>ROGELIO GARRIDO MONTA\u00d1ANA<\/em><\/strong><\/p>\n<p style=\"text-align: right;\"><strong><em>Presidente de Honor del Patronato \u201cGranada Costa\u201d.<\/em><\/strong><\/p>\n<p style=\"text-align: right;\"><a href=\"https:\/\/www.restauranteelpenon.es\/carta-el-penon\"><img decoding=\"async\" loading=\"lazy\" class=\"aligncenter size-large wp-image-25379\" src=\"http:\/\/granadacostanacional.es\/wp-content\/uploads\/2020\/09\/Pe\u00f1\u00f3n-1024x677.gif\" alt=\"Pe\u00f1\u00f3n\" width=\"1024\" height=\"677\" \/><\/a><\/p>\n","protected":false},"excerpt":{"rendered":"<p>Podr\u00e1 leer el libro entero a trav\u00e9s de este enlace\u00a0&#8220;1\u00ba\u00a0Certamen de relatos Granada Costa Ciudad de Madrid A\u00f1o: 2015&#8221; Pr\u00f3logo&hellip;<\/p>\n","protected":false},"author":2,"featured_media":25537,"comment_status":"open","ping_status":"open","sticky":false,"template":"","format":"standard","meta":{"om_disable_all_campaigns":false,"_mi_skip_tracking":false,"_monsterinsights_sitenote_active":false,"_monsterinsights_sitenote_note":"","_monsterinsights_sitenote_category":0,"footnotes":""},"categories":[21,30],"tags":[],"aioseo_notices":[],"_links":{"self":[{"href":"https:\/\/granadacostaglobal.es\/index.php?rest_route=\/wp\/v2\/posts\/25536"}],"collection":[{"href":"https:\/\/granadacostaglobal.es\/index.php?rest_route=\/wp\/v2\/posts"}],"about":[{"href":"https:\/\/granadacostaglobal.es\/index.php?rest_route=\/wp\/v2\/types\/post"}],"author":[{"embeddable":true,"href":"https:\/\/granadacostaglobal.es\/index.php?rest_route=\/wp\/v2\/users\/2"}],"replies":[{"embeddable":true,"href":"https:\/\/granadacostaglobal.es\/index.php?rest_route=%2Fwp%2Fv2%2Fcomments&post=25536"}],"version-history":[{"count":0,"href":"https:\/\/granadacostaglobal.es\/index.php?rest_route=\/wp\/v2\/posts\/25536\/revisions"}],"wp:featuredmedia":[{"embeddable":true,"href":"https:\/\/granadacostaglobal.es\/index.php?rest_route=\/"}],"wp:attachment":[{"href":"https:\/\/granadacostaglobal.es\/index.php?rest_route=%2Fwp%2Fv2%2Fmedia&parent=25536"}],"wp:term":[{"taxonomy":"category","embeddable":true,"href":"https:\/\/granadacostaglobal.es\/index.php?rest_route=%2Fwp%2Fv2%2Fcategories&post=25536"},{"taxonomy":"post_tag","embeddable":true,"href":"https:\/\/granadacostaglobal.es\/index.php?rest_route=%2Fwp%2Fv2%2Ftags&post=25536"}],"curies":[{"name":"wp","href":"https:\/\/api.w.org\/{rel}","templated":true}]}}