{"id":25530,"date":"2020-09-29T15:35:56","date_gmt":"2020-09-29T15:35:56","guid":{"rendered":"http:\/\/granadacostanacional.es\/?p=25530"},"modified":"2020-09-29T15:35:56","modified_gmt":"2020-09-29T15:35:56","slug":"relacion-de-ganadores-de-certamenes-literarios-granada-costa-2020","status":"publish","type":"post","link":"https:\/\/granadacostaglobal.es\/?p=25530","title":{"rendered":"RELACI\u00d3N DE GANADORES DE CERT\u00c1MENES LITERARIOS GRANADA COSTA 2020"},"content":{"rendered":"<h2 style=\"text-align: justify;\">III Certamen de Poes\u00eda M\u00edstica<\/h2>\n<p style=\"text-align: justify;\">\n<strong>Primer premio:<\/strong> Do\u00f1a Ana Mar\u00eda L\u00f3pez Exp\u00f3sito. Con el poema &#8220;Arrepentimiento en el bosque azul&#8221;.<\/p>\n<p style=\"text-align: justify;\">\n<strong>Finalista:<\/strong> Don Francisco Jim\u00e9nez Ballesteros. Con el poema &#8220;Aires de Bonanza&#8221;.<\/p>\n<p style=\"text-align: justify;\">\n<strong>Finalista:<\/strong> Do\u00f1a Francelina Robin. Con el poema &#8220;Silencio de las Estrellas&#8221;.<\/p>\n<p style=\"text-align: justify;\">\n<strong>Finalista:<\/strong> Do\u00f1a \u00c1ngeles Mart\u00ednez Mart\u00ednez. Con el poema &#8220;Carta de Amor desde el M\u00e1s All\u00e1&#8221;.<\/p>\n<p style=\"text-align: justify;\">\n<p style=\"text-align: justify;\">\n<h2 style=\"text-align: justify;\">III Certamen de Poes\u00eda Amorosa<\/h2>\n<p style=\"text-align: justify;\">\n<strong>Primer Premio:<\/strong> Do\u00f1a Josefina L\u00f3pez Mart\u00ednez. Con el poema &#8220;Un Bello Poema&#8221;.<\/p>\n<p style=\"text-align: justify;\">\n<strong>Finalista:<\/strong> Do\u00f1a \u00c1ngeles Mart\u00ednez Mart\u00ednez. Con el poema &#8220;Lujuria de Amor&#8221;.<\/p>\n<p style=\"text-align: justify;\">\n<strong>Finalista:<\/strong> Don Rafael Rodr\u00edguez Palma. Con el poema &#8220;Despu\u00e9s&#8221;.<\/p>\n<p style=\"text-align: justify;\">\n<strong>Finalista:<\/strong> Don Francisco Jim\u00e9nez Ballesteros. Con el poema &#8220;Bordadora del Recuerdo&#8221;<\/p>\n<p style=\"text-align: justify;\">\n<strong>Finalista:<\/strong> Don Antonio Quero Matas. Con el poema &#8220;El Amor tiene un Lenguaje Secreto&#8221;.<\/p>\n<p style=\"text-align: justify;\">\n<p style=\"text-align: justify;\">\n<h2 style=\"text-align: justify;\">VIII Certamen de Poes\u00eda dedicado al Soneto &#8220;Poeta Carlos Ben\u00edtez Villodres&#8221;<\/h2>\n<p style=\"text-align: justify;\">\n<strong>Primer Premio:<\/strong> Don Jes\u00fas Mart\u00ednez Mart\u00ednez. Con el poema &#8220;Soldado Gregorio&#8221;.<\/p>\n<p style=\"text-align: justify;\">\n<strong>Finalista:<\/strong> Do\u00f1a Carmen Sanz Pelufo. Con el poema &#8220;La Partida&#8221;.<\/p>\n<p style=\"text-align: justify;\">\n<strong>Finalista:<\/strong> Don Francisco Jim\u00e9nez Ballesteros. Con el poema &#8220;Amor a Manos Llenas&#8221;.<\/p>\n<p style=\"text-align: justify;\">\n<strong>Finalista:<\/strong> Do\u00f1a Ana Mar\u00eda L\u00f3pez Exp\u00f3sito. Con el poema &#8220;Gemidos de Menta&#8221;.<\/p>\n<p style=\"text-align: justify;\">\n<p style=\"text-align: justify;\">\n<h2 style=\"text-align: justify;\">III Certamen de Poes\u00eda Er\u00f3tica<\/h2>\n<p style=\"text-align: justify;\">\n<strong>Primer premio:<\/strong> Don Francisco Velasco Rey. Con el poema &#8220;En mis Deseos&#8221;.<\/p>\n<p style=\"text-align: justify;\">\n<strong>Finalista:<\/strong> Do\u00f1a Francelina Robin. Con el poema &#8220;Hormigas&#8221;.<\/p>\n<p style=\"text-align: justify;\">\n<strong>Finalista:<\/strong> Do\u00f1a Mar\u00eda Manrique P\u00e9rez. Con el poema &#8220;Los Placeres de Amar&#8221;.<\/p>\n<p style=\"text-align: justify;\">\n<strong>Finalista:<\/strong> Don Tony Rojas. Con el poema &#8220;Caballero Destronado&#8221;.<\/p>\n<p style=\"text-align: justify;\">\n<p style=\"text-align: justify;\">\n<h2 style=\"text-align: justify;\">V Certamen de Relato &#8220;Ciudad de Madrid&#8221;<\/h2>\n<p style=\"text-align: justify;\">\n<strong>Primer Premio:<\/strong> Do\u00f1a Isabel P\u00e9rez Fern\u00e1ndez. Con el relato &#8220;El Diario de Albalvia&#8221;.<\/p>\n<p style=\"text-align: justify;\">\n<strong>Finalista:<\/strong> Don Juli\u00e1n D\u00edaz Robledo. Con el relato &#8220;\u00bfTiene Madrid un Cielo Particular?&#8221;<\/p>\n<p style=\"text-align: justify;\">\n<strong>Finalista:<\/strong> Do\u00f1a Soledad Durnes Casa\u00f1al. Con el relato &#8220;Madrid, Amor y Cielo&#8221;.<\/p>\n<p style=\"text-align: justify;\">\n<strong>Finalista:<\/strong> Do\u00f1a Mar\u00eda Jes\u00fas Sarmiento Carujo. Con el relato &#8220;Una Tarde de Verano en Madrid&#8221;.<\/p>\n","protected":false},"excerpt":{"rendered":"<p>III Certamen de Poes\u00eda M\u00edstica Primer premio: Do\u00f1a Ana Mar\u00eda L\u00f3pez Exp\u00f3sito. Con el poema &#8220;Arrepentimiento en el bosque azul&#8221;.&hellip;<\/p>\n","protected":false},"author":3,"featured_media":19599,"comment_status":"open","ping_status":"open","sticky":false,"template":"","format":"standard","meta":{"om_disable_all_campaigns":false,"_mi_skip_tracking":false,"_monsterinsights_sitenote_active":false,"_monsterinsights_sitenote_note":"","_monsterinsights_sitenote_category":0,"footnotes":""},"categories":[21],"tags":[],"aioseo_notices":[],"_links":{"self":[{"href":"https:\/\/granadacostaglobal.es\/index.php?rest_route=\/wp\/v2\/posts\/25530"}],"collection":[{"href":"https:\/\/granadacostaglobal.es\/index.php?rest_route=\/wp\/v2\/posts"}],"about":[{"href":"https:\/\/granadacostaglobal.es\/index.php?rest_route=\/wp\/v2\/types\/post"}],"author":[{"embeddable":true,"href":"https:\/\/granadacostaglobal.es\/index.php?rest_route=\/wp\/v2\/users\/3"}],"replies":[{"embeddable":true,"href":"https:\/\/granadacostaglobal.es\/index.php?rest_route=%2Fwp%2Fv2%2Fcomments&post=25530"}],"version-history":[{"count":0,"href":"https:\/\/granadacostaglobal.es\/index.php?rest_route=\/wp\/v2\/posts\/25530\/revisions"}],"wp:featuredmedia":[{"embeddable":true,"href":"https:\/\/granadacostaglobal.es\/index.php?rest_route=\/"}],"wp:attachment":[{"href":"https:\/\/granadacostaglobal.es\/index.php?rest_route=%2Fwp%2Fv2%2Fmedia&parent=25530"}],"wp:term":[{"taxonomy":"category","embeddable":true,"href":"https:\/\/granadacostaglobal.es\/index.php?rest_route=%2Fwp%2Fv2%2Fcategories&post=25530"},{"taxonomy":"post_tag","embeddable":true,"href":"https:\/\/granadacostaglobal.es\/index.php?rest_route=%2Fwp%2Fv2%2Ftags&post=25530"}],"curies":[{"name":"wp","href":"https:\/\/api.w.org\/{rel}","templated":true}]}}