{"id":25526,"date":"2020-09-29T08:00:39","date_gmt":"2020-09-29T08:00:39","guid":{"rendered":"http:\/\/granadacostanacional.es\/?p=25526"},"modified":"2020-09-29T08:00:39","modified_gmt":"2020-09-29T08:00:39","slug":"libro-recomendado-2o-certamen-de-relatos-granada-costa-la-rioja","status":"publish","type":"post","link":"https:\/\/granadacostaglobal.es\/?p=25526","title":{"rendered":"Libro recomendado &#8220;2\u00ba Certamen de relatos Granada Costa &#8220;La Rioja&#8221;&#8221;"},"content":{"rendered":"<p style=\"text-align: justify;\">Podr\u00e1 leer el libro entero a trav\u00e9s de este enlace\u00a0<a href=\"http:\/\/granadacostanacional.es\/downloads\/II Certamen de Relato GRANADA COSTA LA RIOJA web.pdf\"><span style=\"color: #ff0000;\">&#8220;2\u00ba Certamen de relatos Granada Costa &#8220;La Rioja&#8221;&#8221;<\/span><\/a><\/p>\n<p style=\"text-align: justify;\"><strong>PR\u00d3LOGO<\/strong><\/p>\n<p style=\"text-align: justify;\">\u00a0\u00a0\u00a0\u00a0\u00a0\u00a0\u00a0\u00a0\u00a0\u00a0\u00a0\u00a0\u00a0 Querido lector:<\/p>\n<p style=\"text-align: justify;\">\u00a0\u00a0\u00a0\u00a0\u00a0\u00a0\u00a0\u00a0\u00a0\u00a0\u00a0\u00a0\u00a0 Me pide Isabel unas palabras para prologar su premiado relato \u201cLa Rioja\u201d en el 2\u00aa Certamen de Relatos convocado sobre este tema por el peri\u00f3dico Granada Costa del a\u00f1o que acaba de finalizar y del que ella es colaboradora asidua.<\/p>\n<p style=\"text-align: justify;\">\u00a0\u00a0\u00a0\u00a0\u00a0\u00a0\u00a0\u00a0\u00a0\u00a0\u00a0\u00a0\u00a0 De su autora, poetisa, actriz, autora teatral y artista en otros muchos campos, podr\u00eda transmitirles su gran creatividad, su f\u00e9rrea voluntad y capacidad de trabajo, pero sobre todo dir\u00eda que es una mujer completa en toda la extensi\u00f3n de la palabra pues es persona cercana, humana, sencilla, con una gran sensibilidad que refleja en su extenso poemario recopilado, en parte, en sus dos libros: \u201cAmanecer en m\u00ed\u201d (1.989) y \u201cPalabras (2.004).<\/p>\n<p style=\"text-align: justify;\">\u00a0\u00a0\u00a0\u00a0\u00a0\u00a0\u00a0\u00a0\u00a0\u00a0\u00a0\u00a0\u00a0 El Primer Premio del Certamen antes mencionado sobre La Rioja es adem\u00e1s de una narrativa rom\u00e1ntica, una descripci\u00f3n de parte de esta Comunidad de la que se ha documentado profundamente, haci\u00e9ndonos revivir sus paisajes y lugares con todo lujo de detalles, contribuyendo a crear unos momentos de lectura entra\u00f1ables.<\/p>\n<p style=\"text-align: justify;\">\u00a0\u00a0\u00a0\u00a0\u00a0\u00a0\u00a0\u00a0\u00a0\u00a0\u00a0\u00a0\u00a0 Escrito en el mismo coraz\u00f3n riojano durante un tiempo de descanso vacacional, refleja de una forma admirable la belleza y encanto que re\u00fane esta preciosa tierra y que ella sabe transmitir como nadie.<\/p>\n<p style=\"text-align: justify;\">\u00a0\u00a0\u00a0\u00a0\u00a0\u00a0\u00a0\u00a0\u00a0\u00a0\u00a0\u00a0\u00a0 Agradezco la oportunidad que se me brinda de escribir estas l\u00edneas, en las cuales expreso mi cari\u00f1o y admiraci\u00f3n hacia Isabel, dese\u00e1ndole que siga deleit\u00e1ndonos con sus creaciones y cosechando muchos m\u00e1s \u00e9xitos.<\/p>\n<p style=\"text-align: right;\">\u00a0\u00a0\u00a0\u00a0\u00a0\u00a0\u00a0\u00a0\u00a0\u00a0\u00a0\u00a0\u00a0\u00a0\u00a0\u00a0\u00a0\u00a0\u00a0\u00a0\u00a0\u00a0\u00a0\u00a0\u00a0\u00a0\u00a0\u00a0\u00a0\u00a0\u00a0\u00a0\u00a0\u00a0\u00a0\u00a0\u00a0\u00a0\u00a0\u00a0\u00a0\u00a0\u00a0\u00a0\u00a0\u00a0\u00a0\u00a0\u00a0\u00a0\u00a0\u00a0\u00a0\u00a0\u00a0\u00a0\u00a0\u00a0\u00a0\u00a0\u00a0\u00a0\u00a0\u00a0\u00a0\u00a0\u00a0\u00a0\u00a0\u00a0\u00a0\u00a0\u00a0\u00a0\u00a0\u00a0\u00a0\u00a0\u00a0\u00a0\u00a0\u00a0\u00a0 <strong><em>Valencia, enero de 2018<\/em><\/strong><\/p>\n<p style=\"text-align: right;\"><strong><em>\u00a0\u00a0\u00a0\u00a0\u00a0\u00a0\u00a0\u00a0\u00a0\u00a0\u00a0\u00a0\u00a0\u00a0\u00a0\u00a0\u00a0\u00a0\u00a0\u00a0\u00a0\u00a0\u00a0\u00a0\u00a0\u00a0\u00a0\u00a0\u00a0\u00a0\u00a0\u00a0\u00a0\u00a0\u00a0\u00a0\u00a0\u00a0\u00a0\u00a0\u00a0\u00a0\u00a0\u00a0\u00a0\u00a0\u00a0\u00a0\u00a0\u00a0\u00a0\u00a0\u00a0\u00a0\u00a0\u00a0\u00a0\u00a0\u00a0\u00a0\u00a0\u00a0\u00a0\u00a0\u00a0\u00a0\u00a0\u00a0\u00a0\u00a0\u00a0\u00a0\u00a0\u00a0\u00a0\u00a0\u00a0\u00a0\u00a0\u00a0\u00a0\u00a0\u00a0 \u00a0 Laura Orriach Navarro<\/em><\/strong><\/p>\n<p style=\"text-align: right;\"><a href=\"http:\/\/www.molvizar.es\/\"><img decoding=\"async\" loading=\"lazy\" class=\"aligncenter size-large wp-image-25392\" src=\"http:\/\/granadacostanacional.es\/wp-content\/uploads\/2020\/09\/Molv\u00edzar-web-1024x843.gif\" alt=\"Molv\u00edzar web\" width=\"1024\" height=\"843\" \/><\/a><\/p>\n","protected":false},"excerpt":{"rendered":"<p>Podr\u00e1 leer el libro entero a trav\u00e9s de este enlace\u00a0&#8220;2\u00ba Certamen de relatos Granada Costa &#8220;La Rioja&#8221;&#8221; PR\u00d3LOGO \u00a0\u00a0\u00a0\u00a0\u00a0\u00a0\u00a0\u00a0\u00a0\u00a0\u00a0\u00a0\u00a0 Querido&hellip;<\/p>\n","protected":false},"author":2,"featured_media":25528,"comment_status":"open","ping_status":"open","sticky":false,"template":"","format":"standard","meta":{"om_disable_all_campaigns":false,"_mi_skip_tracking":false,"_monsterinsights_sitenote_active":false,"_monsterinsights_sitenote_note":"","_monsterinsights_sitenote_category":0,"footnotes":""},"categories":[21,30],"tags":[],"aioseo_notices":[],"_links":{"self":[{"href":"https:\/\/granadacostaglobal.es\/index.php?rest_route=\/wp\/v2\/posts\/25526"}],"collection":[{"href":"https:\/\/granadacostaglobal.es\/index.php?rest_route=\/wp\/v2\/posts"}],"about":[{"href":"https:\/\/granadacostaglobal.es\/index.php?rest_route=\/wp\/v2\/types\/post"}],"author":[{"embeddable":true,"href":"https:\/\/granadacostaglobal.es\/index.php?rest_route=\/wp\/v2\/users\/2"}],"replies":[{"embeddable":true,"href":"https:\/\/granadacostaglobal.es\/index.php?rest_route=%2Fwp%2Fv2%2Fcomments&post=25526"}],"version-history":[{"count":0,"href":"https:\/\/granadacostaglobal.es\/index.php?rest_route=\/wp\/v2\/posts\/25526\/revisions"}],"wp:featuredmedia":[{"embeddable":true,"href":"https:\/\/granadacostaglobal.es\/index.php?rest_route=\/"}],"wp:attachment":[{"href":"https:\/\/granadacostaglobal.es\/index.php?rest_route=%2Fwp%2Fv2%2Fmedia&parent=25526"}],"wp:term":[{"taxonomy":"category","embeddable":true,"href":"https:\/\/granadacostaglobal.es\/index.php?rest_route=%2Fwp%2Fv2%2Fcategories&post=25526"},{"taxonomy":"post_tag","embeddable":true,"href":"https:\/\/granadacostaglobal.es\/index.php?rest_route=%2Fwp%2Fv2%2Ftags&post=25526"}],"curies":[{"name":"wp","href":"https:\/\/api.w.org\/{rel}","templated":true}]}}